{"id":4263,"date":"2018-04-27T13:31:05","date_gmt":"2018-04-27T16:31:05","guid":{"rendered":"https:\/\/hostnetart.com.br\/baixada\/em-dois-meses-de-intervencao-tiroteios-e-chacinas-aumentam-no-rio\/"},"modified":"2018-04-27T13:31:05","modified_gmt":"2018-04-27T16:31:05","slug":"em-dois-meses-de-intervencao-tiroteios-e-chacinas-aumentam-no-rio","status":"publish","type":"post","link":"https:\/\/hostnetart.com.br\/baixada\/em-dois-meses-de-intervencao-tiroteios-e-chacinas-aumentam-no-rio\/","title":{"rendered":"Em dois meses de interven\u00e7\u00e3o, tiroteios e chacinas aumentam no Rio"},"content":{"rendered":"<p>Sem planejamento e nem modelo de pol\u00edtica de seguran\u00e7a, sem metas a serem atingidas e sem transpar\u00eancia nos gastos, os resultados da <strong>interven\u00e7\u00e3o federal no Rio de Janeiro<\/strong>, nos \u00faltimos dois meses, n\u00e3o s\u00e3o nada animadores. Os \u00edndices de viol\u00eancia n\u00e3o s\u00f3 n\u00e3o ca\u00edram, como os n\u00fameros de casos de tiroteios vem subindo, assim como tamb\u00e9m aumentaram os casos de chacinas.\u00a0\u00c9 o que aponta o primeiro relat\u00f3rio do <a class=\"external-link\" title=\"\" href=\"http:\/\/observatoriodaintervencao.com.br\/\" target=\"_blank\" rel=\"noopener noreferrer\">Observat\u00f3rio da Interven\u00e7\u00e3o<\/a>, chamado <em><a class=\"external-link\" title=\"\" href=\"http:\/\/observatoriodaintervencao.com.br\/wp-content\/uploads\/2018\/04\/Relat%C3%B3rio-01-Observat%C3%B3rio-da-Interven%C3%A7%C3%A3o.pdf\" target=\"_blank\" rel=\"noopener noreferrer\">\u00c0 Deriva: Sem programa, sem resultado, sem rumo<\/a><\/em>, divulgado nesta quinta-feira (26) pelo\u00a0Centro de Estudos de Seguran\u00e7a e Cidadania da Universidade Candido Mendes (<a class=\"external-link\" title=\"\" href=\"https:\/\/www.ucamcesec.com.br\/\" target=\"_blank\" rel=\"noopener noreferrer\">CESeC\/Ucam<\/a>).\u00a0<\/p>\n<p>Em parceria com o <a class=\"external-link\" title=\"\" href=\"https:\/\/www.defezap.org.br\/\" target=\"_blank\" rel=\"noopener noreferrer\">DefeZap<\/a>, <a class=\"external-link\" title=\"\" href=\"http:\/\/ogocruzado.org.br\/\" target=\"_blank\" rel=\"noopener noreferrer\">Fogo Cruzado<\/a> e <a class=\"external-link\" title=\"\" href=\"http:\/\/ondetemtiroteio.com.br\/\" target=\"_blank\" rel=\"noopener noreferrer\">OTT-RJ<\/a> (aplicativos que fazem o mapeamento dos incidentes de viol\u00eancia), e tamb\u00e9m\u00a0a partir da pesquisa em jornais impressos e online, e em mais de 200 p\u00e1ginas e perfis de redes sociais, o Observat\u00f3rio monitorou 70 opera\u00e7\u00f5es, realizadas pelas for\u00e7as de seguran\u00e7a entre 16 de fevereiro e 16 de abril, que empregaram mais de 40 mil homens, deixaram 25 mortos e apreenderam 140 armas, sendo 42 fuzis.\u00a0<\/p>\n<p>Nesse mesmo per\u00edodo, foram registrados 1.502 tiroteios em todo o estado do Rio. Nos dois meses anteriores \u00e0 interven\u00e7\u00e3o, foram 1.299. Nesses dois meses, 52 pessoas foram mortas em 12 chacinas, algumas delas cometidas pelos pr\u00f3prios policiais. No mesmo per\u00edodo, em 2017, foram seis casos com m\u00faltiplas v\u00edtimas, que somaram 27 mortos.<\/p>\n<p>Uma das chacinas fez oito mortos na favela da Rocinha, na madrugada de 24 de mar\u00e7o.\u00a0O caso, cometido por policiais do Batalh\u00e3o de Choque, ocorreu dois dias ap\u00f3s a morte de um PM na comunidade.\u00a0&#8220;Aparentemente foi uma opera\u00e7\u00e3o autorizada, n\u00e3o s\u00f3 pelo comando da PM, mas pelo comando da interven\u00e7\u00e3o&#8221;, afirma a coordenadora do Observat\u00f3rio da Interven\u00e7\u00e3o, Silvia Ramos.<\/p>\n<p>Para al\u00e9m dessas opera\u00e7\u00f5es, o Instituto de Seguran\u00e7a P\u00fablica (<a class=\"external-link\" title=\"\" href=\"http:\/\/www.isp.rj.gov.br\/\" target=\"_blank\" rel=\"noopener noreferrer\">ISP<\/a>) do Rio diz que, nos meses de fevereiro e mar\u00e7o, o estado registrou 940 homic\u00eddios. Desses, 209 foram cometidos pelas for\u00e7as policiais, que tamb\u00e9m registraram 19 baixas na tropa.<\/p>\n<h3>Novos problemas<\/h3>\n<p>Frente a todos esses dados,\u00a0Silvia, que\u00a0tamb\u00e9m \u00e9 cientista social,\u00a0diz que a interven\u00e7\u00e3o &#8220;n\u00e3o veio solucionar os problemas existentes e criou novos&#8221;, como, por exemplo, o impacto da interfer\u00eancia dos militares na cena pol\u00edtica \u2013 ilustrado pelo <a class=\"internal-link\" title=\"\" href=\"http:\/\/www.redebrasilatual.com.br\/blogs\/blog-na-rede\/2018\/04\/o-tuite-do-general-villas-boas-e-a-maior-chantagem-a-justica-desde-a-ditadura\" target=\"_blank\" rel=\"noopener noreferrer\">tu\u00edte do comandante do Ex\u00e9rcito<\/a> para pressionar vota\u00e7\u00e3o no STF \u2013 e do refor\u00e7o ao discurso de que os problemas de seguran\u00e7a se resolvem com estrat\u00e9gias de guerra.\u00a0<\/p>\n<p>Durante a apresenta\u00e7\u00e3o do relat\u00f3rio, Silvia ressaltou que a interven\u00e7\u00e3o foi motivada muito mais por quest\u00f5es pol\u00edticas, do que propriamente de seguran\u00e7a. &#8220;No carnaval, o que aconteceu foi que o governo federal n\u00e3o ia conseguir aprovar a <a class=\"internal-link\" title=\"\" href=\"http:\/\/www.redebrasilatual.com.br\/politica\/2018\/02\/temer-tenta-manter-governo-vivo-e-justificar-ao-mercado-fracasso-na-previdencia\" target=\"_blank\" rel=\"noopener noreferrer\">reforma da Previd\u00eancia<\/a>. Por uma quest\u00e3o pol\u00edtica, resolveu fazer esse decreto que tem muito mais a ver com a agenda do Planalto que com a realidade do Rio de Janeiro.&#8221;<\/p>\n<p>Passados dois meses, todos os indicadores de crimes contra a vida e o patrim\u00f4nio se mantiveram nos patamares alarmantes do carnaval, segundo dados do relat\u00f3rio.\u00a0Ela diz que o estado do Rio de Janeiro j\u00e1 experimentou momentos mais agudos de criminalidade, como no fim dos anos 1990 e em 2002, quando as taxas de homic\u00eddio eram muito maiores do que as atuais, com maior n\u00famero de conflitos entre fac\u00e7\u00f5es criminosas.\u00a0<\/p>\n<p>A onda de saques no Esp\u00edrito Santo, ap\u00f3s paralisa\u00e7\u00f5es de policiais militares, em 2017, as reincidentes mortes em motins em pres\u00eddios em estados do Nordeste e os ataques do PCC em S\u00e3o Paulo, em 2006, tamb\u00e9m foram lembrados como situa\u00e7\u00f5es mais graves do que a realidade do Carnaval carioca, que serviu de pretexto e estopim para a interven\u00e7\u00e3o.\u00a0<\/p>\n<p>Ela destacou ainda que as graves ocorr\u00eancias, como os tiroteios e chacinas \u2013 bem como os outros crimes \u2013, s\u00e3o distribu\u00eddas de maneira desigual pela cidade, com concentra\u00e7\u00f5es muito maiores na Baixada Fluminense do que na orla da zona sul do Rio, ou at\u00e9 mesmo que nas favelas da capital.<\/p>\n<p>\u00a0<\/p>\n<p><span style=\"text-decoration: underline;\"><em><strong>FONTE: Rede Brasil Atual<\/strong><\/em><\/span><\/p>\n","protected":false},"excerpt":{"rendered":"<p>Sem planejamento e nem modelo de pol\u00edtica de seguran\u00e7a, sem metas a serem atingidas e sem transpar\u00eancia nos gastos, os resultados da interven\u00e7\u00e3o federal no Rio de Janeiro, nos \u00faltimos dois meses, n\u00e3o s\u00e3o nada animadores. Os \u00edndices de viol\u00eancia n\u00e3o s\u00f3 n\u00e3o ca\u00edram, como os n\u00fameros de casos de tiroteios vem subindo, assim como [&hellip;]<\/p>\n","protected":false},"author":2,"featured_media":4262,"comment_status":"","ping_status":"","sticky":false,"template":"","format":"standard","meta":{"footnotes":""},"categories":[3],"tags":[],"class_list":["post-4263","post","type-post","status-publish","format-standard","has-post-thumbnail","hentry","category-noticias"],"_links":{"self":[{"href":"https:\/\/hostnetart.com.br\/baixada\/wp-json\/wp\/v2\/posts\/4263","targetHints":{"allow":["GET"]}}],"collection":[{"href":"https:\/\/hostnetart.com.br\/baixada\/wp-json\/wp\/v2\/posts"}],"about":[{"href":"https:\/\/hostnetart.com.br\/baixada\/wp-json\/wp\/v2\/types\/post"}],"author":[{"embeddable":true,"href":"https:\/\/hostnetart.com.br\/baixada\/wp-json\/wp\/v2\/users\/2"}],"replies":[{"embeddable":true,"href":"https:\/\/hostnetart.com.br\/baixada\/wp-json\/wp\/v2\/comments?post=4263"}],"version-history":[{"count":0,"href":"https:\/\/hostnetart.com.br\/baixada\/wp-json\/wp\/v2\/posts\/4263\/revisions"}],"wp:featuredmedia":[{"embeddable":true,"href":"https:\/\/hostnetart.com.br\/baixada\/wp-json\/wp\/v2\/media\/4262"}],"wp:attachment":[{"href":"https:\/\/hostnetart.com.br\/baixada\/wp-json\/wp\/v2\/media?parent=4263"}],"wp:term":[{"taxonomy":"category","embeddable":true,"href":"https:\/\/hostnetart.com.br\/baixada\/wp-json\/wp\/v2\/categories?post=4263"},{"taxonomy":"post_tag","embeddable":true,"href":"https:\/\/hostnetart.com.br\/baixada\/wp-json\/wp\/v2\/tags?post=4263"}],"curies":[{"name":"wp","href":"https:\/\/api.w.org\/{rel}","templated":true}]}}