{"id":4241,"date":"2018-04-25T01:49:33","date_gmt":"2018-04-25T04:49:33","guid":{"rendered":"https:\/\/hostnetart.com.br\/baixada\/projeto-de-lei-que-autoriza-a-abertura-dos-bancos-aos-sabados-e-retirado-da-pauta\/"},"modified":"2018-04-25T01:49:33","modified_gmt":"2018-04-25T04:49:33","slug":"projeto-de-lei-que-autoriza-a-abertura-dos-bancos-aos-sabados-e-retirado-da-pauta","status":"publish","type":"post","link":"https:\/\/hostnetart.com.br\/baixada\/projeto-de-lei-que-autoriza-a-abertura-dos-bancos-aos-sabados-e-retirado-da-pauta\/","title":{"rendered":"Projeto de Lei que autoriza a abertura dos bancos aos s\u00e1bados \u00e9 retirado da pauta"},"content":{"rendered":"<div class=\"content\">\n<p>O <a href=\"https:\/\/legis.senado.leg.br\/sdleg-getter\/documento?dm=5363365&amp;disposition=inline\">Projeto de Lei do Senado (PLS) 203\/2017<\/a>, de autoria do senador Roberto Muniz (PP-BA), que autoriza a abertura dos bancos aos s\u00e1bados, foi retirado da pauta\u00a0na Comiss\u00e3o de Assuntos Econ\u00f4micos (CAE), nesta ter\u00e7a-feira (24).<\/p>\n<p>De acordo com Jeferson Meira, secret\u00e1rio de Rela\u00e7\u00f5es do Trabalho da Contraf-CUT, o projeto queria revogar uma lei conquistada pelos trabalhadores em 1962. \u201cA jornada de trabalho de seis horas e o descanso semanal remunerado aos s\u00e1bados e domingos \u00e9 uma conquista da categoria banc\u00e1ria. O movimento sindical sempre foi a favor da abertura em hor\u00e1rio estendido, durante a semana, das 9h \u00e0s 17h, desde que em dois turnos, e aliado a contrata\u00e7\u00f5es, o que n\u00e3o \u00e9 o que est\u00e1 acontecendo devido ao avan\u00e7o digital\u201d, explicou.<\/p>\n<p>Jeferson disse ainda que o projeto impacta diretamente na seguran\u00e7a dos banc\u00e1rios, clientes e usu\u00e1rios. \u201cTeremos um aumento do risco devido a moderada circula\u00e7\u00e3o de pessoas e abertura reduzida e parcial de outros com\u00e9rcios no s\u00e1bado.\u201d<\/p>\n<p>Para evitar a retirada de mais essa conquista da categoria, a Contraf-CUT visitou o gabinete do senador Oto Alencar (PSD\/BA), relator do projeto, na segunda-feira (23), para debater sobre a proposta. Ap\u00f3s conversa, o parlamentar assumiu o compromisso de retirar de pauta o projeto. \u00a0\u201cO projeto representa mais uma amea\u00e7a aos trabalhadores e um retrocesso que deve ser impedido. Chega a ser uma afronta aos banc\u00e1rios, que enfrentam grandes transtornos com a sobrecarga de trabalho, as p\u00e9ssimas condi\u00e7\u00f5es de trabalho, situa\u00e7\u00f5es de ass\u00e9dios e adoecimento\u201d, alertou Jefferson.<\/p>\n<p>O movimento sindical enviou um requerimento para a realiza\u00e7\u00e3o de uma audi\u00eancia p\u00fablica para que a proposta seja discutida com a popula\u00e7\u00e3o. \u201c\u00c9 muito importante que todos saibam como essa proposta ir\u00e1 impactar na vida dos trabalhadores. Este projeto foi apresentado sem antes ter ocorrido uma discuss\u00e3o com a sociedade e com os banc\u00e1rios\u201d, finalizou.<\/p>\n<p><strong>Para saber mais:<br \/><a href=\"https:\/\/www.bcb.gov.br\/pre\/normativos\/busca\/downloadNormativo.asp?arquivo=\/Lists\/Normativos\/Attachments\/46961\/Res_2932_v3_L.pdf\" target=\"_blank\" rel=\"noopener noreferrer\"><ins>Resolu\u00e7\u00e3o 2932\/2002 do Banco Central<\/ins><\/a><br \/><ins><a href=\"http:\/\/www.planalto.gov.br\/ccivil_03\/leis\/L4595.htm\" target=\"_blank\" rel=\"noopener noreferrer\">Lei 4595\/1964<\/a><br \/><a href=\"http:\/\/www.planalto.gov.br\/ccivil_03\/leis\/L4178.htm\" target=\"_blank\" rel=\"noopener noreferrer\">Lei 4178\/1962<\/a><\/ins><\/strong><\/p>\n<\/div>\n<p id=\"page-author\"><span style=\"text-decoration: underline;\"><em><strong>Fonte: Contraf-CUT<\/strong><\/em><\/span><\/p>\n","protected":false},"excerpt":{"rendered":"<p>O Projeto de Lei do Senado (PLS) 203\/2017, de autoria do senador Roberto Muniz (PP-BA), que autoriza a abertura dos bancos aos s\u00e1bados, foi retirado da pauta\u00a0na Comiss\u00e3o de Assuntos Econ\u00f4micos (CAE), nesta ter\u00e7a-feira (24). De acordo com Jeferson Meira, secret\u00e1rio de Rela\u00e7\u00f5es do Trabalho da Contraf-CUT, o projeto queria revogar uma lei conquistada pelos [&hellip;]<\/p>\n","protected":false},"author":2,"featured_media":4240,"comment_status":"","ping_status":"","sticky":false,"template":"","format":"standard","meta":{"footnotes":""},"categories":[3],"tags":[],"class_list":["post-4241","post","type-post","status-publish","format-standard","has-post-thumbnail","hentry","category-noticias"],"_links":{"self":[{"href":"https:\/\/hostnetart.com.br\/baixada\/wp-json\/wp\/v2\/posts\/4241","targetHints":{"allow":["GET"]}}],"collection":[{"href":"https:\/\/hostnetart.com.br\/baixada\/wp-json\/wp\/v2\/posts"}],"about":[{"href":"https:\/\/hostnetart.com.br\/baixada\/wp-json\/wp\/v2\/types\/post"}],"author":[{"embeddable":true,"href":"https:\/\/hostnetart.com.br\/baixada\/wp-json\/wp\/v2\/users\/2"}],"replies":[{"embeddable":true,"href":"https:\/\/hostnetart.com.br\/baixada\/wp-json\/wp\/v2\/comments?post=4241"}],"version-history":[{"count":0,"href":"https:\/\/hostnetart.com.br\/baixada\/wp-json\/wp\/v2\/posts\/4241\/revisions"}],"wp:featuredmedia":[{"embeddable":true,"href":"https:\/\/hostnetart.com.br\/baixada\/wp-json\/wp\/v2\/media\/4240"}],"wp:attachment":[{"href":"https:\/\/hostnetart.com.br\/baixada\/wp-json\/wp\/v2\/media?parent=4241"}],"wp:term":[{"taxonomy":"category","embeddable":true,"href":"https:\/\/hostnetart.com.br\/baixada\/wp-json\/wp\/v2\/categories?post=4241"},{"taxonomy":"post_tag","embeddable":true,"href":"https:\/\/hostnetart.com.br\/baixada\/wp-json\/wp\/v2\/tags?post=4241"}],"curies":[{"name":"wp","href":"https:\/\/api.w.org\/{rel}","templated":true}]}}