{"id":4239,"date":"2018-04-25T01:48:19","date_gmt":"2018-04-25T04:48:19","guid":{"rendered":"https:\/\/hostnetart.com.br\/baixada\/sem-medida-provisoria-para-reparar-lei-trabalhista-desmonte-fica-oficializado\/"},"modified":"2018-04-25T01:48:19","modified_gmt":"2018-04-25T04:48:19","slug":"sem-medida-provisoria-para-reparar-lei-trabalhista-desmonte-fica-oficializado","status":"publish","type":"post","link":"https:\/\/hostnetart.com.br\/baixada\/sem-medida-provisoria-para-reparar-lei-trabalhista-desmonte-fica-oficializado\/","title":{"rendered":"Sem medida provis\u00f3ria para reparar lei trabalhista, desmonte fica oficializado"},"content":{"rendered":"<div class=\"content\">\n<p>A Medida Provis\u00f3ria (MP) 808, que alterava itens da Lei 13.467, da &#8220;reforma&#8221; trabalhista,\u00a0<a href=\"http:\/\/www.redebrasilatual.com.br\/trabalho\/2018\/04\/era-uma-vez-uma-mp-a-nova-lei-trabalhista-nao-vai-mudar\" target=\"_blank\" rel=\"noopener noreferrer\">perdeu validade nesta segunda-feira (23)<\/a>, por absoluto desinteresse da C\u00e2mara dos Deputados e nenhum empenho do governo, apesar de promessa feita durante a tramita\u00e7\u00e3o do projeto, aprovado em 2017.<\/p>\n<p>Com isso, fica valendo a lei na \u00edntegra, inclusive com pontos criticados por governistas, como o trabalho intermitente sem amarras, a possibilidade de mulheres e gestantes atuarem em locais insalubres e a jornada 12&#215;36 apenas por acordo individual.<\/p>\n<p>Durante a tramita\u00e7\u00e3o do texto no Senado, o governo acenou com uma medida provis\u00f3ria, que &#8220;corrigiria&#8221; algumas partes criticadas, para que o projeto original n\u00e3o tivesse de voltar para a C\u00e2mara, retardando a sua aprova\u00e7\u00e3o. O Senado abriu m\u00e3o de legislar e aceitou aprovar o texto na \u00edntegra. A MP saiu, mas a comiss\u00e3o especial mista criada para apreci\u00e1-la nunca se reuniu. O presidente eleito renunciou, e n\u00e3o foi escolhido relator. Esquecida, caducou.\u00a0Na C\u00e2mara, deputados afirmaram que o &#8220;acordo&#8221; envolvia apenas Executivo e Senado.<\/p>\n<p>Para o presidente da Associa\u00e7\u00e3o Nacional dos Magistrados da Justi\u00e7a do Trabalho (Anamatra), Guilherme Feliciano, sem a MP se amplia a inseguran\u00e7a jur\u00eddica trazida pela lei. &#8220;A caducidade da MP por decurso de prazo representa claro descaso para com a preserva\u00e7\u00e3o do patrim\u00f4nio jur\u00eddico social legado pela Constitui\u00e7\u00e3o Federal de 1988 e confirma o ep\u00edlogo funesto do processo de desconstru\u00e7\u00e3o do Estado Social, que segue caminhando, agora com bra\u00e7os abertos para a pr\u00f3pria tese do \u2018enxugamento\u2019 da Justi\u00e7a do Trabalho, que j\u00e1 volta a ser entoado por parte da grande m\u00eddia.&#8221;<\/p>\n<p>Na semana passada, circulou a informa\u00e7\u00e3o de que o governo agora editaria um decreto, em vez de medida provis\u00f3ria, para regulamentar a &#8220;reforma&#8217;. Segundo a Casa Civil, n\u00e3o haveria prazo para que isso acontecesse.<\/p>\n<p>Um dos itens pol\u00eamicos da Lei 13.467 refere-se ao trabalho de gestantes e lactantes em locais considerados insalubres. Pela MP, elas n\u00e3o poderiam trabalhar nesses lugares, a n\u00e3o ser que liberadas por um atestado m\u00e9dico. Agora podem, em \u00e1reas de insalubridade m\u00ednima ou m\u00e9dia, e precisam do atestado para serem afastadas.\u00a0<\/p>\n<p>No caso do trabalho intermitente, a medida previa uma &#8220;quarentena&#8221; de 18 meses para que uma empresa n\u00e3o demitisse um funcion\u00e1rio e o recontratasse em seguida, nessa nova modalidade. Agora, o empregador pode adotar essa pr\u00e1tica, se quiser.\u00a0<\/p>\n<\/div>\n<p id=\"page-author\"><strong>Fonte: Rede Brasil Atual<\/strong><\/p>\n","protected":false},"excerpt":{"rendered":"<p>A Medida Provis\u00f3ria (MP) 808, que alterava itens da Lei 13.467, da &#8220;reforma&#8221; trabalhista,\u00a0perdeu validade nesta segunda-feira (23), por absoluto desinteresse da C\u00e2mara dos Deputados e nenhum empenho do governo, apesar de promessa feita durante a tramita\u00e7\u00e3o do projeto, aprovado em 2017. Com isso, fica valendo a lei na \u00edntegra, inclusive com pontos criticados por [&hellip;]<\/p>\n","protected":false},"author":2,"featured_media":4238,"comment_status":"","ping_status":"","sticky":false,"template":"","format":"standard","meta":{"footnotes":""},"categories":[3],"tags":[],"class_list":["post-4239","post","type-post","status-publish","format-standard","has-post-thumbnail","hentry","category-noticias"],"_links":{"self":[{"href":"https:\/\/hostnetart.com.br\/baixada\/wp-json\/wp\/v2\/posts\/4239","targetHints":{"allow":["GET"]}}],"collection":[{"href":"https:\/\/hostnetart.com.br\/baixada\/wp-json\/wp\/v2\/posts"}],"about":[{"href":"https:\/\/hostnetart.com.br\/baixada\/wp-json\/wp\/v2\/types\/post"}],"author":[{"embeddable":true,"href":"https:\/\/hostnetart.com.br\/baixada\/wp-json\/wp\/v2\/users\/2"}],"replies":[{"embeddable":true,"href":"https:\/\/hostnetart.com.br\/baixada\/wp-json\/wp\/v2\/comments?post=4239"}],"version-history":[{"count":0,"href":"https:\/\/hostnetart.com.br\/baixada\/wp-json\/wp\/v2\/posts\/4239\/revisions"}],"wp:featuredmedia":[{"embeddable":true,"href":"https:\/\/hostnetart.com.br\/baixada\/wp-json\/wp\/v2\/media\/4238"}],"wp:attachment":[{"href":"https:\/\/hostnetart.com.br\/baixada\/wp-json\/wp\/v2\/media?parent=4239"}],"wp:term":[{"taxonomy":"category","embeddable":true,"href":"https:\/\/hostnetart.com.br\/baixada\/wp-json\/wp\/v2\/categories?post=4239"},{"taxonomy":"post_tag","embeddable":true,"href":"https:\/\/hostnetart.com.br\/baixada\/wp-json\/wp\/v2\/tags?post=4239"}],"curies":[{"name":"wp","href":"https:\/\/api.w.org\/{rel}","templated":true}]}}