{"id":4235,"date":"2018-04-20T13:09:24","date_gmt":"2018-04-20T16:09:24","guid":{"rendered":"https:\/\/hostnetart.com.br\/baixada\/reforma-trabalhista-de-temer-aumenta-desemprego-e-precariza-o-trabalho\/"},"modified":"2018-04-20T13:09:24","modified_gmt":"2018-04-20T16:09:24","slug":"reforma-trabalhista-de-temer-aumenta-desemprego-e-precariza-o-trabalho","status":"publish","type":"post","link":"https:\/\/hostnetart.com.br\/baixada\/reforma-trabalhista-de-temer-aumenta-desemprego-e-precariza-o-trabalho\/","title":{"rendered":"Reforma trabalhista de Temer aumenta desemprego e precariza o trabalho"},"content":{"rendered":"<div class=\"content\">\n<p>Passados dois anos desde o golpe que derrubou a ex-presidenta Dilma Rousseff, sob o argumento das \u201cpedaladas fiscais\u201d, a crise no pa\u00eds aumentou. Na \u00e9poca, o senador A\u00e9cio Neves (PSDB-MG), agora processado por corrup\u00e7\u00e3o, mostrava indigna\u00e7\u00e3o com os 10 milh\u00f5es de desempregados, segundo ele, \u201cv\u00edtimas da pol\u00edtica econ\u00f4mica\u201d. Mas, \u00e0s v\u00e9speras do Dia do Trabalhador, em 1\u00ba de maio de 2018, o desemprego cresceu e j\u00e1 supera os 13 milh\u00f5es.<\/p>\n<p>Com Temer, o Brasil perdeu 1,4 milh\u00e3o de postos de trabalho formais, segundo o Instituto Brasileiro de Geografia e Estat\u00edstica (IBGE). A pol\u00edtica econ\u00f4mica recessiva e a reforma trabalhista aceleraram este processo. Apesar do governo e a m\u00eddia, sua aliada, repetirem exaustivamente que o pa\u00eds est\u00e1 retomando o crescimento, os n\u00fameros mostram o contr\u00e1rio: no trimestre de abril de 2016 eram 11,411 milh\u00f5es de desempregados, conforme a Pesquisa Nacional por Amostra de Domic\u00edlios (Pnad) do IBGE. Em dezembro passado, ap\u00f3s a reforma trabalhista aprovada como uma solu\u00e7\u00e3o, esse n\u00famero cresceu para 12,311 milh\u00f5es. Em fevereiro \u00faltimo, passou para 13,121 milh\u00f5es.<\/p>\n<p>Para a presidenta do Sindicato, Adriana Nalesso, a pol\u00edtica econ\u00f4mica do governo golpista de Temer fracassou principalmente no que se refere a empregos. \u201c\u00c9 importante destacar que o IBGE considera ocupado uma pessoa que faz um \u2018bico\u2019, que n\u00e3o necessariamente est\u00e1 empregada com carteira assinada e assegurados seus direitos\u201d, argumentou.<\/p>\n<p>Com as altera\u00e7\u00f5es das regras trabalhistas e o aumento da crise, cresceu o total de trabalhadores sem carteira assinada, passando de 9,953 milh\u00f5es no trimestre encerrado em abril de 2016 para 10,761 milh\u00f5es em fevereiro \u00faltimo, um pouco menos do que em dezembro (11,115 milh\u00f5es). Como forma de fugir do desemprego crescente, os trabalhadores por conta pr\u00f3pria passaram de 22,980 milh\u00f5es para 23,198 milh\u00f5es em dezembro de 2017 e 23,135 milh\u00f5es em fevereiro de 2018.<\/p>\n<p>Houve um pequeno crescimento do emprego formal nos \u00faltimos meses. Mas devido \u00e0 alta rotatividade e a substitui\u00e7\u00e3o dos demitidos por empregados com menor sal\u00e1rio. Segundo o Caged, o sal\u00e1rio m\u00e9dio dos admitidos em fevereiro foi de R$ 1.502,68, enquanto o dos demitidos era de R$ 1.662,95.<\/p>\n<p>Adriana lembrou que a nova legisla\u00e7\u00e3o permite sete novos tipos de contrata\u00e7\u00f5es, entre eles, o trabalho intermitente, a \u2018pejotiza\u00e7ao\u2019 e a terceiriza\u00e7\u00e3o, que s\u00e3o formas de contrata\u00e7\u00e3o prec\u00e1ria, em que o trabalhador na maioria das vezes tem uma remunera\u00e7\u00e3o muito menor, al\u00e9m de perdas de direitos. Os empregos gerados s\u00e3o prec\u00e1rios, sem seguran\u00e7a, privilegiando os patr\u00f5es. \u201cMuitas empresas est\u00e3o utilizando, por exemplo, o contratado intermitente, cujo valor da hora m\u00ednima estabelecida \u00e9 de R$ 4,45. \u00c9 a volta da escravid\u00e3o, um absurdo\u201d, criticou.<\/p>\n<\/div>\n<p id=\"page-author\"><span style=\"text-decoration: underline;\"><em><strong>Fonte: Seeb\/Rio de Janeiro<\/strong><\/em><\/span><\/p>\n","protected":false},"excerpt":{"rendered":"<p>Passados dois anos desde o golpe que derrubou a ex-presidenta Dilma Rousseff, sob o argumento das \u201cpedaladas fiscais\u201d, a crise no pa\u00eds aumentou. Na \u00e9poca, o senador A\u00e9cio Neves (PSDB-MG), agora processado por corrup\u00e7\u00e3o, mostrava indigna\u00e7\u00e3o com os 10 milh\u00f5es de desempregados, segundo ele, \u201cv\u00edtimas da pol\u00edtica econ\u00f4mica\u201d. Mas, \u00e0s v\u00e9speras do Dia do Trabalhador, [&hellip;]<\/p>\n","protected":false},"author":2,"featured_media":4234,"comment_status":"","ping_status":"","sticky":false,"template":"","format":"standard","meta":{"footnotes":""},"categories":[3],"tags":[],"class_list":["post-4235","post","type-post","status-publish","format-standard","has-post-thumbnail","hentry","category-noticias"],"_links":{"self":[{"href":"https:\/\/hostnetart.com.br\/baixada\/wp-json\/wp\/v2\/posts\/4235","targetHints":{"allow":["GET"]}}],"collection":[{"href":"https:\/\/hostnetart.com.br\/baixada\/wp-json\/wp\/v2\/posts"}],"about":[{"href":"https:\/\/hostnetart.com.br\/baixada\/wp-json\/wp\/v2\/types\/post"}],"author":[{"embeddable":true,"href":"https:\/\/hostnetart.com.br\/baixada\/wp-json\/wp\/v2\/users\/2"}],"replies":[{"embeddable":true,"href":"https:\/\/hostnetart.com.br\/baixada\/wp-json\/wp\/v2\/comments?post=4235"}],"version-history":[{"count":0,"href":"https:\/\/hostnetart.com.br\/baixada\/wp-json\/wp\/v2\/posts\/4235\/revisions"}],"wp:featuredmedia":[{"embeddable":true,"href":"https:\/\/hostnetart.com.br\/baixada\/wp-json\/wp\/v2\/media\/4234"}],"wp:attachment":[{"href":"https:\/\/hostnetart.com.br\/baixada\/wp-json\/wp\/v2\/media?parent=4235"}],"wp:term":[{"taxonomy":"category","embeddable":true,"href":"https:\/\/hostnetart.com.br\/baixada\/wp-json\/wp\/v2\/categories?post=4235"},{"taxonomy":"post_tag","embeddable":true,"href":"https:\/\/hostnetart.com.br\/baixada\/wp-json\/wp\/v2\/tags?post=4235"}],"curies":[{"name":"wp","href":"https:\/\/api.w.org\/{rel}","templated":true}]}}