{"id":4223,"date":"2018-04-19T19:59:20","date_gmt":"2018-04-19T22:59:20","guid":{"rendered":"https:\/\/hostnetart.com.br\/baixada\/comite-executivo-do-itau-aprova-pagamento-de-ppr-para-funcionarias-em-licenca-maternidade\/"},"modified":"2018-04-19T19:59:20","modified_gmt":"2018-04-19T22:59:20","slug":"comite-executivo-do-itau-aprova-pagamento-de-ppr-para-funcionarias-em-licenca-maternidade","status":"publish","type":"post","link":"https:\/\/hostnetart.com.br\/baixada\/comite-executivo-do-itau-aprova-pagamento-de-ppr-para-funcionarias-em-licenca-maternidade\/","title":{"rendered":"Comit\u00ea Executivo do Ita\u00fa aprova pagamento de PPR para funcion\u00e1rias em licen\u00e7a-maternidade"},"content":{"rendered":"<div class=\"content\">\n<p>O Comit\u00ea Executivo do Banco Ita\u00fa aprovou, nesta semana, duas medidas para garantir o direito de pagamento do Programa Pr\u00f3prio de Remunera\u00e7\u00e3o (PPR) para funcion\u00e1rias em licen\u00e7a-maternidade. As novas a\u00e7\u00f5es ajustam pontos que impactavam as mulheres e sua ascens\u00e3o profissional.<\/p>\n<p>Com a decis\u00e3o, as colaboradoras participantes do PPR, que estiveram em licen\u00e7a-maternidade, ter\u00e3o suas avalia\u00e7\u00f5es de performance realizadas com base apenas no per\u00edodo trabalhado, sem que sua posi\u00e7\u00e3o seja contabilizada para a curva for\u00e7ada.<\/p>\n<p>Desta forma, o pagamento dever\u00e1 ocorrer de forma integral e n\u00e3o mais proporcional.<\/p>\n<p>De acordo com Jair Alves, coordenador da Comiss\u00e3o dos Empregados do Ita\u00fa, a Contraf-CUT h\u00e1 muito tempo cobra uma posi\u00e7\u00e3o do banco sobre essas medidas meritocratas que existem dentro dos programas. \u00a0\u201cAcreditamos que esse direito deve ser estendido n\u00e3o s\u00f3 para as funcion\u00e1rias em licen\u00e7a-maternidade, mas tamb\u00e9m a todos os trabalhadores que estiverem afastados\u201d, afirmou.<\/p>\n<p>As novas a\u00e7\u00f5es j\u00e1 come\u00e7am a valer no per\u00edodo de 2018.<\/p>\n<\/div>\n<p id=\"page-author\"><strong>Fonte: Contraf-CUT<\/strong><\/p>\n","protected":false},"excerpt":{"rendered":"<p>O Comit\u00ea Executivo do Banco Ita\u00fa aprovou, nesta semana, duas medidas para garantir o direito de pagamento do Programa Pr\u00f3prio de Remunera\u00e7\u00e3o (PPR) para funcion\u00e1rias em licen\u00e7a-maternidade. As novas a\u00e7\u00f5es ajustam pontos que impactavam as mulheres e sua ascens\u00e3o profissional. Com a decis\u00e3o, as colaboradoras participantes do PPR, que estiveram em licen\u00e7a-maternidade, ter\u00e3o suas avalia\u00e7\u00f5es [&hellip;]<\/p>\n","protected":false},"author":2,"featured_media":4222,"comment_status":"","ping_status":"","sticky":false,"template":"","format":"standard","meta":{"footnotes":""},"categories":[3],"tags":[],"class_list":["post-4223","post","type-post","status-publish","format-standard","has-post-thumbnail","hentry","category-noticias"],"_links":{"self":[{"href":"https:\/\/hostnetart.com.br\/baixada\/wp-json\/wp\/v2\/posts\/4223","targetHints":{"allow":["GET"]}}],"collection":[{"href":"https:\/\/hostnetart.com.br\/baixada\/wp-json\/wp\/v2\/posts"}],"about":[{"href":"https:\/\/hostnetart.com.br\/baixada\/wp-json\/wp\/v2\/types\/post"}],"author":[{"embeddable":true,"href":"https:\/\/hostnetart.com.br\/baixada\/wp-json\/wp\/v2\/users\/2"}],"replies":[{"embeddable":true,"href":"https:\/\/hostnetart.com.br\/baixada\/wp-json\/wp\/v2\/comments?post=4223"}],"version-history":[{"count":0,"href":"https:\/\/hostnetart.com.br\/baixada\/wp-json\/wp\/v2\/posts\/4223\/revisions"}],"wp:featuredmedia":[{"embeddable":true,"href":"https:\/\/hostnetart.com.br\/baixada\/wp-json\/wp\/v2\/media\/4222"}],"wp:attachment":[{"href":"https:\/\/hostnetart.com.br\/baixada\/wp-json\/wp\/v2\/media?parent=4223"}],"wp:term":[{"taxonomy":"category","embeddable":true,"href":"https:\/\/hostnetart.com.br\/baixada\/wp-json\/wp\/v2\/categories?post=4223"},{"taxonomy":"post_tag","embeddable":true,"href":"https:\/\/hostnetart.com.br\/baixada\/wp-json\/wp\/v2\/tags?post=4223"}],"curies":[{"name":"wp","href":"https:\/\/api.w.org\/{rel}","templated":true}]}}