{"id":4221,"date":"2018-04-19T19:57:55","date_gmt":"2018-04-19T22:57:55","guid":{"rendered":"https:\/\/hostnetart.com.br\/baixada\/coe-itau-discute-emprego-com-o-banco\/"},"modified":"2018-04-19T19:57:55","modified_gmt":"2018-04-19T22:57:55","slug":"coe-itau-discute-emprego-com-o-banco","status":"publish","type":"post","link":"https:\/\/hostnetart.com.br\/baixada\/coe-itau-discute-emprego-com-o-banco\/","title":{"rendered":"COE Ita\u00fa discute emprego com o banco"},"content":{"rendered":"<div class=\"content\">\n<p>A Comiss\u00e3o de Organiza\u00e7\u00e3o dos Empregados (COE) do Ita\u00fa se reuniu com o banco, na segunda-feira (18), para discutir a manuten\u00e7\u00e3o do emprego dos 80 funcion\u00e1rios excedentes em Salvador (BA), que trabalhavam na central de atendimento do Citibank. &#8220;Nosso olhar imediato \u00e9 com as consequ\u00eancias da incorpora\u00e7\u00e3o do Citibank, em espec\u00edfico com os 80 funcion\u00e1rios que o banco alega como sendo excedente em Salvador&#8221;, explicou Jair Alves, coordenador da COE Ita\u00fa.<\/p>\n<p>Para solucionar o problema, foi criado um Grupo de Trabalho, semelhante ao Grupo de Trabalho (GT) de Sa\u00fade, para discutir a quest\u00e3o do emprego (demiss\u00f5es e contrata\u00e7\u00e3o), da realoca\u00e7\u00e3o e requalifica\u00e7\u00e3o.<\/p>\n<p>A reuni\u00e3o tamb\u00e9m debateu os avan\u00e7os para o Programa de Oportunidade de Carreira (POC). O Banco revelou que aprimorou o sistema e agora \u00e9 poss\u00edvel segmentar a busca de vagas dispon\u00edveis por estado, cidade e regi\u00e3o.<\/p>\n<p>GT de Sa\u00fade<\/p>\n<p>Antes do encontro com o COE, o banco se reuniu com o GT de Sa\u00fade e aceitou avaliar o limite do desconto das d\u00edvidas referentes ao adiantamento de sal\u00e1rio dos casos de afastamento por quest\u00e3o de sa\u00fade, com o limite em 30% dos sal\u00e1rios e em 50% da PLR. Mas, n\u00e3o \u00e9 poss\u00edvel ainda divulgar que o banco aceitou isso, pois foi aceito na mesa, mas isso ser\u00e1 levado para o banco validar e depois ter\u00e1 que ser assinado um termo.<\/p>\n<p>Outro ponto debatido foi o retorno ao trabalho ap\u00f3s alta. O banco n\u00e3o aceita incorporar no acordo a clausula de estabilidade, ponto fundamental para os representantes dos trabalhadores. Eles pedem ainda a exclus\u00e3o do processo de avalia\u00e7\u00e3o enquanto o banc\u00e1rio estiver no programa de readapta\u00e7\u00e3o.<\/p>\n<\/div>\n<p id=\"page-author\"><strong>Fonte: Contraf-CUT<\/strong><\/p>\n","protected":false},"excerpt":{"rendered":"<p>A Comiss\u00e3o de Organiza\u00e7\u00e3o dos Empregados (COE) do Ita\u00fa se reuniu com o banco, na segunda-feira (18), para discutir a manuten\u00e7\u00e3o do emprego dos 80 funcion\u00e1rios excedentes em Salvador (BA), que trabalhavam na central de atendimento do Citibank. &#8220;Nosso olhar imediato \u00e9 com as consequ\u00eancias da incorpora\u00e7\u00e3o do Citibank, em espec\u00edfico com os 80 funcion\u00e1rios [&hellip;]<\/p>\n","protected":false},"author":2,"featured_media":4220,"comment_status":"","ping_status":"","sticky":false,"template":"","format":"standard","meta":{"footnotes":""},"categories":[3],"tags":[],"class_list":["post-4221","post","type-post","status-publish","format-standard","has-post-thumbnail","hentry","category-noticias"],"_links":{"self":[{"href":"https:\/\/hostnetart.com.br\/baixada\/wp-json\/wp\/v2\/posts\/4221","targetHints":{"allow":["GET"]}}],"collection":[{"href":"https:\/\/hostnetart.com.br\/baixada\/wp-json\/wp\/v2\/posts"}],"about":[{"href":"https:\/\/hostnetart.com.br\/baixada\/wp-json\/wp\/v2\/types\/post"}],"author":[{"embeddable":true,"href":"https:\/\/hostnetart.com.br\/baixada\/wp-json\/wp\/v2\/users\/2"}],"replies":[{"embeddable":true,"href":"https:\/\/hostnetart.com.br\/baixada\/wp-json\/wp\/v2\/comments?post=4221"}],"version-history":[{"count":0,"href":"https:\/\/hostnetart.com.br\/baixada\/wp-json\/wp\/v2\/posts\/4221\/revisions"}],"wp:featuredmedia":[{"embeddable":true,"href":"https:\/\/hostnetart.com.br\/baixada\/wp-json\/wp\/v2\/media\/4220"}],"wp:attachment":[{"href":"https:\/\/hostnetart.com.br\/baixada\/wp-json\/wp\/v2\/media?parent=4221"}],"wp:term":[{"taxonomy":"category","embeddable":true,"href":"https:\/\/hostnetart.com.br\/baixada\/wp-json\/wp\/v2\/categories?post=4221"},{"taxonomy":"post_tag","embeddable":true,"href":"https:\/\/hostnetart.com.br\/baixada\/wp-json\/wp\/v2\/tags?post=4221"}],"curies":[{"name":"wp","href":"https:\/\/api.w.org\/{rel}","templated":true}]}}