{"id":4217,"date":"2018-04-18T22:20:49","date_gmt":"2018-04-19T01:20:49","guid":{"rendered":"https:\/\/hostnetart.com.br\/baixada\/federacao-de-planos-de-saude-apresenta-proposta-que-decreta-o-fim-do-sus\/"},"modified":"2018-04-18T22:20:49","modified_gmt":"2018-04-19T01:20:49","slug":"federacao-de-planos-de-saude-apresenta-proposta-que-decreta-o-fim-do-sus","status":"publish","type":"post","link":"https:\/\/hostnetart.com.br\/baixada\/federacao-de-planos-de-saude-apresenta-proposta-que-decreta-o-fim-do-sus\/","title":{"rendered":"Federa\u00e7\u00e3o de planos de sa\u00fade apresenta proposta que decreta o fim do SUS"},"content":{"rendered":"<div class=\"content\">\n<p>O Sistema \u00danico de Sa\u00fade (SUS) completa 30 anos em 2018, mas seu futuro \u00e9 incerto diante de projeto defendido pelas empresas, por meio da Federa\u00e7\u00e3o Brasileira de Planos de Sa\u00fade (Febraplan). O novo sistema foi apresentado no 1\u00ba F\u00f3rum Brasil \u2013 Agenda Sa\u00fade, na \u00faltima semana. Segundo o projeto, em 2038 apenas 50% da popula\u00e7\u00e3o ter\u00e1 acesso ao SUS, e o sistema seria privatizado.<\/p>\n<p>Ainda de acordo com a federa\u00e7\u00e3o, a outra parcela de usu\u00e1rios seria obrigada a contratar um plano privado ou pagar exames e consultas particulares caso precise de atendimento m\u00e9dico. Durante o semin\u00e1rio foi apresentada a proposta de desconstru\u00e7\u00e3o do SUS por meio de sua capacidade de financiamento.<\/p>\n<p>Segundo o deputado federal Esperidi\u00e3o Amin (PP-SC), a justificativa est\u00e1 no fato do SUS ser &#8220;um projeto comunista crist\u00e3o&#8221;. De acordo com Arthur Chioro, ex-ministro da Sa\u00fade e professor de Medicina na Universidade Federal de S\u00e3o Paulo (Unifesp), a proposta \u00e9 uma aberra\u00e7\u00e3o.<\/p>\n<p>&#8220;Essa entidade que produziu o evento n\u00e3o tem nenhuma import\u00e2ncia, nem para o mercado de planos de sa\u00fade. Ela conseguiu aglutinar um grupo de atores pol\u00edticos muito secund\u00e1rios, como um deputado decadente. Em tempos de golpe, essas propostas n\u00e3o podem passar em branco&#8221;, disse Chioro, em entrevista \u00e0 rep\u00f3rter Nahama Nunes, da R\u00e1dio Brasil Atual.<\/p>\n<p>Alexandre Padilha, tamb\u00e9m ex-ministro da Sa\u00fade, lembra que o atual governo e empres\u00e1rios t\u00eam interesse em sufocar o SUS e for\u00e7ar os brasileiros a comprarem planos de sa\u00fade. &#8220;Os vampiros est\u00e3o mostrando as garras. Quando aprovaram a regra de congelar os recursos p\u00fablicos por 20 anos, na pr\u00e1tica isso prepara o terreno para uma ideia de retirar o papel do SUS de atender as pessoas, piorando mais o atendimento, obrigando-as a migrar para o servi\u00e7o privado. O dinheiro est\u00e1 \u00e0 frente da sa\u00fade.&#8221;<\/p>\n<p>Padilha explica ainda que o projeto trata a sa\u00fade como mercadoria, n\u00e3o como um direito universal e gratuito previsto na Constitui\u00e7\u00e3o Federal de 1988. &#8220;Essa proposta na pr\u00e1tica quer que o Brasil volte ao passado, quando quem tinha atendimento \u00e0 sa\u00fade eram aqueles com carteira assinada.&#8221;<\/p>\n<p>Pesquisa feita pelo Servi\u00e7o de Prote\u00e7\u00e3o ao Cr\u00e9dito (SPC) revelou que 70% dos brasileiros dependem do SUS para ter atendimento m\u00e9dico. Chioro reconhece que os usu\u00e1rios t\u00eam dificuldade de acessar o SUS e explica que isso ocorre porque o programa sempre foi subfinanciado.<\/p>\n<p>&#8220;As pessoas dizem que o SUS n\u00e3o \u00e9 tudo aquilo que est\u00e1 na Constitui\u00e7\u00e3o, mas \u00e9 preciso entender que o sistema n\u00e3o conseguiu garantir tudo aquilo porque, historicamente, ele foi subfinanciado. O financiamento do SUS, juntando as tr\u00eas esferas de governos, no ano passado foi de R$ 3,20 por dia por usu\u00e1rio. Uma passagem de \u00f4nibus em S\u00e3o Paulo \u00e9 R$ 4. Isso \u00e9 uma estrat\u00e9gia deliberada para sufocar e destruir o SUS, vendendo o servi\u00e7o privado como alternativa.&#8221;<\/p>\n<\/div>\n<p id=\"page-author\"><strong>Fonte: Rede Brasil Atual<\/strong><\/p>\n","protected":false},"excerpt":{"rendered":"<p>O Sistema \u00danico de Sa\u00fade (SUS) completa 30 anos em 2018, mas seu futuro \u00e9 incerto diante de projeto defendido pelas empresas, por meio da Federa\u00e7\u00e3o Brasileira de Planos de Sa\u00fade (Febraplan). O novo sistema foi apresentado no 1\u00ba F\u00f3rum Brasil \u2013 Agenda Sa\u00fade, na \u00faltima semana. Segundo o projeto, em 2038 apenas 50% da [&hellip;]<\/p>\n","protected":false},"author":2,"featured_media":4216,"comment_status":"","ping_status":"","sticky":false,"template":"","format":"standard","meta":{"footnotes":""},"categories":[3],"tags":[],"class_list":["post-4217","post","type-post","status-publish","format-standard","has-post-thumbnail","hentry","category-noticias"],"_links":{"self":[{"href":"https:\/\/hostnetart.com.br\/baixada\/wp-json\/wp\/v2\/posts\/4217","targetHints":{"allow":["GET"]}}],"collection":[{"href":"https:\/\/hostnetart.com.br\/baixada\/wp-json\/wp\/v2\/posts"}],"about":[{"href":"https:\/\/hostnetart.com.br\/baixada\/wp-json\/wp\/v2\/types\/post"}],"author":[{"embeddable":true,"href":"https:\/\/hostnetart.com.br\/baixada\/wp-json\/wp\/v2\/users\/2"}],"replies":[{"embeddable":true,"href":"https:\/\/hostnetart.com.br\/baixada\/wp-json\/wp\/v2\/comments?post=4217"}],"version-history":[{"count":0,"href":"https:\/\/hostnetart.com.br\/baixada\/wp-json\/wp\/v2\/posts\/4217\/revisions"}],"wp:featuredmedia":[{"embeddable":true,"href":"https:\/\/hostnetart.com.br\/baixada\/wp-json\/wp\/v2\/media\/4216"}],"wp:attachment":[{"href":"https:\/\/hostnetart.com.br\/baixada\/wp-json\/wp\/v2\/media?parent=4217"}],"wp:term":[{"taxonomy":"category","embeddable":true,"href":"https:\/\/hostnetart.com.br\/baixada\/wp-json\/wp\/v2\/categories?post=4217"},{"taxonomy":"post_tag","embeddable":true,"href":"https:\/\/hostnetart.com.br\/baixada\/wp-json\/wp\/v2\/tags?post=4217"}],"curies":[{"name":"wp","href":"https:\/\/api.w.org\/{rel}","templated":true}]}}