{"id":4209,"date":"2018-04-17T14:33:19","date_gmt":"2018-04-17T17:33:19","guid":{"rendered":"https:\/\/hostnetart.com.br\/baixada\/atos-marcam-o-dia-nacional-de-luta-contra-a-privatizacao-do-sistema-eletrobras\/"},"modified":"2018-04-17T14:33:19","modified_gmt":"2018-04-17T17:33:19","slug":"atos-marcam-o-dia-nacional-de-luta-contra-a-privatizacao-do-sistema-eletrobras","status":"publish","type":"post","link":"https:\/\/hostnetart.com.br\/baixada\/atos-marcam-o-dia-nacional-de-luta-contra-a-privatizacao-do-sistema-eletrobras\/","title":{"rendered":"Atos marcam o Dia Nacional de Luta contra a Privatiza\u00e7\u00e3o do Sistema Eletrobras"},"content":{"rendered":"<div class=\"content\">\n<p>Est\u00e1 sendo realizado nesta segunda-feira (16) o Dia Nacional de Luta contra a Privatiza\u00e7\u00e3o do Sistema Eletrobr\u00e1s, que vem sendo sucateado pelo golpista e ileg\u00edtimo Michel Temer (MDB-SP) para atrair compradores que s\u00f3 se interessam por altos lucros e n\u00e3o pela presta\u00e7\u00e3o de um servi\u00e7o de qualidade \u00e0 popula\u00e7\u00e3o.<\/p>\n<p>CUT-RJ<\/p>\n<p>O Sindicato dos Trabalhadores Energ\u00e9ticos do Estado de S\u00e3o Paulo (Sinergia) denuncia que o sucateamento come\u00e7ou com milhares de demiss\u00f5es, em julho passado, quando a Eletrobr\u00e1s anunciou um corte de metade do seu quadro. E em apenas um ano e meio, a empresa j\u00e1 implementou dois programas de demiss\u00f5es incentivadas. Mais de seis mil trabalhadores e trabalhadoras foram demitidos nos \u00faltimos 18 meses.<\/p>\n<p>\u201cCom menos trabalhadores, tanto a manuten\u00e7\u00e3o quanto a troca de equipamentos no tempo certo s\u00e3o prejudicadas e quem paga por tudo \u00e9 o consumidor\u201d, diz Carlos Alberto Alves, presidente do Sinergia Campinas e coordenador do Dia Nacional de Luta no estado de S\u00e3o Paulo.<\/p>\n<p>Para o dirigente, a base do governo se equivoca ao dizer que vai ter apag\u00e3o se n\u00e3o privatizar. \u201cVai ter apag\u00e3o com a privatiza\u00e7\u00e3o porque o governo est\u00e1 sucateando a empresa e isso come\u00e7ou nos \u00faltimos anos, depois do golpe de 2016\u201d.<\/p>\n<p>O presidente do Sinergia Campinas critica a estrat\u00e9gia do atual governo de enxugar muito sem se preocupar com a perda de conhecimento, do chamado know-how.<\/p>\n<p>\u201cQuem est\u00e1 indo embora s\u00e3o os trabalhadores mais experientes, com 25 \/30 anos de empresa. Com sal\u00e1rios mais altos, os que t\u00eam know-how s\u00e3o os alvos principais das demiss\u00f5es\u201d, diz.<\/p>\n<p>\u00a0<\/p>\n<p><strong>Trabalhadores contra a privatiza\u00e7\u00e3o<\/strong><\/p>\n<p>Para o Sinergia, com a privatiza\u00e7\u00e3o da Eletrobr\u00e1s, as hidrel\u00e9tricas mais antigas que vendiam energia a pre\u00e7o de custo ser\u00e3o adequadas \u00e0 vontade do mercado, ou seja, na amplia\u00e7\u00e3o do lucro.<\/p>\n<p>Al\u00e9m disso, o governo estuda n\u00e3o renovar as concess\u00f5es \u00e0s distribuidoras de energia e reajustar as tarifas antes de privatizar a empresa. Com isso, espera atrair empres\u00e1rios e convenc\u00ea-los de que seus lucros ser\u00e3o melhores com a cobran\u00e7a de tarifas muito superiores.<\/p>\n<p>\u201cIsso \u00e9 extorquir a popula\u00e7\u00e3o\u201d, diz a dire\u00e7\u00e3o do Sinergia em nota publicada no site do sindicato.<\/p>\n<p>\u00a0<\/p>\n<p><strong>Troca de comando no minist\u00e9rio<\/strong><\/p>\n<p>\u00a0<\/p>\n<p>A informa\u00e7\u00e3o de que as a\u00e7\u00f5es da Eletrobr\u00e1s desabaram \u2013 o preju\u00edzo para a Uni\u00e3o foi de R$ 2,6 bilh\u00f5es, em uma semana \u2013 ap\u00f3s a troca de comando no Minist\u00e9rio das Minas e Energia (saiu Fernando Coelho Filho e entrou Moreira Franco) n\u00e3o surpreendeu o presidente do Sinergia.<\/p>\n<p>\u201cOs investidores estavam prontos para comprar a empresa. Mas Moreira Franco \u00e9 um homem \u201cfragilizado\u201d por uma s\u00e9rie de den\u00fancias. O mercado achou ruim porque ele n\u00e3o re\u00fane condi\u00e7\u00f5es efetivas pra vender a Eletrobr\u00e1s\u201d, diz Carlos Alberto.<\/p>\n<p>Na avalia\u00e7\u00e3o do dirigente, o quadro \u00e9 pior ainda para o governo porque Moreira Franco n\u00e3o est\u00e1 conseguindo agregar o Congresso Nacional em torno da venda, j\u00e1 que a maioria dos deputados e senadores se posicionou contra a privatiza\u00e7\u00e3o.<\/p>\n<p>\u201cN\u00e3o vai vender no tempo que o governo queria. E, \u00e9 por isso tamb\u00e9m que estamos lutando\u201d, afirma o representante do Sinergia.<\/p>\n<p>\u00a0<\/p>\n<p><strong>Negocia\u00e7\u00e3o salarial<\/strong><\/p>\n<p>\u00a0<\/p>\n<p>Em seu Dia Nacional de Luta os trabalhadores tamb\u00e9m reivindicam que a empresa aceite a pauta de reivindica\u00e7\u00f5es da categoria, que tem data base em 1\u00ba de Maio.<\/p>\n<p>No entanto, n\u00e3o houve avan\u00e7os por parte da dire\u00e7\u00e3o da empresa, que n\u00e3o apresentou nenhuma proposta nas duas reuni\u00f5es entre as partes. A Eletrobr\u00e1s apenas comunicou que nenhuma reivindica\u00e7\u00e3o referente \u00e0s cl\u00e1usulas novas foi aceita.<\/p>\n<p>A terceira rodada de negocia\u00e7\u00e3o est\u00e1 prevista para o pr\u00f3ximo dia 24 de abril. A Estatal se comprometeu a apresentar o \u00edndice de reajuste salarial e os \u00edndices econ\u00f4micos da PLR referente ao exerc\u00edcio de 2017.<\/p>\n<p>\u00a0<\/p>\n<p><strong>O sistema Eletrobr\u00e1s<\/strong><\/p>\n<p>\u00a0<\/p>\n<p>A Eletrobr\u00e1s \u00e9 a maior produtora de energia junto a Itaipu. Atualmente a empresa tem 13 mil funcion\u00e1rios.<\/p>\n<p>Atos no Brasil<\/p>\n<p>O Coletivo Nacional dos Eletricit\u00e1rios (CNE), os trabalhadores de Furnas da base do Sinergia CUT e das demais empresas do Sistema Eletrobr\u00e1s marcaram atos em todos os locais de Furnas, Eletronorte<\/p>\n<\/div>\n<p id=\"page-author\"><span style=\"text-decoration: underline;\"><em><strong>Fonte: CUT Nacional<\/strong><\/em><\/span><\/p>\n","protected":false},"excerpt":{"rendered":"<p>Est\u00e1 sendo realizado nesta segunda-feira (16) o Dia Nacional de Luta contra a Privatiza\u00e7\u00e3o do Sistema Eletrobr\u00e1s, que vem sendo sucateado pelo golpista e ileg\u00edtimo Michel Temer (MDB-SP) para atrair compradores que s\u00f3 se interessam por altos lucros e n\u00e3o pela presta\u00e7\u00e3o de um servi\u00e7o de qualidade \u00e0 popula\u00e7\u00e3o. CUT-RJ O Sindicato dos Trabalhadores Energ\u00e9ticos [&hellip;]<\/p>\n","protected":false},"author":2,"featured_media":4208,"comment_status":"","ping_status":"","sticky":false,"template":"","format":"standard","meta":{"footnotes":""},"categories":[3],"tags":[],"class_list":["post-4209","post","type-post","status-publish","format-standard","has-post-thumbnail","hentry","category-noticias"],"_links":{"self":[{"href":"https:\/\/hostnetart.com.br\/baixada\/wp-json\/wp\/v2\/posts\/4209","targetHints":{"allow":["GET"]}}],"collection":[{"href":"https:\/\/hostnetart.com.br\/baixada\/wp-json\/wp\/v2\/posts"}],"about":[{"href":"https:\/\/hostnetart.com.br\/baixada\/wp-json\/wp\/v2\/types\/post"}],"author":[{"embeddable":true,"href":"https:\/\/hostnetart.com.br\/baixada\/wp-json\/wp\/v2\/users\/2"}],"replies":[{"embeddable":true,"href":"https:\/\/hostnetart.com.br\/baixada\/wp-json\/wp\/v2\/comments?post=4209"}],"version-history":[{"count":0,"href":"https:\/\/hostnetart.com.br\/baixada\/wp-json\/wp\/v2\/posts\/4209\/revisions"}],"wp:featuredmedia":[{"embeddable":true,"href":"https:\/\/hostnetart.com.br\/baixada\/wp-json\/wp\/v2\/media\/4208"}],"wp:attachment":[{"href":"https:\/\/hostnetart.com.br\/baixada\/wp-json\/wp\/v2\/media?parent=4209"}],"wp:term":[{"taxonomy":"category","embeddable":true,"href":"https:\/\/hostnetart.com.br\/baixada\/wp-json\/wp\/v2\/categories?post=4209"},{"taxonomy":"post_tag","embeddable":true,"href":"https:\/\/hostnetart.com.br\/baixada\/wp-json\/wp\/v2\/tags?post=4209"}],"curies":[{"name":"wp","href":"https:\/\/api.w.org\/{rel}","templated":true}]}}