{"id":4207,"date":"2018-04-17T14:32:24","date_gmt":"2018-04-17T17:32:24","guid":{"rendered":"https:\/\/hostnetart.com.br\/baixada\/sindicato-dos-bancarios-de-sao-paulo-completa-95-anos-de-luta\/"},"modified":"2018-04-17T14:32:24","modified_gmt":"2018-04-17T17:32:24","slug":"sindicato-dos-bancarios-de-sao-paulo-completa-95-anos-de-luta","status":"publish","type":"post","link":"https:\/\/hostnetart.com.br\/baixada\/sindicato-dos-bancarios-de-sao-paulo-completa-95-anos-de-luta\/","title":{"rendered":"Sindicato dos Banc\u00e1rios de S\u00e3o Paulo completa 95 anos de luta"},"content":{"rendered":"<div class=\"content\">\n<p><strong>O Sindicato dos Banc\u00e1rios e Financi\u00e1rios de S\u00e3o Paulo, Osasco e Regi\u00e3o completa 95 anos de luta pelos direitos dos trabalhadores, pelos direitos da cidadania e em defesa da democracia brasileira nesta segunda-feira (16).<\/strong><\/p>\n<p><strong>\u201cTodas as grandes lutas desse pa\u00eds t\u00eam a participa\u00e7\u00e3o do Sindicato dos Banc\u00e1rios de S\u00e3o Paulo. Em especial na luta pela democracia e por direitos. Nosso sindicato j\u00e1 passou por 5 interven\u00e7\u00f5es na ditadura, exatamente por ser combativo e defender os interesses dos trabalhadores e das trabalhadoras\u201d, disse Juvandia Moreira, presidenta da Confedera\u00e7\u00e3o Nacional dos Trabalhadores do Ramo Financeiro (Contraf-CUT). Juvandia foi a primeira mulher a presidir o Sindicato dos Banc\u00e1rios de S\u00e3o Paulo, de 2011 a 2017.<\/strong><\/p>\n<p><strong>A jornada de seis horas de trabalho para a categoria banc\u00e1ria, vales alimenta\u00e7\u00e3o, refei\u00e7\u00e3o, 13\u00aa cesta, aux\u00edlio-creche\/bab\u00e1, PLR, complementa\u00e7\u00e3o salarial aos afastados por doen\u00e7a, aux\u00edlio para requalifica\u00e7\u00e3o profissional, entre outros direitos s\u00e3o algumas das conquistas da luta da categoria que hoje fazem parte da Conven\u00e7\u00e3o Coletiva de Trabalho (CCT).<\/strong><\/p>\n<p><strong>Os banc\u00e1rios foram a primeira categoria a ter garantido em acordo o direito \u00e0 Participa\u00e7\u00e3o nos Lucros e Resultados (PLR), a promo\u00e7\u00e3o da igualdade de oportunidades, a licen\u00e7a-maternidade de 180 dias, paternidade de 20 dias, um instrumento de combate ao ass\u00e9dio moral e centros de realoca\u00e7\u00e3o e requalifica\u00e7\u00e3o profissional, nos bancos, com o objetivo de evitar demiss\u00f5es.<\/strong><\/p>\n<p><strong>A categoria dos banc\u00e1rios \u00e9 a \u00fanica a possuir uma CCT que abrange todo o territ\u00f3rio nacional. \u201cEssa tamb\u00e9m \u00e9 uma conquista da luta da categoria que contou com grande contribui\u00e7\u00e3o do Sindicato dos Banc\u00e1rios de S\u00e3o Paulo\u201d, observou a presidenta da Contraf-CUT.<\/strong><\/p>\n<p><strong>Cerca de um ter\u00e7o dos trabalhadores da categoria no pa\u00eds est\u00e3o na base sindical do Sindicato dos Banc\u00e1rios de S\u00e3o Paulo. \u201cO Sindicato e os trabalhadores est\u00e3o de parab\u00e9ns por tudo o que conquistaram. Mas, neste ano, teremos a primeira negocia\u00e7\u00e3o ap\u00f3s a aprova\u00e7\u00e3o da reforma trabalhista, que jogou no lixo anos de luta e de conquistas, n\u00e3o apenas dos banc\u00e1rios, de todos os trabalhadores. Tenho a certeza de que o sindicato vai batalhar pela manuten\u00e7\u00e3o dos direitos. A categoria precisa estar atenta e mobilizada para fortalecer essa luta\u201d, completou Juvandia. <\/strong><\/p>\n<p>\u201cDesde 2004 at\u00e9 2017 a mobiliza\u00e7\u00e3o dos banc\u00e1rios ao lado do Sindicato garantiu aumentos salariais acima da infla\u00e7\u00e3o, garantindo ganho real de 20,26%. No piso, esse aumento foi ainda maior, 41,6%. Assim como nos vales refei\u00e7\u00e3o, 35,4%, e alimenta\u00e7\u00e3o, 36,9%\u201d, lembrou a presidenta do Sindicato, Ivone Silva. \u201cEm 2016, nossa luta garantiu acordo de dois anos que permitiu aos banc\u00e1rios ter aumento real de 1% e manter todos os direitos, mesmo com o desmonte trabalhista de Temer aprovado em julho deste ano.\u201d<\/p>\n<\/div>\n<p id=\"page-author\"><span style=\"text-decoration: underline;\"><em>Fonte: Contraf-CUT<\/em><\/span><\/p>\n","protected":false},"excerpt":{"rendered":"<p>O Sindicato dos Banc\u00e1rios e Financi\u00e1rios de S\u00e3o Paulo, Osasco e Regi\u00e3o completa 95 anos de luta pelos direitos dos trabalhadores, pelos direitos da cidadania e em defesa da democracia brasileira nesta segunda-feira (16). \u201cTodas as grandes lutas desse pa\u00eds t\u00eam a participa\u00e7\u00e3o do Sindicato dos Banc\u00e1rios de S\u00e3o Paulo. Em especial na luta pela [&hellip;]<\/p>\n","protected":false},"author":2,"featured_media":4206,"comment_status":"","ping_status":"","sticky":false,"template":"","format":"standard","meta":{"footnotes":""},"categories":[3],"tags":[],"class_list":["post-4207","post","type-post","status-publish","format-standard","has-post-thumbnail","hentry","category-noticias"],"_links":{"self":[{"href":"https:\/\/hostnetart.com.br\/baixada\/wp-json\/wp\/v2\/posts\/4207","targetHints":{"allow":["GET"]}}],"collection":[{"href":"https:\/\/hostnetart.com.br\/baixada\/wp-json\/wp\/v2\/posts"}],"about":[{"href":"https:\/\/hostnetart.com.br\/baixada\/wp-json\/wp\/v2\/types\/post"}],"author":[{"embeddable":true,"href":"https:\/\/hostnetart.com.br\/baixada\/wp-json\/wp\/v2\/users\/2"}],"replies":[{"embeddable":true,"href":"https:\/\/hostnetart.com.br\/baixada\/wp-json\/wp\/v2\/comments?post=4207"}],"version-history":[{"count":0,"href":"https:\/\/hostnetart.com.br\/baixada\/wp-json\/wp\/v2\/posts\/4207\/revisions"}],"wp:featuredmedia":[{"embeddable":true,"href":"https:\/\/hostnetart.com.br\/baixada\/wp-json\/wp\/v2\/media\/4206"}],"wp:attachment":[{"href":"https:\/\/hostnetart.com.br\/baixada\/wp-json\/wp\/v2\/media?parent=4207"}],"wp:term":[{"taxonomy":"category","embeddable":true,"href":"https:\/\/hostnetart.com.br\/baixada\/wp-json\/wp\/v2\/categories?post=4207"},{"taxonomy":"post_tag","embeddable":true,"href":"https:\/\/hostnetart.com.br\/baixada\/wp-json\/wp\/v2\/tags?post=4207"}],"curies":[{"name":"wp","href":"https:\/\/api.w.org\/{rel}","templated":true}]}}