{"id":4205,"date":"2018-04-17T14:30:57","date_gmt":"2018-04-17T17:30:57","guid":{"rendered":"https:\/\/hostnetart.com.br\/baixada\/chapa-1-vence-eleicao-dos-bancarios-do-rio-de-janeiro\/"},"modified":"2018-04-17T14:30:57","modified_gmt":"2018-04-17T17:30:57","slug":"chapa-1-vence-eleicao-dos-bancarios-do-rio-de-janeiro","status":"publish","type":"post","link":"https:\/\/hostnetart.com.br\/baixada\/chapa-1-vence-eleicao-dos-bancarios-do-rio-de-janeiro\/","title":{"rendered":"Chapa 1 vence elei\u00e7\u00e3o dos Banc\u00e1rios do Rio de Janeiro"},"content":{"rendered":"<div class=\"content\">\n<p>A Chapa 1 \u2013 Unir, Resistir e Avan\u00e7ar, venceu as elei\u00e7\u00f5es para a renova\u00e7\u00e3o da diretoria do Sindicato dos Banc\u00e1rios do Rio de Janeiro com 84,49% do total de votos, contra 13,29% da Chapa 2. Houve, ainda, 74 votos em branco (0,80%) e 131 nulos (1,42%).<\/p>\n<p>\u201cFomos vitoriosos com mais de 86% dos votos v\u00e1lidos. Esse resultado demonstra a confian\u00e7a que a categoria deposita em n\u00f3s. Isso aumenta nossa responsabilidade. Vivemos um momento muito dif\u00edcil, mas nossos ideais, nossa determina\u00e7\u00e3o, nossa capacidade de di\u00e1logo fazem a diferen\u00e7a. Acreditar sempre, desistir jamais. Estamos juntos e vamos superar os desafios, fazer desse momento uma oportunidade e superar. Meu abra\u00e7o especial a cada companheira e companheiro que junto comigo trilhou esse caminho e segue firme\u201d, disse Adriana Nalesso ap\u00f3s o resultado.<\/p>\n<p>A Chapa 1 foi encabe\u00e7ada por Adriana Nalesso, atual presidenta do Sindicato, que, assim, se reelege. Al\u00e9m das for\u00e7as pol\u00edticas que estavam presentes na atual diretoria \u2013 da CUT e da CTB \u2013 faz parte da chapa vencedora a Frente de Esquerda Socialista (FES).<\/p>\n<p>A Chapa 1 recebeu o apoio da Confedera\u00e7\u00e3o Nacional dos Trabalhadores do Ramo Financeiro (Contraf-CUT) e da grande maioria dos sindicatos e federa\u00e7\u00f5es dos banc\u00e1rios do pa\u00eds. \u201cO resultado mostra o apoio da categoria \u00e0 atual gest\u00e3o da entidade, que realiza uma pol\u00edtica de unidade nacional em torno das lutas em defesa dos direitos e interesses dos trabalhadores. Isso \u00e9 essencial nesta conjuntura adversa pela qual passamos\u201d, observou Juvandia Moreira, presidenta da Contraf-CUT.<\/p>\n<p><strong>Apura\u00e7\u00e3o<\/strong><br \/> A vota\u00e7\u00e3o terminou por volta das 18 horas de sexta-feira (13\/4). A apura\u00e7\u00e3o teve in\u00edcio pouco depois das 19 horas, sendo encerrada com o an\u00fancio oficial do resultado pela Comiss\u00e3o Eleitoral, ap\u00f3s a meia-noite, portanto, j\u00e1 no s\u00e1bado. Mais detalhes do pleito em mat\u00e9rias a serem editadas no Jornal Banc\u00e1rio e aqui no site do Sindicato.<\/p>\n<\/div>\n<p id=\"page-author\"><span style=\"text-decoration: underline;\"><em><strong>Fonte: Contraf-CUT, com informa\u00e7\u00f5es do Seeb\/Rio de Janeiro<\/strong><\/em><\/span><\/p>\n","protected":false},"excerpt":{"rendered":"<p>A Chapa 1 \u2013 Unir, Resistir e Avan\u00e7ar, venceu as elei\u00e7\u00f5es para a renova\u00e7\u00e3o da diretoria do Sindicato dos Banc\u00e1rios do Rio de Janeiro com 84,49% do total de votos, contra 13,29% da Chapa 2. Houve, ainda, 74 votos em branco (0,80%) e 131 nulos (1,42%). \u201cFomos vitoriosos com mais de 86% dos votos v\u00e1lidos. [&hellip;]<\/p>\n","protected":false},"author":2,"featured_media":4204,"comment_status":"","ping_status":"","sticky":false,"template":"","format":"standard","meta":{"footnotes":""},"categories":[3],"tags":[],"class_list":["post-4205","post","type-post","status-publish","format-standard","has-post-thumbnail","hentry","category-noticias"],"_links":{"self":[{"href":"https:\/\/hostnetart.com.br\/baixada\/wp-json\/wp\/v2\/posts\/4205","targetHints":{"allow":["GET"]}}],"collection":[{"href":"https:\/\/hostnetart.com.br\/baixada\/wp-json\/wp\/v2\/posts"}],"about":[{"href":"https:\/\/hostnetart.com.br\/baixada\/wp-json\/wp\/v2\/types\/post"}],"author":[{"embeddable":true,"href":"https:\/\/hostnetart.com.br\/baixada\/wp-json\/wp\/v2\/users\/2"}],"replies":[{"embeddable":true,"href":"https:\/\/hostnetart.com.br\/baixada\/wp-json\/wp\/v2\/comments?post=4205"}],"version-history":[{"count":0,"href":"https:\/\/hostnetart.com.br\/baixada\/wp-json\/wp\/v2\/posts\/4205\/revisions"}],"wp:featuredmedia":[{"embeddable":true,"href":"https:\/\/hostnetart.com.br\/baixada\/wp-json\/wp\/v2\/media\/4204"}],"wp:attachment":[{"href":"https:\/\/hostnetart.com.br\/baixada\/wp-json\/wp\/v2\/media?parent=4205"}],"wp:term":[{"taxonomy":"category","embeddable":true,"href":"https:\/\/hostnetart.com.br\/baixada\/wp-json\/wp\/v2\/categories?post=4205"},{"taxonomy":"post_tag","embeddable":true,"href":"https:\/\/hostnetart.com.br\/baixada\/wp-json\/wp\/v2\/tags?post=4205"}],"curies":[{"name":"wp","href":"https:\/\/api.w.org\/{rel}","templated":true}]}}