{"id":4203,"date":"2018-04-16T14:57:05","date_gmt":"2018-04-16T17:57:05","guid":{"rendered":"https:\/\/hostnetart.com.br\/baixada\/reforma-trabalhista-empurra-pais-para-a-pobreza-diz-associacao-de-juizes\/"},"modified":"2018-04-16T14:57:05","modified_gmt":"2018-04-16T17:57:05","slug":"reforma-trabalhista-empurra-pais-para-a-pobreza-diz-associacao-de-juizes","status":"publish","type":"post","link":"https:\/\/hostnetart.com.br\/baixada\/reforma-trabalhista-empurra-pais-para-a-pobreza-diz-associacao-de-juizes\/","title":{"rendered":"Reforma trabalhista empurra pa\u00eds para a pobreza, diz associa\u00e7\u00e3o de ju\u00edzes"},"content":{"rendered":"<p>Para a diretora\u00a0de Cidadania e Direitos Humanos da Associa\u00e7\u00e3o Nacional dos Magistrados da Justi\u00e7a do Trabalho (Anamatra), Luciana Conforti, a Lei 13.467, <a class=\"internal-link\" title=\"\" href=\"http:\/\/www.redebrasilatual.com.br\/trabalho\/2018\/04\/era-uma-vez-uma-mp-a-nova-lei-trabalhista-nao-vai-mudar\" target=\"_parent\">de &#8220;reforma&#8221; trabalhista<\/a>, vai acelerar o caminho do pa\u00eds para a pobreza extrema e a desigualdade social. A an\u00e1lise \u00e9 feita com base em dados divulgados nesta semana por uma consultoria (LCA), amparada com informa\u00e7\u00f5es do IBGE, demonstrando que de 2016 para 2017 cresceu (11%) o n\u00famero de brasileiros em situa\u00e7\u00e3o de pobreza: no ano passado, eram mais de 7%, o equivalente a 14,8 milh\u00f5es de pessoas.<\/p>\n<p>&#8220;O trabalho intermitente ou contrato a zero hora n\u00e3o garante uma renda m\u00ednima e digna para que o trabalhador possa fazer face \u00e0s suas necessidades mais b\u00e1sicas&#8221;, afirma a magistrada. Ela acredita que, com as mudan\u00e7as trazidas pela lei, os \u00edndices de pobreza e desigualdade ser\u00e3o acentuados.\u00a0Luciana chama a aten\u00e7\u00e3o ainda para o &#8220;estancamento&#8221; da redu\u00e7\u00e3o da desigualdade no pa\u00eds, onde mais de 20% da renda se concentra no 1% da popula\u00e7\u00e3o mais rica.\u00a0\u00a0<\/p>\n<p>A Anamatra destaca ainda que o crescimento de postos de trabalho no Brasil, em 12 meses, deve-se basicamente ao mercado informal. De acordo com o IBGE, foram criadas 1,848 milh\u00e3o de vagas em 12 meses, at\u00e9 janeiro, mas essa expans\u00e3o vem do <a class=\"internal-link\" title=\"\" href=\"http:\/\/www.redebrasilatual.com.br\/economia\/2018\/02\/emprego-informal-cresce-e-vagas-com-carteira-diminuem\" target=\"_blank\" rel=\"noopener noreferrer\">emprego sem carteira (986 mil) e do trabalho por conta pr\u00f3pria (581 mil).<\/a><\/p>\n<p>O presidente da associa\u00e7\u00e3o, Guilherme Feliciano, afirma que a situa\u00e7\u00e3o econ\u00f4mica &#8220;p\u00f5e em xeque&#8221; a reforma trabalhista, particularmente nas propostas que preveem modalidades prec\u00e1rias de contrata\u00e7\u00e3o. &#8220;A presta\u00e7\u00e3o de servi\u00e7os de aut\u00f4nomo exclusivo implica em informalidade e o contrato de trabalho intermitente, se permite inflar as estat\u00edsticas do emprego formal, pode ser vazio de conte\u00fado, autorizando meses de contrata\u00e7\u00e3o sem qualquer sal\u00e1rio. Na pr\u00e1tica, em situa\u00e7\u00f5es como esta, a condi\u00e7\u00e3o social ser\u00e1 a mesma de um trabalhador informal\u201d, critica.\u00a0<\/p>\n<p>\u00a0<\/p>\n<p><strong>FONTE: Rede Brasil Atual<\/strong><\/p>\n","protected":false},"excerpt":{"rendered":"<p>Para a diretora\u00a0de Cidadania e Direitos Humanos da Associa\u00e7\u00e3o Nacional dos Magistrados da Justi\u00e7a do Trabalho (Anamatra), Luciana Conforti, a Lei 13.467, de &#8220;reforma&#8221; trabalhista, vai acelerar o caminho do pa\u00eds para a pobreza extrema e a desigualdade social. A an\u00e1lise \u00e9 feita com base em dados divulgados nesta semana por uma consultoria (LCA), amparada [&hellip;]<\/p>\n","protected":false},"author":2,"featured_media":4202,"comment_status":"","ping_status":"","sticky":false,"template":"","format":"standard","meta":{"footnotes":""},"categories":[3],"tags":[],"class_list":["post-4203","post","type-post","status-publish","format-standard","has-post-thumbnail","hentry","category-noticias"],"_links":{"self":[{"href":"https:\/\/hostnetart.com.br\/baixada\/wp-json\/wp\/v2\/posts\/4203","targetHints":{"allow":["GET"]}}],"collection":[{"href":"https:\/\/hostnetart.com.br\/baixada\/wp-json\/wp\/v2\/posts"}],"about":[{"href":"https:\/\/hostnetart.com.br\/baixada\/wp-json\/wp\/v2\/types\/post"}],"author":[{"embeddable":true,"href":"https:\/\/hostnetart.com.br\/baixada\/wp-json\/wp\/v2\/users\/2"}],"replies":[{"embeddable":true,"href":"https:\/\/hostnetart.com.br\/baixada\/wp-json\/wp\/v2\/comments?post=4203"}],"version-history":[{"count":0,"href":"https:\/\/hostnetart.com.br\/baixada\/wp-json\/wp\/v2\/posts\/4203\/revisions"}],"wp:featuredmedia":[{"embeddable":true,"href":"https:\/\/hostnetart.com.br\/baixada\/wp-json\/wp\/v2\/media\/4202"}],"wp:attachment":[{"href":"https:\/\/hostnetart.com.br\/baixada\/wp-json\/wp\/v2\/media?parent=4203"}],"wp:term":[{"taxonomy":"category","embeddable":true,"href":"https:\/\/hostnetart.com.br\/baixada\/wp-json\/wp\/v2\/categories?post=4203"},{"taxonomy":"post_tag","embeddable":true,"href":"https:\/\/hostnetart.com.br\/baixada\/wp-json\/wp\/v2\/tags?post=4203"}],"curies":[{"name":"wp","href":"https:\/\/api.w.org\/{rel}","templated":true}]}}