{"id":4201,"date":"2018-04-16T14:56:06","date_gmt":"2018-04-16T17:56:06","guid":{"rendered":"https:\/\/hostnetart.com.br\/baixada\/desvio-do-papel-de-bancos-publicos-prejudica-desenvolvimento\/"},"modified":"2018-04-16T14:56:06","modified_gmt":"2018-04-16T17:56:06","slug":"desvio-do-papel-de-bancos-publicos-prejudica-desenvolvimento","status":"publish","type":"post","link":"https:\/\/hostnetart.com.br\/baixada\/desvio-do-papel-de-bancos-publicos-prejudica-desenvolvimento\/","title":{"rendered":"Desvio do papel de bancos p\u00fablicos prejudica desenvolvimento"},"content":{"rendered":"<div class=\"content\">\n<p>Os especialistas s\u00e3o un\u00e2nimes ao afirmarem que existe um gargalo de cr\u00e9dito no mercado e que somente com o aumento do investimento no setor produtivo a economia voltar\u00e1 a crescer de forma sustent\u00e1vel. Os bancos alegam que o cr\u00e9dito est\u00e1 dispon\u00edvel, mas n\u00e3o existe demanda. \u201cCom as altas taxas cobradas pelas institui\u00e7\u00f5es financeiras, o custo do capital \u00e9 proibitivo. N\u00e3o vai haver demanda nunca\u201d, critica Juvandia Moreira, presidenta da Confedera\u00e7\u00e3o Nacional dos Trabalhadores do Ramo Financeiro (Contraf-CUT).<\/p>\n<p>Mesmo com a redu\u00e7\u00e3o da Selic (taxa referencial do Sistema Especial de Liquida\u00e7\u00e3o e Cust\u00f3dia para t\u00edtulos federais), que baixou para 6,5% ao ano na \u00faltima reuni\u00e3o do Conselho de Pol\u00edtica Monet\u00e1ria (Copom), as taxas cobradas pelos bancos continuam sendo absurdas. No cheque especial, a taxa m\u00e9dia de juros cobrada pelos bancos fechou fevereiro em 331,2% ao ano.<\/p>\n<p>Em m\u00e9dia, o spread banc\u00e1rio (a diferen\u00e7a entre o custo do dinheiro para o banco \u2013o quanto ele paga ao tomar empr\u00e9stimo\u2013 e o quanto ele cobra para o consumidor na opera\u00e7\u00e3o de cr\u00e9dito) no Brasil \u00e9 acima de 20%. Em outubro de 2015, com a Selic em 14,25%, o spread m\u00e9dio era de 19,6%. Em fevereiro de 2018, quando a Selic j\u00e1 est\u00e1 em 6,5%, o spread m\u00e9dio tinha aumentado ainda mais, chegando a 20,4% ao ano.<\/p>\n<p>\u201cNo Brasil, os bancos lucram em todos os cen\u00e1rios: com crise, ou sem crise. Com a Selic baixa, ou alta. Eles comandam o mercado de capitais a seu bel-prazer, sem ser incomodados pelo governo, que \u00e9 transformado em seu servi\u00e7al\u201d, afirmou a presidenta da Contraf-CUT. \u201cOs bancos p\u00fablicos deveriam ser utilizados como reguladores do mercado, reduzindo as taxas a n\u00edveis aceit\u00e1veis. A presidenta Dilma reduziu as taxas cobradas pelos bancos p\u00fablicos. Com taxas justas, as empresas buscaram cr\u00e9dito e os bancos p\u00fablicos ganharam mercado. Este seja, talvez, o principal motivo que levou \u00e0 sua queda\u201d, observou.<\/p>\n<p>Para Juvandia, a \u201crecomenda\u00e7\u00e3o de prud\u00eancia\u201d e a \u201cboa gest\u00e3o de risco\u201d feita pelo novo ministro da Fazenda, Eduardo Guardia, \u00e0s institui\u00e7\u00f5es financeiras estatais, representa a continuidade do desvio do papel dos bancos p\u00fablicos e a continuidade da crise econ\u00f4mica no pa\u00eds.<\/p>\n<p>\u201cO governo teria que baixar as taxas de juros e as tarifas cobradas pelos bancos p\u00fablicos para tentar recuperar a economia. Mas, est\u00e1 fazendo o contr\u00e1rio. A Caixa, por exemplo, n\u00e3o \u00e9 mais o banco com a menor tarifa do financiamento imobili\u00e1rio. Os bancos p\u00fablicos n\u00e3o recebem mais aportes de capital para poder emprestar e ajudar o pa\u00eds e se desenvolver. O que est\u00e3o fazendo \u00e9 abrir espa\u00e7o para que os bancos privados assumam o mercado. Est\u00e3o tornando os bancos p\u00fablicos desnecess\u00e1rios\u201d, explicou a presidenta da Contraf-CUT.<\/p>\n<p>\u201cO governo est\u00e1 seguindo \u00e0 risca \u00e0s recomenda\u00e7\u00f5es dos economistas que s\u00e3o pagos pelos bancos privados para dizer que n\u00e3o \u00e9 papel dos bancos p\u00fablicos conceder cr\u00e9dito para incentivar o desenvolvimento econ\u00f4mico. Querem tirar os p\u00fablicos do caminho deles para cobrar o quanto quiserem\u201d, concluiu.<\/p>\n<\/div>\n<p id=\"page-author\"><strong>Fonte: Contraf-CUT<\/strong><\/p>\n","protected":false},"excerpt":{"rendered":"<p>Os especialistas s\u00e3o un\u00e2nimes ao afirmarem que existe um gargalo de cr\u00e9dito no mercado e que somente com o aumento do investimento no setor produtivo a economia voltar\u00e1 a crescer de forma sustent\u00e1vel. Os bancos alegam que o cr\u00e9dito est\u00e1 dispon\u00edvel, mas n\u00e3o existe demanda. \u201cCom as altas taxas cobradas pelas institui\u00e7\u00f5es financeiras, o custo [&hellip;]<\/p>\n","protected":false},"author":2,"featured_media":4200,"comment_status":"","ping_status":"","sticky":false,"template":"","format":"standard","meta":{"footnotes":""},"categories":[3],"tags":[],"class_list":["post-4201","post","type-post","status-publish","format-standard","has-post-thumbnail","hentry","category-noticias"],"_links":{"self":[{"href":"https:\/\/hostnetart.com.br\/baixada\/wp-json\/wp\/v2\/posts\/4201","targetHints":{"allow":["GET"]}}],"collection":[{"href":"https:\/\/hostnetart.com.br\/baixada\/wp-json\/wp\/v2\/posts"}],"about":[{"href":"https:\/\/hostnetart.com.br\/baixada\/wp-json\/wp\/v2\/types\/post"}],"author":[{"embeddable":true,"href":"https:\/\/hostnetart.com.br\/baixada\/wp-json\/wp\/v2\/users\/2"}],"replies":[{"embeddable":true,"href":"https:\/\/hostnetart.com.br\/baixada\/wp-json\/wp\/v2\/comments?post=4201"}],"version-history":[{"count":0,"href":"https:\/\/hostnetart.com.br\/baixada\/wp-json\/wp\/v2\/posts\/4201\/revisions"}],"wp:featuredmedia":[{"embeddable":true,"href":"https:\/\/hostnetart.com.br\/baixada\/wp-json\/wp\/v2\/media\/4200"}],"wp:attachment":[{"href":"https:\/\/hostnetart.com.br\/baixada\/wp-json\/wp\/v2\/media?parent=4201"}],"wp:term":[{"taxonomy":"category","embeddable":true,"href":"https:\/\/hostnetart.com.br\/baixada\/wp-json\/wp\/v2\/categories?post=4201"},{"taxonomy":"post_tag","embeddable":true,"href":"https:\/\/hostnetart.com.br\/baixada\/wp-json\/wp\/v2\/tags?post=4201"}],"curies":[{"name":"wp","href":"https:\/\/api.w.org\/{rel}","templated":true}]}}