{"id":4199,"date":"2018-04-16T14:55:06","date_gmt":"2018-04-16T17:55:06","guid":{"rendered":"https:\/\/hostnetart.com.br\/baixada\/primeira-presidenta-da-historia-da-contraf-cut-assume-cargo-oficialmente\/"},"modified":"2018-04-16T14:55:06","modified_gmt":"2018-04-16T17:55:06","slug":"primeira-presidenta-da-historia-da-contraf-cut-assume-cargo-oficialmente","status":"publish","type":"post","link":"https:\/\/hostnetart.com.br\/baixada\/primeira-presidenta-da-historia-da-contraf-cut-assume-cargo-oficialmente\/","title":{"rendered":"Primeira presidenta da hist\u00f3ria da Contraf-CUT assume cargo oficialmente"},"content":{"rendered":"<div class=\"content\">\n<p>A primeira presidenta da hist\u00f3ria da Contraf-CUT, Juvandia Moreira, assume o cargo oficialmente no pr\u00f3ximo domingo (15). Ao lado dela, a nova diretoria fica no comando da Confedera\u00e7\u00e3o at\u00e9 2022. A gest\u00e3o ir\u00e1 colocar em pr\u00e1tica o Plano de Lutas da categoria, aprovado pelos delegados presentes no 5\u00ba Congresso da Contraf-CUT.<\/p>\n<p>\u201cAssumimos num dos momentos mais dif\u00edceis de nossa hist\u00f3ria devido ao golpe dado contra toda a classe trabalhadora, a democracia brasileira e a soberania nacional. A nossa sa\u00edda passa por muita unidade e luta. S\u00f3 assim conseguiremos reverter a retirada de direitos e a rearticula\u00e7\u00e3o do projeto neoliberal que tanto afeta aos trabalhadores e especificamente a categoria banc\u00e1ria\u201d, afirmou Juvandia Moreira.<\/p>\n<p>Formada em direito e p\u00f3s-graduada em pol\u00edtica e rela\u00e7\u00f5es internacionais, Juvandia entrou na dire\u00e7\u00e3o do Sindicato dos Banc\u00e1rios do S\u00e3o Paulo no dia 8 de mar\u00e7o (Dia Internacional da Mulher) de 1997. L\u00e1 passou pela Secretaria de Assuntos Jur\u00eddicos e de Organiza\u00e7\u00e3o, al\u00e9m da secret\u00e1ria-geral. Em 2010, assumiu a Presid\u00eancia da entidade sendo a primeira mulher a presidir o Sindicato depois de quase um s\u00e9culo de exist\u00eancia (em 2018 o Sindicato completa 95 anos). Juvandia ocupa tamb\u00e9m a Executiva da CUT Nacional.<\/p>\n<p>Conhe\u00e7a a\u00a0<a href=\"http:\/\/admin.contrafcut.com.br\/system\/uploads\/ck\/files\/lista_nova_gest%C3%A3o_reduzida.pdf\" target=\"_blank\" rel=\"noopener noreferrer\"><strong><ins>nova dire\u00e7\u00e3o da Contraf-CUT<\/ins><\/strong><\/a>\u00a0para a gest\u00e3o 2018\/2022. Na pr\u00f3xima semana, veja a lista completa da dire\u00e7\u00e3o da Contraf-CUT em nosso site.<\/p>\n<p>Juvandia sucede a Roberto von der Osten, que passa a ocupar a Secretaria de Rela\u00e7\u00f5es Internacionais. Durante seu mandato na presid\u00eancia, o Brasil sofreu um golpe contra a democracia. Al\u00e9m de enfrentar este cen\u00e1rio adverso, um dos seus principais feitos \u00e0 frente do Comando Nacional dos Banc\u00e1rios, von der Osten conquistou um acordo de dois anos, o que garantiu a manuten\u00e7\u00e3o de direitos e aumento real para a categoria.<\/p>\n<p>\u201cEstivemos \u00e0 frente da Confedera\u00e7\u00e3o num dos momentos mais tristes da hist\u00f3ria recente do Brasil: uma presidenta destitu\u00edda de forma injusta e imoral. Um golpe, que foi a senha para as elites empresariais e para os bancos, aliados \u00e0 m\u00eddia golpista e aos parlamentares, atacarem nossos direitos e nossa organiza\u00e7\u00e3o. Tenho orgulho do trabalho realizado ao lado do Comando e de toda a nossa equipe da Contraf-CUT. Conseguimos resistir, proteger nossa CCT e impedir muitas barbaridades. Agora passamos a coordena\u00e7\u00e3o dessa luta a uma mulher extremamente capaz, competente e que admiramos muito. Tenho total confian\u00e7a de que ter\u00e1 a for\u00e7a, a sensibilidade e a sabedoria para conduzir nosso ramo rumo a grandes vit\u00f3rias. Juvandia me representa\u201d, disse o atual secret\u00e1rio\u00a0de Rela\u00e7\u00f5es Internacionais.<\/p>\n<\/div>\n<p id=\"page-author\"><strong>Fonte: Contraf-CUT<\/strong><\/p>\n","protected":false},"excerpt":{"rendered":"<p>A primeira presidenta da hist\u00f3ria da Contraf-CUT, Juvandia Moreira, assume o cargo oficialmente no pr\u00f3ximo domingo (15). Ao lado dela, a nova diretoria fica no comando da Confedera\u00e7\u00e3o at\u00e9 2022. A gest\u00e3o ir\u00e1 colocar em pr\u00e1tica o Plano de Lutas da categoria, aprovado pelos delegados presentes no 5\u00ba Congresso da Contraf-CUT. \u201cAssumimos num dos momentos [&hellip;]<\/p>\n","protected":false},"author":2,"featured_media":4198,"comment_status":"","ping_status":"","sticky":false,"template":"","format":"standard","meta":{"footnotes":""},"categories":[3],"tags":[],"class_list":["post-4199","post","type-post","status-publish","format-standard","has-post-thumbnail","hentry","category-noticias"],"_links":{"self":[{"href":"https:\/\/hostnetart.com.br\/baixada\/wp-json\/wp\/v2\/posts\/4199","targetHints":{"allow":["GET"]}}],"collection":[{"href":"https:\/\/hostnetart.com.br\/baixada\/wp-json\/wp\/v2\/posts"}],"about":[{"href":"https:\/\/hostnetart.com.br\/baixada\/wp-json\/wp\/v2\/types\/post"}],"author":[{"embeddable":true,"href":"https:\/\/hostnetart.com.br\/baixada\/wp-json\/wp\/v2\/users\/2"}],"replies":[{"embeddable":true,"href":"https:\/\/hostnetart.com.br\/baixada\/wp-json\/wp\/v2\/comments?post=4199"}],"version-history":[{"count":0,"href":"https:\/\/hostnetart.com.br\/baixada\/wp-json\/wp\/v2\/posts\/4199\/revisions"}],"wp:featuredmedia":[{"embeddable":true,"href":"https:\/\/hostnetart.com.br\/baixada\/wp-json\/wp\/v2\/media\/4198"}],"wp:attachment":[{"href":"https:\/\/hostnetart.com.br\/baixada\/wp-json\/wp\/v2\/media?parent=4199"}],"wp:term":[{"taxonomy":"category","embeddable":true,"href":"https:\/\/hostnetart.com.br\/baixada\/wp-json\/wp\/v2\/categories?post=4199"},{"taxonomy":"post_tag","embeddable":true,"href":"https:\/\/hostnetart.com.br\/baixada\/wp-json\/wp\/v2\/tags?post=4199"}],"curies":[{"name":"wp","href":"https:\/\/api.w.org\/{rel}","templated":true}]}}