{"id":4197,"date":"2018-04-16T14:53:56","date_gmt":"2018-04-16T17:53:56","guid":{"rendered":"https:\/\/hostnetart.com.br\/baixada\/queda-no-rendimento-e-a-confirmacao-do-golpe-contra-os-trabalhadores\/"},"modified":"2018-04-16T14:53:56","modified_gmt":"2018-04-16T17:53:56","slug":"queda-no-rendimento-e-a-confirmacao-do-golpe-contra-os-trabalhadores","status":"publish","type":"post","link":"https:\/\/hostnetart.com.br\/baixada\/queda-no-rendimento-e-a-confirmacao-do-golpe-contra-os-trabalhadores\/","title":{"rendered":"Queda no rendimento \u00e9 a confirma\u00e7\u00e3o do golpe contra os trabalhadores"},"content":{"rendered":"<div class=\"content\">\n<p>Dados do Instituto Brasileiro de Geografia e Estat\u00edstica (IBGE) mostram que 4,5 milh\u00f5es dos trabalhadores brasileiros (5% da popula\u00e7\u00e3o) precisaram \u201cse virar\u201d em 2017 com um rendimento m\u00e9dio mensal de R$ 47. Em 2016, era de R$ 76. As informa\u00e7\u00f5es fazem parte da pesquisa &#8220;Rendimento de todas as fontes&#8221;, feita com base na Pesquisa Nacional por Amostra de Domic\u00edlios (Pnad) Cont\u00ednua, divulgada nesta quarta (11).<\/p>\n<p>\u201cN\u00f3s avisamos que o golpe n\u00e3o era apenas para tirar a presidenta Dilma Rousseff e o PT do governo. Sempre dissemos que o golpe era contra o trabalhador, que teria direitos e sal\u00e1rios reduzidos. A\u00ed est\u00e1 a prova do que diz\u00edamos. A renda do trabalhador, que j\u00e1 era uma coisa t\u00e3o pequena caiu ainda mais com esse governo golpista no poder. Mas, os lucros dos bancos e das grandes empresas continuam crescendo sem parar\u201d, observou Juvandia Moreira, presidenta da Confedera\u00e7\u00e3o Nacional dos Trabalhadores do Ramo Financeiro (Contraf-CUT).<\/p>\n<p>Essa queda no rendimento dos trabalhadores mais pobres \u00e9 consequ\u00eancia do aumento do desemprego, da precariza\u00e7\u00e3o do trabalho e fechamento de vagas com carteira assinada. O pr\u00f3prio IBGE j\u00e1 havia divulgado que o desemprego no pa\u00eds voltou a crescer e registrou 12,6% no trimestre entre dezembro e fevereiro. Pior do que isso, ao contr\u00e1rio do que diziam os defensores da reforma trabalhista, os trabalhadores tempor\u00e1rios, contratados para atender a maior demanda do final de ano, n\u00e3o foram efetivados.<\/p>\n<p>O n\u00famero de desempregados s\u00f3 n\u00e3o \u00e9 ainda maior devido ao aumento do n\u00famero daqueles que trabalham por conta pr\u00f3pria, que alcan\u00e7a 23,1 milh\u00f5es de pessoas. Um aumento de 4,4% na compara\u00e7\u00e3o com o mesmo trimestre do ano passado (dezembro de 2016 a fevereiro de 2017).<\/p>\n<p><strong>Concentra\u00e7\u00e3o da riqueza<\/strong><br \/> A pesquisa mostrou ainda que os 10% mais ricos concentraram 43% da massa de rendimentos do pa\u00eds em 2017, um total de R$ 263 bilh\u00f5es, enquanto a parcela dos 10% com os menores rendimentos deteve apenas 0,7% desta massa.<\/p>\n<p>A diferen\u00e7a salarial entre o 1% da popula\u00e7\u00e3o que recebeu os maiores rendimentos (em m\u00e9dia, R$ 27.213) e os 50% que receberam os menores rendimentos (R$ 754) foi de 36,1 vezes. Na regi\u00e3o Nordeste essa diferen\u00e7a \u00e9 ainda maior, chegando a 44,9 vezes. Na regi\u00e3o sul, 25 vezes.<\/p>\n<p>\u201cEsse golpe reverteu a pol\u00edtica de valoriza\u00e7\u00e3o salarial e redu\u00e7\u00e3o das desigualdades regionais, que vinha sendo aplicada durante os governos Lula e Dilma\u201d, afirmou a presidenta da Contraf-CUT. \u201cSe o trabalhador, que \u00e9 quem gera a riqueza do pa\u00eds, n\u00e3o quiser ver os ricos cada vez mais ricos, enquanto eles t\u00eam que viver \u00e0 mingua, \u00e9 bom abrir os olhos nas pr\u00f3ximas elei\u00e7\u00f5es. Sabemos quem votou a favor da reforma trabalhista e da lei de terceiriza\u00e7\u00f5es, que retira direitos dos trabalhadores e d\u00e3o uma s\u00e9rie de benesses aos empres\u00e1rios. Sabemos quem votou a favor da cria\u00e7\u00e3o de um teto para os investimentos em sa\u00fade, educa\u00e7\u00e3o e em todas as pol\u00edticas sociais que beneficiam as pessoas que mais precisam. Quem ajudou aprovar essas propostas n\u00e3o merece receber o voto dos trabalhadores\u201d, concluiu.<\/p>\n<\/div>\n<p id=\"page-author\"><span style=\"text-decoration: underline;\"><em><strong>Fonte: Contraf-CUT<\/strong><\/em><\/span><\/p>\n","protected":false},"excerpt":{"rendered":"<p>Dados do Instituto Brasileiro de Geografia e Estat\u00edstica (IBGE) mostram que 4,5 milh\u00f5es dos trabalhadores brasileiros (5% da popula\u00e7\u00e3o) precisaram \u201cse virar\u201d em 2017 com um rendimento m\u00e9dio mensal de R$ 47. Em 2016, era de R$ 76. As informa\u00e7\u00f5es fazem parte da pesquisa &#8220;Rendimento de todas as fontes&#8221;, feita com base na Pesquisa Nacional [&hellip;]<\/p>\n","protected":false},"author":2,"featured_media":4196,"comment_status":"","ping_status":"","sticky":false,"template":"","format":"standard","meta":{"footnotes":""},"categories":[3],"tags":[],"class_list":["post-4197","post","type-post","status-publish","format-standard","has-post-thumbnail","hentry","category-noticias"],"_links":{"self":[{"href":"https:\/\/hostnetart.com.br\/baixada\/wp-json\/wp\/v2\/posts\/4197","targetHints":{"allow":["GET"]}}],"collection":[{"href":"https:\/\/hostnetart.com.br\/baixada\/wp-json\/wp\/v2\/posts"}],"about":[{"href":"https:\/\/hostnetart.com.br\/baixada\/wp-json\/wp\/v2\/types\/post"}],"author":[{"embeddable":true,"href":"https:\/\/hostnetart.com.br\/baixada\/wp-json\/wp\/v2\/users\/2"}],"replies":[{"embeddable":true,"href":"https:\/\/hostnetart.com.br\/baixada\/wp-json\/wp\/v2\/comments?post=4197"}],"version-history":[{"count":0,"href":"https:\/\/hostnetart.com.br\/baixada\/wp-json\/wp\/v2\/posts\/4197\/revisions"}],"wp:featuredmedia":[{"embeddable":true,"href":"https:\/\/hostnetart.com.br\/baixada\/wp-json\/wp\/v2\/media\/4196"}],"wp:attachment":[{"href":"https:\/\/hostnetart.com.br\/baixada\/wp-json\/wp\/v2\/media?parent=4197"}],"wp:term":[{"taxonomy":"category","embeddable":true,"href":"https:\/\/hostnetart.com.br\/baixada\/wp-json\/wp\/v2\/categories?post=4197"},{"taxonomy":"post_tag","embeddable":true,"href":"https:\/\/hostnetart.com.br\/baixada\/wp-json\/wp\/v2\/tags?post=4197"}],"curies":[{"name":"wp","href":"https:\/\/api.w.org\/{rel}","templated":true}]}}