{"id":4195,"date":"2018-04-13T16:29:42","date_gmt":"2018-04-13T19:29:42","guid":{"rendered":"https:\/\/hostnetart.com.br\/baixada\/o-fascismo-nao-perdoa-nem-os-que-por-burrice-oportunismo-ou-covardia-o-atraem\/"},"modified":"2018-04-13T16:29:42","modified_gmt":"2018-04-13T19:29:42","slug":"o-fascismo-nao-perdoa-nem-os-que-por-burrice-oportunismo-ou-covardia-o-atraem","status":"publish","type":"post","link":"https:\/\/hostnetart.com.br\/baixada\/o-fascismo-nao-perdoa-nem-os-que-por-burrice-oportunismo-ou-covardia-o-atraem\/","title":{"rendered":"O fascismo n\u00e3o perdoa nem os que, por burrice, oportunismo ou covardia, o atraem"},"content":{"rendered":"<div>\n<p>A cada vez que algu\u00e9m divulgar uma <a class=\"internal-link\" title=\"\" href=\"http:\/\/www.redebrasilatual.com.br\/entretenimento\/2018\/04\/para-o-pastor-ariovaldo-ramos-a-midia-brasileira-e-uma-escola-de-fake-news\" target=\"_blank\" rel=\"noopener noreferrer\">not\u00edcia fake<\/a> na internet sabendo que no fundo, intimamente, est\u00e1 mentindo miseravelmente e n\u00e3o passa de um canalha vil e desprez\u00edvel&#8230; .<\/p>\n<p>A cada vez que cidad\u00e3os que dizem se preocupar com a Liberdade, a Na\u00e7\u00e3o, o Estado de Direito e a Democracia, assistirem passivamente \u00e0 publica\u00e7\u00e3o de coment\u00e1rios econ\u00f4micos, jur\u00eddicos e pol\u00edticos mentirosos, e a outras cal\u00fanias e absurdos na internet, mansa e passivamente, sem resistir nem responder a eles&#8230;<\/p>\n<blockquote class=\"pullquote\"><p>A cada vez que algu\u00e9m defender a tortura e a volta dos assassinatos da ditadura, sabendo que em um regime de exce\u00e7\u00e3o ningu\u00e9m est\u00e1 a salvo do guarda da esquina,\u00a0 ele estar\u00e1 mais pr\u00f3ximo<\/p><\/blockquote>\n<p>A cada vez que algu\u00e9m <a class=\"internal-link\" title=\"\" href=\"http:\/\/www.redebrasilatual.com.br\/revistas\/132\/mauro-santayana-o-fim-do-bndes-e-o-grande-golpe-do-brasil-quebrado\" target=\"_blank\" rel=\"noopener noreferrer\">disser que o Brasil est\u00e1 quebrado<\/a> por incompet\u00eancia de governos anteriores quando somos o quarto maior credor individual externo dos Estados Unidos, temos 380 bilh\u00f5es de d\u00f3lares \u2013 mais de 1 trilh\u00e3o e 200 bilh\u00f5es de reais \u2013 em reservas internacionais, o BNDES est\u00e1 pagando antecipadamente 230 bilh\u00f5es de reais ao Tesouro e a divida bruta e l\u00edquida p\u00fablicas s\u00e3o menores do que eram em 2002 com rela\u00e7\u00e3o ao PIB&#8230;<\/p>\n<p>A cada vez que algu\u00e9m gritar que <a class=\"internal-link\" title=\"\" href=\"http:\/\/www.redebrasilatual.com.br\/economia\/2016\/09\/temer-abre-temporada-de-entrega-de-ativos-iniciativa-privada-5540.html\" target=\"_blank\" rel=\"noopener noreferrer\">temos que entregar<\/a> o pr\u00e9-sal, a Petrobras, a Embraer, a Eletrobras e a Amaz\u00f4nia para os Estadis porque somos ladr\u00f5es e incompetentes para cuidar do que \u00e9 nosso, como se o governo e as empresas norte-americanas fossem um impoluto po\u00e7o de honestidade e moralismo e at\u00e9 o genro do Rei da Espanha n\u00e3o tivesse sido apanhado em cabide de emprego da Vivo depois que esta veio para o Brasil aproveitando a <a class=\"internal-link\" title=\"\" href=\"http:\/\/www.redebrasilatual.com.br\/blogs\/blog-na-rede\/2012\/07\/paraisos-fiscais-e-a-privataria-tucana\" target=\"_blank\" rel=\"noopener noreferrer\">criminosa privatiza\u00e7\u00e3o da Telebras<\/a>, feita por gente que depois ocupou aqui a Presid\u00eancia dessa empresa espanhola&#8230;<\/p>\n<p>A cada vez que algu\u00e9m defender raivosamente o livre com\u00e9rcio quando o Eximbank e a Opic norte-americanos emprestam mais dinheiro p\u00fablico que o BNDES no apoio a exporta\u00e7\u00f5es e Trump adota sobretaxas contra a importa\u00e7\u00e3o de a\u00e7o e aluminio brasileiros e para vender avi\u00f5es ao governo dos Estados Unidos a Embraer \u00e9 obrigada a instalar primeiro com participa\u00e7\u00e3o minorit\u00e1ria uma f\u00e1brica nos Estados Unidos&#8230;<\/p>\n<p>A cada vez que algu\u00e9m vangloriar o Estado m\u00ednimo, quando os Estados Unidos \u2013 que est\u00e1 mais endividado que o Brasil \u2013 est\u00e1 programando investir mais de um trilh\u00e3o de d\u00f3lares de dinheiro p\u00fablico em obras de infraestrutura para reativar a economia, tem apenas no Departamento de Defesa mais funcion\u00e1rios federais que todo o governo brasileiro e todo mundo \u2013 principalmente a China \u2013 sabe que n\u00e3o existem na\u00e7\u00f5oes fortes sem estados fortes, ou sem empresas nacionais privadas ou estatais poderosas que \u00e9 preciso preservar e defender&#8230;<\/p>\n<p>A cada vez que algu\u00e9m defender a volta de militares golpistas ao poder \u2013 porque milhares de militares legalistas foram contra o golpe de 1964 e foram perseguidos depois por defender a Constitui\u00e7\u00e3o e a Democracia \u2013 abrindo m\u00e3o de votar e suspirar e sentir o cabelo da nuca arrepiar quando vir um reco passar por perto&#8230;<\/p>\n<p>A cada vez que algu\u00e9m afirmar que em 1964 n\u00e3o houve um golpe contra um Presidente eleito, consagrado pelo apoio popular, poucas semanas antes, em um plebiscito amplamente vitorioso&#8230;<\/p>\n<p>A cada vez que algu\u00e9m defender a tortura e a volta dos assassinatos da ditadura, sabendo que em um regime de exce\u00e7\u00e3o ningu\u00e9m est\u00e1 a salvo do guarda da esquina, como aprenderam golpistas que desfilaram pedindo o golpe de 1964 e depois tiveram filhos e parentes assassinados ou torturados pela repress\u00e3o&#8230;<\/p>\n<p>A cada vez que algu\u00e9m achar normal \u2013 desde que n\u00e3o seja seu parente \u2013 que, sem flagrante, uma pessoa possa ser <a class=\"internal-link\" title=\"\" href=\"http:\/\/www.redebrasilatual.com.br\/politica\/2016\/03\/damous-nao-houve-uma-conducao-coercitiva-houve-um-sequestro-7549.html\" target=\"_blank\" rel=\"noopener noreferrer\">levada pela pol\u00edcia\u00a0<\/a>para depor sem ter sido antes previamente intimada a depor pela justi\u00e7a&#8230;<\/p>\n<p>A cada vez que informa\u00e7\u00f5es sigilosas de inqu\u00e9ritos em andamento forem vazadas propositalmente por quem deveria preservar o sigilo de Justi\u00e7a, para determinadas e particulares emissoras de televis\u00e3o&#8230;<\/p>\n<p>A cada vez que algu\u00e9m aceitar que um cidad\u00e3o pode ser acusado, condenado e encarcerado sem provas e apenas pela palavra de um investigado preso que teve muitas vezes sua pris\u00e3o sucessiva imoralmente prorrogada, disposto a tudo para sair da cadeia a qualquer pre\u00e7o&#8230;<\/p>\n<p>A cada vez que algu\u00e9m achar que algum cidad\u00e3o pode ser acusado de ser dono de alguma propriedade sem nunca ter tomado posse dela ou sequer possuir uma escritura que prove que \u00e9 sua&#8230;<\/p>\n<p>A cada vez que algu\u00e9m acreditar que um apartamento fuleiro que vale menos de um milh\u00e3o de reais pode ter servido de propina para comprar a dignidade de algu\u00e9m que comandou durante oito anos uma das maiores economias do mundo&#8230;<\/p>\n<p>A cada vez que algu\u00e9m soltar foguetes por motivos pol\u00edticos, celebrando sua pr\u00f3pria ignor\u00e2ncia e imbecilidade&#8230;<\/p>\n<p>A cada vez que algu\u00e9m aceitar promulgar leis inconstitucionais para ceder \u00e0 press\u00e3o dos advers\u00e1rios adotando um republicanismo pueril e imaturo&#8230;<\/p>\n<p>A cada vez que a lei aceitar tratar de forma diferente \u2013 ou igualmente injusta e ilegal \u2013 aqueles que s\u00e3o iguais&#8230;<\/p>\n<p>A cada vez que um juiz ou procurador emitir \u2013 sem estar a isso constitucionalmente autorizado \u2013 uma opini\u00e3o pol\u00edtica&#8230;<\/p>\n<p>A cada vez que ju\u00edzes ou procuradores falarem em fazer greve para defender benesses como aux\u00edlio-moradia quando j\u00e1 ganham muitas vezes \u2013 tamb\u00e9m de forma imoral \u2013 perto ou mais de 100 mil reais, muito acima, portanto, do limite constitucional vigente, que \u00e9 o sal\u00e1rio de ministros do STF&#8230;<\/p>\n<p>A cada vez que algu\u00e9m defender que &#8220;bandido bom \u00e9 bandido morto&#8221; (at\u00e9 algum parente se envolver em um incidente de tr\u00e2nsito ou em uma discuss\u00e3o de condom\u00ednio com algum agente prisional, guarda municipal ou agente de pol\u00edcia)&#8230;<\/p>\n<p>A cada vez que algu\u00e9m comemorar a morte de algu\u00e9m por ele ser supostamente &#8220;comunista&#8221;, ou negro, viciado, gay ou da periferia&#8230;<\/p>\n<p>A cada vez que algu\u00e9m ache normal \u2013 e com isso vibre \u2013 que candidatos defendam o excludente autom\u00e1tico de ilicitude para agentes de seguran\u00e7a p\u00fablica que matem &#8220;em servi\u00e7o&#8221;, em um pa\u00eds em que a pol\u00edcia j\u00e1 \u00e9 a que mais mata no mundo&#8230;<\/p>\n<p>A cada vez que algu\u00e9m achar que s\u00f3 ele tem o direito ou, pior, a exclusividade de usar os s\u00edmbolos nacionais e o verde e amarelo \u2013 que pertencem a todos os brasileiros&#8230;<\/p>\n<p>A cada vez que um ministro da Suprema Corte se calar quando for insultado publicamente por ju\u00edzes e procuradores ou por um energ\u00fameno qualquer nas redes sociais&#8230;<\/p>\n<p>A cada vez que algu\u00e9m acreditar que \u00e1gua de torneira \u2013 aben\u00e7oada por um sujeito na tela da televis\u00e3o \u2013 cura o c\u00e2ncer, que a terra \u00e9 plana, ou que Hitler, obrigado a suicidar-se durante a Batalha de Berlim pelo cerco das tropas sovi\u00e9ticas, era socialista&#8230;<\/p>\n<p>A cada vez que algu\u00e9m achar que \u00e9 normal que institutos de certos ex-presidentes tenham ganho milh\u00f5es com a realiza\u00e7\u00e3o de palestras de um certo ex-presidente e outros institutos de outros ex-presidentes tenham de ser multados em todo o dinheiro ganho por palestras de outro ex-presidente&#8230;<\/p>\n<p>A cada vez que algu\u00e9m ache normal que algu\u00e9m v\u00e1 para a cadeia por n\u00e3o ter comprado um apartamento e outros sequer sejam investigados por ter comprado v\u00e1rias outras propriedades imobili\u00e1rias por pre\u00e7os abaixo do mercado&#8230;<\/p>\n<p>A cada vez que uma emissora de televis\u00e3o, pratique, nas barbas do TSE, impune e disfar\u00e7adamente, pol\u00edtica, \u201cfiltrando\u201d e exibindo depoimentos \u201cespont\u00e2neos\u201d de cidad\u00e3os de todo o pa\u00eds, para defender subjetivamente suas pr\u00f3prias teses \u2013 ou aquelas que mais lhe agradem \u2013 em pleno ano eleitoral&#8230;<\/p>\n<p>A cada vez que algu\u00e9m adotar descaradamente a chicana e o casu\u00edsmo, impedindo que se cumpra a Constitui\u00e7\u00e3o, porque est\u00e1 apostando na crise institucional e foi picado pela mosca azul quando estava sentado na principal cadeira do Pal\u00e1cio do Planalto\u2026<\/p>\n<p>A cada vez que ministros do Supremo inventarem dialetos javaneses ou hermen\u00eauticos lero-leros para justificar votos incompreens\u00edveis e confusos que v\u00e3o contra a Constitui\u00e7\u00e3o e que a Hist\u00f3ria n\u00e3o esquecer\u00e1 nem absolver\u00e1&#8230;<\/p>\n<p>O Fascismo estar\u00e1 mais perto da vit\u00f3ria.<\/p>\n<p>E n\u00e3o perdoar\u00e1, em sua orgia de \u00f3dio, viol\u00eancia e hipocrisia, nem mesmo aqueles que agora est\u00e3o empenhados, por burrice, oportunismo ou covardia, em chocar o ovo da serpente e abrir-lhe o caminho para o triunfo.<\/p>\n<p>\u00a0<\/p>\n<p><span style=\"text-decoration: underline;\"><em><strong>FONTE: Rede Brasil Atual<\/strong><\/em><\/span><\/p>\n<\/div>\n","protected":false},"excerpt":{"rendered":"<p>A cada vez que algu\u00e9m divulgar uma not\u00edcia fake na internet sabendo que no fundo, intimamente, est\u00e1 mentindo miseravelmente e n\u00e3o passa de um canalha vil e desprez\u00edvel&#8230; . A cada vez que cidad\u00e3os que dizem se preocupar com a Liberdade, a Na\u00e7\u00e3o, o Estado de Direito e a Democracia, assistirem passivamente \u00e0 publica\u00e7\u00e3o de [&hellip;]<\/p>\n","protected":false},"author":2,"featured_media":4194,"comment_status":"","ping_status":"","sticky":false,"template":"","format":"standard","meta":{"footnotes":""},"categories":[3],"tags":[],"class_list":["post-4195","post","type-post","status-publish","format-standard","has-post-thumbnail","hentry","category-noticias"],"_links":{"self":[{"href":"https:\/\/hostnetart.com.br\/baixada\/wp-json\/wp\/v2\/posts\/4195","targetHints":{"allow":["GET"]}}],"collection":[{"href":"https:\/\/hostnetart.com.br\/baixada\/wp-json\/wp\/v2\/posts"}],"about":[{"href":"https:\/\/hostnetart.com.br\/baixada\/wp-json\/wp\/v2\/types\/post"}],"author":[{"embeddable":true,"href":"https:\/\/hostnetart.com.br\/baixada\/wp-json\/wp\/v2\/users\/2"}],"replies":[{"embeddable":true,"href":"https:\/\/hostnetart.com.br\/baixada\/wp-json\/wp\/v2\/comments?post=4195"}],"version-history":[{"count":0,"href":"https:\/\/hostnetart.com.br\/baixada\/wp-json\/wp\/v2\/posts\/4195\/revisions"}],"wp:featuredmedia":[{"embeddable":true,"href":"https:\/\/hostnetart.com.br\/baixada\/wp-json\/wp\/v2\/media\/4194"}],"wp:attachment":[{"href":"https:\/\/hostnetart.com.br\/baixada\/wp-json\/wp\/v2\/media?parent=4195"}],"wp:term":[{"taxonomy":"category","embeddable":true,"href":"https:\/\/hostnetart.com.br\/baixada\/wp-json\/wp\/v2\/categories?post=4195"},{"taxonomy":"post_tag","embeddable":true,"href":"https:\/\/hostnetart.com.br\/baixada\/wp-json\/wp\/v2\/tags?post=4195"}],"curies":[{"name":"wp","href":"https:\/\/api.w.org\/{rel}","templated":true}]}}