{"id":4191,"date":"2018-04-13T16:27:08","date_gmt":"2018-04-13T19:27:08","guid":{"rendered":"https:\/\/hostnetart.com.br\/baixada\/stj-reduz-valor-de-causa-contra-o-itau-em-mais-de-mil-vezes\/"},"modified":"2018-04-13T16:27:08","modified_gmt":"2018-04-13T19:27:08","slug":"stj-reduz-valor-de-causa-contra-o-itau-em-mais-de-mil-vezes","status":"publish","type":"post","link":"https:\/\/hostnetart.com.br\/baixada\/stj-reduz-valor-de-causa-contra-o-itau-em-mais-de-mil-vezes\/","title":{"rendered":"STJ reduz valor de causa contra o Ita\u00fa em mais de mil vezes"},"content":{"rendered":"<div class=\"content\">\n<p>Em decis\u00e3o tomada na quarta-feira (10\/4), a 4\u00aa Turma do Superior Tribunal de Justi\u00e7a reduziu em mil vezes (de R$ 160 milh\u00f5es para R$160 mil) o valor da causa de uma A\u00e7\u00e3o Civil P\u00fablica proposta contra o banco Ita\u00fa. Segundo a a\u00e7\u00e3o, o banco oferece de forma indiscriminada produtos como cheque especial e cart\u00e3o de cr\u00e9dito e, assim, contribui para situa\u00e7\u00f5es de superendividamento em massa dos consumidores.<\/p>\n<p>O valor da causa havia sido atribu\u00eddo pelo Instituto de Defesa do Cidad\u00e3o e mantido pelo Tribunal de Justi\u00e7a do Paran\u00e1.<\/p>\n<p>Em concord\u00e2ncia com o ministro Lu\u00eds Felipe Salom\u00e3o, relator do Recurso Especial 1712504\/PR, a 4\u00aa Turma do STJ considerou o valor, exorbitante, j\u00e1 que n\u00e3o \u00e9 poss\u00edvel demonstrar que a quantia corresponde efetivamente aos danos pretendidos. Nas palavras do ministro relator, \u201co car\u00e1ter indetermin\u00e1vel dos benefici\u00e1rios, que impossibilita a exatid\u00e3o do valor econ\u00f4mico da pretens\u00e3o, n\u00e3o autoriza sua fixa\u00e7\u00e3o em quantia exorbitante\u201d.<\/p>\n<p>Al\u00e9m de oferecer produtos de forma indiscriminada, descontando valores dos sal\u00e1rios dos consumidores de forma \u201cunilateral\u201d e \u201csem amparo no ordenamento jur\u00eddico\u201d, o Instituto de Defesa do Cidad\u00e3o argumenta, ainda, que a indeniza\u00e7\u00e3o pedida corresponde a apenas uma parcela do real endividamento do consumidor brasileiro, apurado, segundo a institui\u00e7\u00e3o, em R$ 555 bilh\u00f5es.<\/p>\n<p>Para Salom\u00e3o, \u00e9 necess\u00e1rio estipular crit\u00e9rios para a atribui\u00e7\u00e3o do valor da causa em a\u00e7\u00f5es coletivas, especialmente quando se mostre invi\u00e1vel a determina\u00e7\u00e3o de seu exato conte\u00fado econ\u00f4mico. \u201cAinda que as decis\u00f5es das inst\u00e2ncias ordin\u00e1rias considerem imposs\u00edvel aferir a exata dimens\u00e3o do benef\u00edcio a ser alcan\u00e7ado com a a\u00e7\u00e3o civil proposta, penso que tal premissa n\u00e3o \u00e9 capaz de subsidiar uma mensura\u00e7\u00e3o absolutamente aleat\u00f3ria do conte\u00fado econ\u00f4mico da causa, que destoe da razoabilidade\u201d, afirmou.<\/p>\n<p>Diante do car\u00e1ter indetermin\u00e1vel dos benefici\u00e1rios, que impossibilita o valor exato dos supostos preju\u00edzo, o ministro acolheu o pedido do Ita\u00fa e reduziu o valor da causa para R$ 160 mil. Ele foi acompanhado pelos demais integrantes do colegiado.<\/p>\n<p>As informa\u00e7\u00f5es s\u00e3o do <ins><strong><a href=\"https:\/\/www.jota.info\/justica\/stj-reduz-160-milhoes-160-mil-condenacao-itau-acao-coletiva-10042018\" target=\"_blank\" rel=\"noopener noreferrer\">portal Jota<\/a><\/strong><\/ins>, especializado em not\u00edcias jur\u00eddicas.<\/p>\n<\/div>\n<p id=\"page-author\"><strong>Fonte: Contraf-CUT<\/strong><\/p>\n","protected":false},"excerpt":{"rendered":"<p>Em decis\u00e3o tomada na quarta-feira (10\/4), a 4\u00aa Turma do Superior Tribunal de Justi\u00e7a reduziu em mil vezes (de R$ 160 milh\u00f5es para R$160 mil) o valor da causa de uma A\u00e7\u00e3o Civil P\u00fablica proposta contra o banco Ita\u00fa. Segundo a a\u00e7\u00e3o, o banco oferece de forma indiscriminada produtos como cheque especial e cart\u00e3o de [&hellip;]<\/p>\n","protected":false},"author":2,"featured_media":4190,"comment_status":"","ping_status":"","sticky":false,"template":"","format":"standard","meta":{"footnotes":""},"categories":[3],"tags":[],"class_list":["post-4191","post","type-post","status-publish","format-standard","has-post-thumbnail","hentry","category-noticias"],"_links":{"self":[{"href":"https:\/\/hostnetart.com.br\/baixada\/wp-json\/wp\/v2\/posts\/4191","targetHints":{"allow":["GET"]}}],"collection":[{"href":"https:\/\/hostnetart.com.br\/baixada\/wp-json\/wp\/v2\/posts"}],"about":[{"href":"https:\/\/hostnetart.com.br\/baixada\/wp-json\/wp\/v2\/types\/post"}],"author":[{"embeddable":true,"href":"https:\/\/hostnetart.com.br\/baixada\/wp-json\/wp\/v2\/users\/2"}],"replies":[{"embeddable":true,"href":"https:\/\/hostnetart.com.br\/baixada\/wp-json\/wp\/v2\/comments?post=4191"}],"version-history":[{"count":0,"href":"https:\/\/hostnetart.com.br\/baixada\/wp-json\/wp\/v2\/posts\/4191\/revisions"}],"wp:featuredmedia":[{"embeddable":true,"href":"https:\/\/hostnetart.com.br\/baixada\/wp-json\/wp\/v2\/media\/4190"}],"wp:attachment":[{"href":"https:\/\/hostnetart.com.br\/baixada\/wp-json\/wp\/v2\/media?parent=4191"}],"wp:term":[{"taxonomy":"category","embeddable":true,"href":"https:\/\/hostnetart.com.br\/baixada\/wp-json\/wp\/v2\/categories?post=4191"},{"taxonomy":"post_tag","embeddable":true,"href":"https:\/\/hostnetart.com.br\/baixada\/wp-json\/wp\/v2\/tags?post=4191"}],"curies":[{"name":"wp","href":"https:\/\/api.w.org\/{rel}","templated":true}]}}