{"id":4185,"date":"2018-04-12T05:00:00","date_gmt":"2018-04-12T08:00:00","guid":{"rendered":"https:\/\/hostnetart.com.br\/baixada\/ato-na-matriz-cobra-politica-de-saude-na-caixa\/"},"modified":"2018-04-12T05:00:00","modified_gmt":"2018-04-12T08:00:00","slug":"ato-na-matriz-cobra-politica-de-saude-na-caixa","status":"publish","type":"post","link":"https:\/\/hostnetart.com.br\/baixada\/ato-na-matriz-cobra-politica-de-saude-na-caixa\/","title":{"rendered":"Ato na Matriz cobra pol\u00edtica de sa\u00fade na Caixa"},"content":{"rendered":"<div class=\"content\">\n<p>Na \u00faltima quinta-feira (5), empregados da Caixa Econ\u00f4mica Federal participaram de ato nacional em defesa da vida dos empregados e pelo fim da gest\u00e3o que adoece e mata. A manifesta\u00e7\u00e3o ocorreu em frente \u00e0 Matriz I, em Bras\u00edlia (DF). Na ocasi\u00e3o, o Sindicato dos Banc\u00e1rios de Curitiba e Regi\u00e3o entregou ao diretor de Pessoas da empresa, Roney de Oliveira, documento em que ressalta o aumento significativo de suic\u00eddios e afastamentos por doen\u00e7as em raz\u00e3o de excesso de trabalho e jornada extenuante.<\/p>\n<p>Em 22 de fevereiro, o sindicato j\u00e1 havia promovido um ato na capital paranaense para expor o descaso da dire\u00e7\u00e3o do banco com a sa\u00fade dos empregados. \u201cEla n\u00e3o pode continuar fazendo de conta que o aumento no n\u00famero de suic\u00eddios n\u00e3o existe. Seremos a consci\u00eancia deles!&#8221;, ressalta Gen\u00e9sio Cardoso, diretor da entidade.<\/p>\n<p>Gen\u00e9sio ressalta que a situa\u00e7\u00e3o em Curitiba foi agravada porque a Caixa administra a conta funcional da prefeitura. \u201cS\u00e3o 50 mil contas a mais. Enquanto isso, o banco reduziu o n\u00famero de empregados em 279 e h\u00e1 470 aprovados no concurso de 2014. J\u00e1 denunciamos ao Minist\u00e9rio P\u00fablico do Trabalho, que solicitou \u00e0 Caixa o n\u00famero de afastamentos por motivo de depress\u00e3o ou outros transtornos mentais e psicol\u00f3gicos\u201d, relata.<\/p>\n<p>Estudo realizado pela Secretaria de Sa\u00fade do Paran\u00e1 aponta a categoria banc\u00e1ria como a primeira colocada nas notifica\u00e7\u00f5es de transtornos mentais relacionados ao trabalho, no per\u00edodo de 2006 a 2017. \u201cMas o problema se repete em todo o pa\u00eds. H\u00e1 tempos cobramos uma discuss\u00e3o sobre pol\u00edtica de sa\u00fade mental, mas a Caixa continua ignorando a necessidade e n\u00e3o priorizando esse debate\u201d, acusa a diretora de Sa\u00fade e Previd\u00eancia da Fenae, Fabiana Matheus.<\/p>\n<p>Na \u00faltima reuni\u00e3o do Grupo de Trabalho (GT) Sa\u00fade do Trabalhador, no dia 27 de mar\u00e7o, o assunto foi debatido. Os representantes dos empregados defenderam a realiza\u00e7\u00e3o de uma oficina de sa\u00fade mental com a participa\u00e7\u00e3o de especialistas e representa\u00e7\u00f5es da empresa e dos trabalhadores. A Caixa j\u00e1 havia assumido o compromisso de realiza\u00e7\u00e3o do evento, mas a atual gestora da \u00e1rea de sa\u00fade, Fernanda Campelo, disse que dever\u00e1 levar a proposta \u00e0 dire\u00e7\u00e3o da empresa antes de dar uma resposta final.<\/p>\n<\/div>\n<p id=\"page-author\"><strong>Fonte: Fenae e editado por Contraf-CUT<\/strong><\/p>\n","protected":false},"excerpt":{"rendered":"<p>Na \u00faltima quinta-feira (5), empregados da Caixa Econ\u00f4mica Federal participaram de ato nacional em defesa da vida dos empregados e pelo fim da gest\u00e3o que adoece e mata. A manifesta\u00e7\u00e3o ocorreu em frente \u00e0 Matriz I, em Bras\u00edlia (DF). Na ocasi\u00e3o, o Sindicato dos Banc\u00e1rios de Curitiba e Regi\u00e3o entregou ao diretor de Pessoas da [&hellip;]<\/p>\n","protected":false},"author":2,"featured_media":4184,"comment_status":"","ping_status":"","sticky":false,"template":"","format":"standard","meta":{"footnotes":""},"categories":[3],"tags":[],"class_list":["post-4185","post","type-post","status-publish","format-standard","has-post-thumbnail","hentry","category-noticias"],"_links":{"self":[{"href":"https:\/\/hostnetart.com.br\/baixada\/wp-json\/wp\/v2\/posts\/4185","targetHints":{"allow":["GET"]}}],"collection":[{"href":"https:\/\/hostnetart.com.br\/baixada\/wp-json\/wp\/v2\/posts"}],"about":[{"href":"https:\/\/hostnetart.com.br\/baixada\/wp-json\/wp\/v2\/types\/post"}],"author":[{"embeddable":true,"href":"https:\/\/hostnetart.com.br\/baixada\/wp-json\/wp\/v2\/users\/2"}],"replies":[{"embeddable":true,"href":"https:\/\/hostnetart.com.br\/baixada\/wp-json\/wp\/v2\/comments?post=4185"}],"version-history":[{"count":0,"href":"https:\/\/hostnetart.com.br\/baixada\/wp-json\/wp\/v2\/posts\/4185\/revisions"}],"wp:featuredmedia":[{"embeddable":true,"href":"https:\/\/hostnetart.com.br\/baixada\/wp-json\/wp\/v2\/media\/4184"}],"wp:attachment":[{"href":"https:\/\/hostnetart.com.br\/baixada\/wp-json\/wp\/v2\/media?parent=4185"}],"wp:term":[{"taxonomy":"category","embeddable":true,"href":"https:\/\/hostnetart.com.br\/baixada\/wp-json\/wp\/v2\/categories?post=4185"},{"taxonomy":"post_tag","embeddable":true,"href":"https:\/\/hostnetart.com.br\/baixada\/wp-json\/wp\/v2\/tags?post=4185"}],"curies":[{"name":"wp","href":"https:\/\/api.w.org\/{rel}","templated":true}]}}