{"id":4163,"date":"2018-04-09T14:07:18","date_gmt":"2018-04-09T17:07:18","guid":{"rendered":"https:\/\/hostnetart.com.br\/baixada\/congresso-aprova-plano-de-lutas-da-categoria\/"},"modified":"2018-04-09T14:07:18","modified_gmt":"2018-04-09T17:07:18","slug":"congresso-aprova-plano-de-lutas-da-categoria","status":"publish","type":"post","link":"https:\/\/hostnetart.com.br\/baixada\/congresso-aprova-plano-de-lutas-da-categoria\/","title":{"rendered":"Congresso aprova Plano de Lutas da Categoria"},"content":{"rendered":"<div class=\"content\">\n<p>Os delegados presentes no 5\u00ba Congresso da Contraf-CUT aprovaram o Plano de Lutas da categoria com base nas reflex\u00f5es realizadas no Congresso sobre os\u201cDesafios dos trabalhadores em 2018\u201d e \u201cO futuro do trabalho frente aos avan\u00e7os tecnol\u00f3gicos\u201d, para construir um Plano de Lutas que contribua com a constru\u00e7\u00e3o do \u201cBrasil que queremos\u201d e com o \u201cProjeto organizativo do ramo\u201d.<\/p>\n<p>\u201cEsse golpe que est\u00e1 acontecendo aqui tamb\u00e9m ocorre em todo mundo. \u00c9 um golpe contra a democracia, contra o trabalhador. \u00c9 fundamental que a unidade que tivemos aqui para a constru\u00e7\u00e3o desta chapa aconte\u00e7a tamb\u00e9m nas nossas bases. O compromisso desta gest\u00e3o \u00e9 com a luta pela classe trabalhadora. Cada um de n\u00f3s precisa voltar para nossas bases e fazer essa luta\u201d, disse Juvandia Moreira, presidenta eleita da Contraf-CUT.<\/p>\n<p><a href=\"http:\/\/www.contrafcut.org.br\/noticias\/luta-contra-a-reforma-trabalhista-e-terceirizacao-sao-desafios-para-a-classe-tra-bf36\" target=\"_blank\" rel=\"noopener noreferrer\"><ins><strong>Desafios para 2018<\/strong><\/ins><\/a><br \/> Um dos desafios a serem superados em 2018 \u00e9 a manuten\u00e7\u00e3o dos direitos previstos nas atuais Conven\u00e7\u00f5es Coletivas de Trabalho (CCT) dos banc\u00e1rios e dos financi\u00e1rios. Ser\u00e1 a primeira Campanha Nacional ap\u00f3s a aprova\u00e7\u00e3o da reforma trabalhista (<ins><a href=\"http:\/\/www.planalto.gov.br\/ccivil_03\/_ato2015-2018\/2017\/lei\/l13467.htm\" target=\"_blank\" rel=\"noopener noreferrer\"><strong>Lei 13.647\/2017<\/strong><\/a><\/ins>).<\/p>\n<p>A Contraf-CUT est\u00e1 preocupada em garantir a ultratividade da conven\u00e7\u00e3o. O par\u00e1grafo 3\u00ba do artigo 614 da nova Lei Trabalhista veda a ultratividade da CCT.<\/p>\n<p>\u201cSer\u00e1 a primeira vez que a Fenaban (Federa\u00e7\u00e3o Nacional dos Bancos)ter\u00e1 que negociar com duas mulheres coordenando nossa mesa de negocia\u00e7\u00f5es. Tenho d\u00f3 da Fenaban por ter que enfrentar essas duas\u201d, disse o eleito secret\u00e1rio de Rela\u00e7\u00f5es Internacionais da Contraf-CUT, Roberto von der Osten, se referindo a Juvandia Moreira, que o substitui na presid\u00eancia da Confedera\u00e7\u00e3o e Ivone Silva, presidenta do Sindicato dos Banc\u00e1rios de S\u00e3o Paulo, Osasco e Regi\u00e3o.<\/p>\n<p>A Campanha Nacional de 2018 ter\u00e1 como objetivos estrat\u00e9gicos a manuten\u00e7\u00e3o da mesa \u00fanica de negocia\u00e7\u00f5es; a renova\u00e7\u00e3o da Conven\u00e7\u00e3o Coletiva de Trabalho, mantendo seu car\u00e1ter nacional e a integralidade das conquistas da categoria; renovar tamb\u00e9m os acordos espec\u00edficos sem perda de conquistas. A campanha deve estar ainda focada na defesa do emprego, dos bancos p\u00fablicos e do papel social dos bancos, al\u00e9m do fortalecimento da representa\u00e7\u00e3o da categoria.<\/p>\n<p>Outro desafio que deve ser enfrentado desde 2018 \u00e9 defesa da democracia e da soberania nacional. \u201cIsso tamb\u00e9m passa pelas elei\u00e7\u00f5es de 2018, que ser\u00e1 um marco estrat\u00e9gico para a classe trabalhadora. O atual governo representa uma ruptura na democracia. Temer assumiu o poder depois de um golpe de Estado. Lutar pela vit\u00f3ria do campo democr\u00e1tico e popular, significa tamb\u00e9m garantir a continuidade do projeto que estava promovendo a distribui\u00e7\u00e3o de renda, o acesso das classes populares \u00e0 universidade, a erradica\u00e7\u00e3o da fome, a valoriza\u00e7\u00e3o salarial com o consequente aumento do poder de compra do trabalhador. Significa reverter a retirada de direitos e a desarticula\u00e7\u00e3o do projeto neoliberal que tanto afeta aos trabalhadores e especificamente a classe banc\u00e1ria\u201d, disse Juvandia.<\/p>\n<p><a href=\"http:\/\/www.contrafcut.org.br\/noticias\/5-congresso-da-contraf-cut-debate-futuro-do-trabalho-e-avancos-tecnologicos-e5ef\/\" target=\"_blank\" rel=\"noopener noreferrer\"><ins><strong>Futuro do trabalho e avan\u00e7os tecnol\u00f3gicos<\/strong><\/ins><\/a><br \/> Tendo como certa a impossibilidade de revers\u00e3o da amplia\u00e7\u00e3o do uso de ferramentas tecnol\u00f3gicas e as consequentes reestrutura\u00e7\u00f5es dos bancos, com mudan\u00e7as nos perfis dos cargos e dos trabalhadores, o plano de lutas da categoria tamb\u00e9m prev\u00ea a\u00e7\u00f5es em defesa do emprego, n\u00e3o lutando contra a tecnologia, mas discordando do mau uso que \u00e9 feito dela, apontando que n\u00e3o h\u00e1 redu\u00e7\u00e3o da sobrecarga de trabalho e nem dos custos dos servi\u00e7os banc\u00e1rios. Ao contr\u00e1rio, os banc\u00e1rios trabalham cada vez mais e os clientes pagam tarifas cada vez mais caras.<\/p>\n<p><a href=\"http:\/\/www.contrafcut.org.br\/noticias\/hh-7d5c\/\" target=\"_blank\" rel=\"noopener noreferrer\"><ins><strong>O Brasil e o sistema financeiro que queremos<\/strong><\/ins><\/a><br \/> O plano de lutas da categoria prev\u00ea a\u00e7\u00f5es em defesa da democracia, liberdade de organiza\u00e7\u00e3o e de imprensa, sem oligop\u00f3lios de comunica\u00e7\u00e3o.<\/p>\n<p>\u201cNosso Congresso est\u00e1 inserido na hist\u00f3ria. Depois de fazermos a primeira greve contra o governo golpista, tendo conseguido em pleno golpe fechar um acordo de dois anos, ontem (s\u00e1bado, 7) fizemos a elei\u00e7\u00e3o da nossa dire\u00e7\u00e3o para os pr\u00f3ximos quatro anos. A elei\u00e7\u00e3o mal se deu e a hist\u00f3ria estava rolando. Paramos nossas atividades para ver a hist\u00f3ria se fazendo na nossa cara. Vimos as declara\u00e7\u00f5es de Lula com l\u00e1grimas e com orgulho de ser e estar Lula\u201d, lembrou Roberto von der Osten, referindo-se \u00e0 missa realizada na frente do Sindicato dos Metal\u00fargicos de do ABC, em S\u00e3o Bernardo do Campo (SP), em homenagem a dona Marisa Let\u00edcia, esposa falecida de Lula.<\/p>\n<p>O presidente da Central \u00danica dos Trabalhadores (CUT), Vagner Freitas, trouxe um recado de Lula para a categoria. \u201cEle espera que a gente ande por ele com nossas pernas, fale por ele com nossa voz. Que a gente fa\u00e7a uma campanha di\u00e1ria pela liberta\u00e7\u00e3o dele, por que ele foi preso por defender o projeto de garantia de direitos dos trabalhadores\u201d, disse o presidente da CUT.<\/p>\n<p>\u201cQueriam ridicularizar o presidente Lula. Queriam expor a imagem de\u00a0 um homem saindo preso e sozinho da sede do sindicato. O que vimos foi a cria\u00e7\u00e3o de um mito brasileiro e mundial. Conseguimos empolgar nossa milit\u00e2ncia para lutar pelo pa\u00eds que queremos\u201d, completou Vagner Freitas.<\/p>\n<p>Para Vagner, os dirigentes sindicais t\u00eam que ir nas ag\u00eancias do Banco do Brasil e da Caixa Econ\u00f4mica Federal e dizer que se eles querem impedir que os bancos sejam privatizados, precisam fazer campanha pela liberdade de Lula, pois somente ele \u00e9 capaz de vencer os candidatos que est\u00e3o promovendo as reestrutura\u00e7\u00f5es nos bancos p\u00fablicos querem privatiz\u00e1-los. E nos bancos privados, dizer que Lula est\u00e1 preso porque disse que vai revogar a reforma trabalhista, que retira direitos dos trabalhadores.<\/p>\n<p><strong>Resolu\u00e7\u00e3o<\/strong><br \/> Ao final do Congresso os delegados aprovaram uma resolu\u00e7\u00e3o manifestando rep\u00fadio \u00e0 pris\u00e3o de Lula. \u201cReunidos em congresso gritamos em alto e bom som. Cada um de n\u00f3s seremos Lula\u201d.<\/p>\n<p><strong><a href=\"http:\/\/www.contrafcut.org.br\/noticias\/experiencias-internacionais-ajudam-a-planejar-luta-da-contraf-cut-no-proximo-per-3bf6\/\" target=\"_blank\" rel=\"noopener noreferrer\"><ins>Projeto organizativo dos trabalhadores do ramo financeiro<\/ins><\/a><\/strong><br \/> A Contraf-CUT tamb\u00e9m buscar\u00e1 organizar e representar todas as categorias profissionais que atuam no ramo financeiro por meio de empresas terceirizadas e de maneira prec\u00e1ria, assim como avan\u00e7ar na organiza\u00e7\u00e3o do macrossetor de servi\u00e7os da CUT, criar redes de estruturas e servi\u00e7os compartilhados, manter a autonomia sindical e buscar novas fontes de receitas para as entidades sindicais e ampliar as formas de organiza\u00e7\u00e3o dos trabalhadores fora do ambiente de trabalho, estabelecendo parcerias e ampliando a rela\u00e7\u00e3o com as frentes Brasil Popular e Povo Sem Medo.<\/p>\n<p><strong>Mo\u00e7\u00f5es<\/strong><br \/> Os delegados e delegadas do 5\u00ba Congresso da Contraf-CUT aprovaram ao final da atividade duas mo\u00e7\u00f5es de rep\u00fadio. Uma contra a interven\u00e7\u00e3o militar no Rio de Janeiro e outra contra a utiliza\u00e7\u00e3o da Justi\u00e7a como forma de interfer\u00eancia na organiza\u00e7\u00e3o do Congresso.<\/p>\n<\/div>\n<p id=\"page-author\"><span style=\"text-decoration: underline;\"><em><strong>Fonte: Contraf-CUT<\/strong><\/em><\/span><\/p>\n","protected":false},"excerpt":{"rendered":"<p>Os delegados presentes no 5\u00ba Congresso da Contraf-CUT aprovaram o Plano de Lutas da categoria com base nas reflex\u00f5es realizadas no Congresso sobre os\u201cDesafios dos trabalhadores em 2018\u201d e \u201cO futuro do trabalho frente aos avan\u00e7os tecnol\u00f3gicos\u201d, para construir um Plano de Lutas que contribua com a constru\u00e7\u00e3o do \u201cBrasil que queremos\u201d e com o [&hellip;]<\/p>\n","protected":false},"author":2,"featured_media":4162,"comment_status":"","ping_status":"","sticky":false,"template":"","format":"standard","meta":{"footnotes":""},"categories":[3],"tags":[],"class_list":["post-4163","post","type-post","status-publish","format-standard","has-post-thumbnail","hentry","category-noticias"],"_links":{"self":[{"href":"https:\/\/hostnetart.com.br\/baixada\/wp-json\/wp\/v2\/posts\/4163","targetHints":{"allow":["GET"]}}],"collection":[{"href":"https:\/\/hostnetart.com.br\/baixada\/wp-json\/wp\/v2\/posts"}],"about":[{"href":"https:\/\/hostnetart.com.br\/baixada\/wp-json\/wp\/v2\/types\/post"}],"author":[{"embeddable":true,"href":"https:\/\/hostnetart.com.br\/baixada\/wp-json\/wp\/v2\/users\/2"}],"replies":[{"embeddable":true,"href":"https:\/\/hostnetart.com.br\/baixada\/wp-json\/wp\/v2\/comments?post=4163"}],"version-history":[{"count":0,"href":"https:\/\/hostnetart.com.br\/baixada\/wp-json\/wp\/v2\/posts\/4163\/revisions"}],"wp:featuredmedia":[{"embeddable":true,"href":"https:\/\/hostnetart.com.br\/baixada\/wp-json\/wp\/v2\/media\/4162"}],"wp:attachment":[{"href":"https:\/\/hostnetart.com.br\/baixada\/wp-json\/wp\/v2\/media?parent=4163"}],"wp:term":[{"taxonomy":"category","embeddable":true,"href":"https:\/\/hostnetart.com.br\/baixada\/wp-json\/wp\/v2\/categories?post=4163"},{"taxonomy":"post_tag","embeddable":true,"href":"https:\/\/hostnetart.com.br\/baixada\/wp-json\/wp\/v2\/tags?post=4163"}],"curies":[{"name":"wp","href":"https:\/\/api.w.org\/{rel}","templated":true}]}}