{"id":4161,"date":"2018-04-09T14:06:16","date_gmt":"2018-04-09T17:06:16","guid":{"rendered":"https:\/\/hostnetart.com.br\/baixada\/5-congresso-da-contraf-cut-elege-nova-diretoria\/"},"modified":"2018-04-09T14:06:16","modified_gmt":"2018-04-09T17:06:16","slug":"5-congresso-da-contraf-cut-elege-nova-diretoria","status":"publish","type":"post","link":"https:\/\/hostnetart.com.br\/baixada\/5-congresso-da-contraf-cut-elege-nova-diretoria\/","title":{"rendered":"5\u00ba Congresso da Contraf-CUT elege nova diretoria"},"content":{"rendered":"<div class=\"content\">\n<p>O 5\u00ba Congresso Nacional da Contraf-CUT elegeu por unanimidade, na manh\u00e3 deste s\u00e1bado (7), a nova diretoria para a gest\u00e3o 2018\/2022, em um momento conturbado no pa\u00eds, os delegados elegeram uma chapa de unidade. \u201cEstamos fazendo uma chapa \u00fanica, num momento extremamente importante para o nossos pa\u00eds. Sabemos que, em alguns momentos temos, a nossas diferen\u00e7as, mas tivemos a sabedoria de deix\u00e1-las de lado e mostrar que a nossa converg\u00eancia \u00e9 muito maior\u201d, disse Juvandia Moreira, eleita presidenta da Contraf-CUT para a nova gest\u00e3o.<\/p>\n<p>Para a presidenta do Sindicato dos Banc\u00e1rios de S\u00e3o Paulo, Osasco e Regi\u00e3o, Ivone Silva, a escolha de uma chapa forte e \u00fanica \u00e9 de extrema import\u00e2ncia para o momento, que exige luta e resist\u00eancia. \u201cAgora, n\u00f3s come\u00e7amos o processo eleitoral da nossa Confedera\u00e7\u00e3o que tem um tema que tem tudo a ver: defesa da democracia, da soberania nacional e dos direitos, pois o que est\u00e1 acontecendo no pa\u00eds \u00e9 o ataque \u00e0 democracia. Essa diretoria nos pr\u00f3ximos quatro anos ter\u00e1 de fazer a luta para a democracia, fazendo a luta para que a gente tenha elei\u00e7\u00f5es democr\u00e1ticas e que o Lula seja o nosso candidato, al\u00e9m da luta para que o governo eleito tamb\u00e9m consiga governar. \u00c9 um grande desafio\u201d, disse.<\/p>\n<p>Mauro Salles, representante da CSD e eleito secret\u00e1rio de Sa\u00fade do Trabalhador da Contraf-CUT, defendeu o resgate da democracia e dos direitos dos trabalhadores. \u201cA democracia precisa ser resgatada nesse pa\u00eds, pois sem democracia n\u00e3o temos direito e talvez n\u00e3o tenhamos nem entidades. A democracia apodreceu antes de amadurecer. Uma entidade como essa, que conseguiu fazer uma chapa unit\u00e1ria, precisa tamb\u00e9m de dirigentes que transformem tudo isso em atitudes\u201d, disse.<\/p>\n<p><a class=\"has-subtitle img\" style=\"float: right; height: 267px; width: 400px;\" title=\"\" href=\"http:\/\/admin.contrafcut.com.br\/system\/uploads\/ck\/images\/_MG_3314.JPG\" data-lightbox=\"lightbox\" data-title=\"\"><img decoding=\"async\" style=\"float: right; height: 267px; width: 400px;\" src=\"http:\/\/www.contrafcut.org.br\/images\/_0e2d3cec8b7431ff7e90d4ca287914c8.JPG\" alt=\"\" \/><\/a>A uni\u00e3o \u00e9 palavra de ordem do momento, segundo Jeferson Gustavo Pereira Lima, representante do Em Frente e eleito secret\u00e1rio de Rela\u00e7\u00f5es do Trabalho da Contraf-CUT. \u201cNada mais emblem\u00e1tico e necess\u00e1rio que dizer: trabalhadores de todo o mundo uni-vos. A gente sabe que o fascismo est\u00e1 a\u00ed. E a gente sabe que \u00e9 preciso ter uni\u00e3o e respeitar as diverg\u00eancias de todos n\u00f3s. \u00c9 assim que se constr\u00f3i uma esquerda forte. Precisamos construir urgente um di\u00e1logo com a nossa base, n\u00e3o podemos construir uma frente de esquerda sem a nossa base. Esse di\u00e1logo tem que ser estreito. O mote \u00e9: ir \u00e0 base. A base \u00e9 a base de tudo\u201d, disse.<\/p>\n<p>Ana Estela Alves Lima, representante da Unidade, comentou sobre a import\u00e2ncia da chapa e declarou sua solidariedade em rela\u00e7\u00e3o a pris\u00e3o do ex-presidente Lula, que \u00e9 uma trag\u00e9dia para os trabalhadores. \u201cEu percebo que muitos aqui j\u00e1 conhecemos h\u00e1 muitos anos. Quando a gente era bem jovem, se pegava em algumas quest\u00f5es, talvez ideol\u00f3gicas, mas numa guerra de for\u00e7a, mas no que era fundamental, conseguimos nos unir e nos tornar a principal categoria do pa\u00eds. E \u00e9 isso que temos de fazer agora, pois se nos pegarmos nas pequenas diverg\u00eancias, n\u00f3s vamos perder muito. Por isso n\u00f3s temos que exaltar essa da unidade da chapa e ficar junto com quem tiver afim de trabalhar e de mover o movimento sindical, pois o momento vai exigir muita energia da gente. A gente tamb\u00e9m precisa pensar a nossa organiza\u00e7\u00e3o e ouvir o que os banc\u00e1rios est\u00e3o pensando.\u201d<\/p>\n<p>Nilton Esperan\u00e7a, o Niltinho, do F\u00f3rum, refor\u00e7ou que o momento que a gente vive, quando come\u00e7amos a luta contra as reformas, trabalhista e previdenci\u00e1ria, e agora contra a pris\u00e3o, mostra que, mais do que nunca, \u00e9 hora de unidade. \u201cN\u00f3s temos de ter a for\u00e7a da base e, para isso, precisamos mostrar unidade. Por isso, tenho de parabenizar o esfor\u00e7o da chapa pela unidade que os banc\u00e1rios sabem fazer melhor do que ningu\u00e9m. Ent\u00e3o, temos de fazer unidade pelos banc\u00e1rios, pela categoria.\u201d<\/p>\n<p>Conhe\u00e7a a <a href=\"http:\/\/admin.contrafcut.com.br\/system\/uploads\/ck\/files\/lista_nova_gest%C3%A3o_reduzida.pdf\" target=\"_blank\" rel=\"noopener noreferrer\"><ins><strong>nova dire\u00e7\u00e3o da Contraf-CUT<\/strong><\/ins><\/a> para a gest\u00e3o 2018\/2022.<\/p>\n<p>Veja <a href=\"http:\/\/www.contrafcut.org.br\/fotos\/5-congresso-da-contraf-cut-0139\" target=\"_blank\" rel=\"noopener noreferrer\"><ins><strong>galeria de fotos<\/strong><\/ins><\/a> do Congresso.<\/p>\n<p>\u00a0<\/p>\n<p>\u00a0<\/p>\n<\/div>\n<p id=\"page-author\"><span style=\"text-decoration: underline;\"><em><strong>Fonte: Contraf-CUT<\/strong><\/em><\/span><\/p>\n","protected":false},"excerpt":{"rendered":"<p>O 5\u00ba Congresso Nacional da Contraf-CUT elegeu por unanimidade, na manh\u00e3 deste s\u00e1bado (7), a nova diretoria para a gest\u00e3o 2018\/2022, em um momento conturbado no pa\u00eds, os delegados elegeram uma chapa de unidade. \u201cEstamos fazendo uma chapa \u00fanica, num momento extremamente importante para o nossos pa\u00eds. Sabemos que, em alguns momentos temos, a nossas [&hellip;]<\/p>\n","protected":false},"author":2,"featured_media":4160,"comment_status":"","ping_status":"","sticky":false,"template":"","format":"standard","meta":{"footnotes":""},"categories":[3],"tags":[],"class_list":["post-4161","post","type-post","status-publish","format-standard","has-post-thumbnail","hentry","category-noticias"],"_links":{"self":[{"href":"https:\/\/hostnetart.com.br\/baixada\/wp-json\/wp\/v2\/posts\/4161","targetHints":{"allow":["GET"]}}],"collection":[{"href":"https:\/\/hostnetart.com.br\/baixada\/wp-json\/wp\/v2\/posts"}],"about":[{"href":"https:\/\/hostnetart.com.br\/baixada\/wp-json\/wp\/v2\/types\/post"}],"author":[{"embeddable":true,"href":"https:\/\/hostnetart.com.br\/baixada\/wp-json\/wp\/v2\/users\/2"}],"replies":[{"embeddable":true,"href":"https:\/\/hostnetart.com.br\/baixada\/wp-json\/wp\/v2\/comments?post=4161"}],"version-history":[{"count":0,"href":"https:\/\/hostnetart.com.br\/baixada\/wp-json\/wp\/v2\/posts\/4161\/revisions"}],"wp:featuredmedia":[{"embeddable":true,"href":"https:\/\/hostnetart.com.br\/baixada\/wp-json\/wp\/v2\/media\/4160"}],"wp:attachment":[{"href":"https:\/\/hostnetart.com.br\/baixada\/wp-json\/wp\/v2\/media?parent=4161"}],"wp:term":[{"taxonomy":"category","embeddable":true,"href":"https:\/\/hostnetart.com.br\/baixada\/wp-json\/wp\/v2\/categories?post=4161"},{"taxonomy":"post_tag","embeddable":true,"href":"https:\/\/hostnetart.com.br\/baixada\/wp-json\/wp\/v2\/tags?post=4161"}],"curies":[{"name":"wp","href":"https:\/\/api.w.org\/{rel}","templated":true}]}}