{"id":4159,"date":"2018-04-09T13:52:51","date_gmt":"2018-04-09T16:52:51","guid":{"rendered":"https:\/\/hostnetart.com.br\/baixada\/5-congresso-promove-alteracoes-no-estatuto-da-contraf-cut\/"},"modified":"2018-04-09T13:52:51","modified_gmt":"2018-04-09T16:52:51","slug":"5-congresso-promove-alteracoes-no-estatuto-da-contraf-cut","status":"publish","type":"post","link":"https:\/\/hostnetart.com.br\/baixada\/5-congresso-promove-alteracoes-no-estatuto-da-contraf-cut\/","title":{"rendered":"5\u00ba Congresso promove altera\u00e7\u00f5es no Estatuto da Contraf-CUT"},"content":{"rendered":"<div class=\"content\">\n<p>Os delegados presentes no 5\u00ba Congresso da Confedera\u00e7\u00e3o Nacional dos Trabalhadores do Ramo Financeiro (Contraf-CUT) aprovaram as altera\u00e7\u00f5es propostas pela Diretoria Executiva da entidade em reuni\u00e3o realizada no dia 5 de abril, al\u00e9m das propostas apresentadas durante o Congresso. A mesa foi composta pelo ent\u00e3o secret\u00e1rio de Pol\u00edticas Sindicais, Gustavo Tabatinga, pelo secret\u00e1rio de Assuntos Jur\u00eddicos, Mauri Sergio Martins de Souza, pela secret\u00e1ria de Juventude, Fabiana Uehara Proscholdt, e a diretora da Contraf-CUT e do Sindicato dos Banc\u00e1rios de S\u00e3o Paulo, Osasco e Regi\u00e3o, Fernanda Lopes.<\/p>\n<p>Basicamente as altera\u00e7\u00f5es alteraram o prazo de elei\u00e7\u00e3o da dire\u00e7\u00e3o da entidade, de tr\u00eas para quatro anos, formalizou o poder da Contraf-CUT de propor a\u00e7\u00f5es judiciais que a diretoria considere necess\u00e1rias para defender os interesses da categoria, reduziu o n\u00famero de membros da Diretoria Executiva da entidade, fundiu as secretarias de organiza\u00e7\u00e3o e de pol\u00edticas sindicais e criou a secretaria de cultura.<\/p>\n<p><a class=\"has-subtitle img\" style=\"float: left; height: 267px; width: 400px;\" title=\"\" href=\"http:\/\/admin.contrafcut.com.br\/system\/uploads\/ck\/images\/_MG_3113.JPG\" data-lightbox=\"lightbox\" data-title=\"\"><img decoding=\"async\" style=\"float: left; height: 267px; width: 400px;\" src=\"http:\/\/www.contrafcut.org.br\/images\/_0ab8238dad55ee207b847f59ce0b11c7.JPG\" alt=\"\" \/><\/a><\/p>\n<p>\u00a0<\/p>\n<p>\u00a0<\/p>\n<p>\u00a0<\/p>\n<p>\u00a0<\/p>\n<p>\u00a0<\/p>\n<p>\u00a0<\/p>\n<p>\u00a0<\/p>\n<p>\u00a0<\/p>\n<p>\u00a0<\/p>\n<p>Nos artigos 35, 36 e 37, foi aprovada a exclus\u00e3o de atribui\u00e7\u00f5es das secretarias de rela\u00e7\u00f5es do trabalho, Juventude e Combate ao Racismo, que s\u00e3o pr\u00f3prias da secretaria de rela\u00e7\u00f5es internacionais. O par\u00e1grafo \u00fanico destes tr\u00eas artigos passa a vigorar com a seguinte reda\u00e7\u00e3o:<\/p>\n<p><strong><em>Par\u00e1grafo \u00fanico<\/em><\/strong><em>: compete \u00e0 Secretaria de rela\u00e7\u00f5es do trabalho \/ Juventude \/Combate ao Racismo da Confedera\u00e7\u00e3o promover rela\u00e7\u00f5es e interc\u00e2mbio de experi\u00eancias para estabelecer conv\u00eanios de coopera\u00e7\u00e3o com entidades sindicais do mesmo ramo de atividade de outros pa\u00edses, atrav\u00e9s da Secretaria de Rela\u00e7\u00f5es Internacionais.<\/em><\/p>\n<p>As demais altera\u00e7\u00f5es aprovadas foram nos artigos 18, 29, 32, 45, 46, 64 e 66, que passam a vigorar a partir do momento de sua aprova\u00e7\u00e3o com a seguinte reda\u00e7\u00e3o:<\/p>\n<p><strong><em>Art. 18<\/em><\/strong><em>.A Diretoria Executiva \u00e9 composta por 23 (vinte e tr\u00eas) membros efetivos e 11 (onze) suplentes, eleitos para mandato quadrienal em Congresso especialmente convocado para este fim, por voto da maioria simples dos delegados presentes.<br \/><strong>\u00a7 1\u00ba<\/strong>. Dentre os membros efetivos, 17 (dezessete) ocupar\u00e3o as seguintes atribui\u00e7\u00f5es:<br \/><strong>I<\/strong> &#8211; Presid\u00eancia;<br \/><strong>II<\/strong> &#8211; Vice-presid\u00eancia;<br \/><strong>III<\/strong> &#8211; Secretaria Geral;<br \/><strong>IV<\/strong> &#8211; Secretaria de Finan\u00e7as;<br \/><strong>V<\/strong> &#8211; Secretaria de Sa\u00fade do Trabalhador;<br \/><strong>VI<\/strong> &#8211; Secretaria de Assuntos Jur\u00eddicos;<br \/><strong>VII<\/strong> &#8211; Secretaria de Comunica\u00e7\u00e3o;<br \/><strong>VIII<\/strong> &#8211; Secretaria de Forma\u00e7\u00e3o Sindical;<br \/><strong>IX<\/strong> &#8211; Secretaria de Organiza\u00e7\u00e3o e Pol\u00edticas Sindicais;<br \/><strong>X<\/strong> &#8211; Secretaria de Assuntos Socioecon\u00f4micos;<br \/><strong>XI<\/strong> &#8211; Secretaria de Rela\u00e7\u00f5es Internacionais;<br \/><strong>XII<\/strong> &#8211; Secretaria de Cultura;<br \/><strong>XIII<\/strong> &#8211; Secretaria de Pol\u00edticas Sociais;<br \/><strong>XIV<\/strong> &#8211; Secretaria da Mulher;<br \/><strong>XV<\/strong> &#8211; Secretaria de Rela\u00e7\u00f5es do Trabalho;<br \/><strong>XVI<\/strong> &#8211; Secretaria de Juventude e<br \/><strong>XVII<\/strong> &#8211; Secretaria de Combate ao Racismo.<\/em><\/p>\n<p>\u00c0 nova Secretaria de Cultura competir\u00e1:I &#8211; Organizar e implementar a secretaria;II &#8211; Desenvolver pol\u00edticas de Cultura voltadas aos diversos setores do ramo financeiro e intercambio com outros ramos de atividade; III \u2013 Contribuir com estudos e promo\u00e7\u00e3o de a\u00e7\u00f5es culturais.<\/p>\n<p><strong><em>Art. 45<\/em><\/strong><em>&#8230;<br \/><strong>\u00a7 1\u00ba<\/strong><\/em><em>. O Congresso Nacional se reunir\u00e1, quadrienalmente, em car\u00e1ter ordin\u00e1rio, e, sempre que necess\u00e1rio, extraordinariamente, por delibera\u00e7\u00e3o da Dire\u00e7\u00e3o Nacional da Confedera\u00e7\u00e3o Nacional dos Trabalhadores do Ramo Financeiro, ou, ainda, no m\u00ednimo, por 2\/3 (dois ter\u00e7os) das entidades filiadas, quites com as contribui\u00e7\u00f5es previstas no presente estatuto.<\/em><\/p>\n<p><strong><em>Art. 46<\/em><\/strong><em>. A Diretoria Executiva, os suplentes da Diretoria Executiva, o Conselho Diretivo, o Conselho Fiscal, os suplentes do Conselho Fiscal ser\u00e3o eleitos, em processo \u00fanico, pelo Congresso Nacional da Confedera\u00e7\u00e3o, que se reunir\u00e1, ordinariamente, a cada quatro anos.<\/em><\/p>\n<p><strong><em>Art. 64<\/em><\/strong><em>. O presente estatuto passar\u00e1 a vigorar a partir de 07 de abril de 2018, data de sua aprova\u00e7\u00e3o no Congresso Extraordin\u00e1rio da Confedera\u00e7\u00e3o Nacional dos Trabalhadores do Ramo Financeiro.<\/em><\/p>\n<p><strong><em>Art. 66. <\/em><\/strong><em>Na defesa dos interesses da categoria, a Confedera\u00e7\u00e3o poder\u00e1 propor a\u00e7\u00f5es judiciais que assim entender, nos termos da lei.<\/em><\/p>\n<p>O 5\u00ba Congresso da Contraf-CUT iniciou suas atividades na sexta-feira (6) e segue at\u00e9 domingo (8).<\/p>\n<p>\u00a0<\/p>\n<p id=\"page-author\"><span style=\"text-decoration: underline;\"><em><strong>Fonte: Contraf-CUT<\/strong><\/em><\/span><\/p>\n<\/div>\n","protected":false},"excerpt":{"rendered":"<p>Os delegados presentes no 5\u00ba Congresso da Confedera\u00e7\u00e3o Nacional dos Trabalhadores do Ramo Financeiro (Contraf-CUT) aprovaram as altera\u00e7\u00f5es propostas pela Diretoria Executiva da entidade em reuni\u00e3o realizada no dia 5 de abril, al\u00e9m das propostas apresentadas durante o Congresso. A mesa foi composta pelo ent\u00e3o secret\u00e1rio de Pol\u00edticas Sindicais, Gustavo Tabatinga, pelo secret\u00e1rio de Assuntos [&hellip;]<\/p>\n","protected":false},"author":2,"featured_media":4158,"comment_status":"","ping_status":"","sticky":false,"template":"","format":"standard","meta":{"footnotes":""},"categories":[3],"tags":[],"class_list":["post-4159","post","type-post","status-publish","format-standard","has-post-thumbnail","hentry","category-noticias"],"_links":{"self":[{"href":"https:\/\/hostnetart.com.br\/baixada\/wp-json\/wp\/v2\/posts\/4159","targetHints":{"allow":["GET"]}}],"collection":[{"href":"https:\/\/hostnetart.com.br\/baixada\/wp-json\/wp\/v2\/posts"}],"about":[{"href":"https:\/\/hostnetart.com.br\/baixada\/wp-json\/wp\/v2\/types\/post"}],"author":[{"embeddable":true,"href":"https:\/\/hostnetart.com.br\/baixada\/wp-json\/wp\/v2\/users\/2"}],"replies":[{"embeddable":true,"href":"https:\/\/hostnetart.com.br\/baixada\/wp-json\/wp\/v2\/comments?post=4159"}],"version-history":[{"count":0,"href":"https:\/\/hostnetart.com.br\/baixada\/wp-json\/wp\/v2\/posts\/4159\/revisions"}],"wp:featuredmedia":[{"embeddable":true,"href":"https:\/\/hostnetart.com.br\/baixada\/wp-json\/wp\/v2\/media\/4158"}],"wp:attachment":[{"href":"https:\/\/hostnetart.com.br\/baixada\/wp-json\/wp\/v2\/media?parent=4159"}],"wp:term":[{"taxonomy":"category","embeddable":true,"href":"https:\/\/hostnetart.com.br\/baixada\/wp-json\/wp\/v2\/categories?post=4159"},{"taxonomy":"post_tag","embeddable":true,"href":"https:\/\/hostnetart.com.br\/baixada\/wp-json\/wp\/v2\/tags?post=4159"}],"curies":[{"name":"wp","href":"https:\/\/api.w.org\/{rel}","templated":true}]}}