{"id":4157,"date":"2018-04-09T13:29:16","date_gmt":"2018-04-09T16:29:16","guid":{"rendered":"https:\/\/hostnetart.com.br\/baixada\/sindbaixada-presente-ao-5-congresso-nacional-da-contraf-cut-em-sao-paulo\/"},"modified":"2018-04-09T13:29:16","modified_gmt":"2018-04-09T16:29:16","slug":"sindbaixada-presente-ao-5-congresso-nacional-da-contraf-cut-em-sao-paulo","status":"publish","type":"post","link":"https:\/\/hostnetart.com.br\/baixada\/sindbaixada-presente-ao-5-congresso-nacional-da-contraf-cut-em-sao-paulo\/","title":{"rendered":"SindBaixada presente ao 5\u00ba Congresso Nacional da Contraf-CUT em S\u00e3o Paulo"},"content":{"rendered":"<p>O Sindicato dos Banc\u00e1rios da Baixada Fluminense, na figura do Coordenador Geral Pedro Batista Fraga Henriques e da Diretora Elizabeth Paradela, esteve presente ao 5\u00ba Congresso Nacional da Confedera\u00e7\u00e3o Nacional dos Trabalhadores do Ramo Financeiro ( ), realizado de sexta-feira (6) at\u00e9 domingo (8), no Wyndham Garden Convention Nortel \u2013 Espa\u00e7o Immensit\u00e0, em S\u00e3o Paulo.<\/p>\n<p>No Congresso, delegados eleitos em seus sindicatos definiram a nova dire\u00e7\u00e3o executiva e seus suplentes, o conselho fiscal e seus suplentes e o conselho diretivo da Contraf-CUT. Eles debateram ainda altera\u00e7\u00f5es Estatut\u00e1rias e a linha pol\u00edtica e organizativa da Confedera\u00e7\u00e3o.<\/p>\n<p>\u201cEste \u00e9 o momento mais importante para a Contraf-CUT, pois \u00e9 quando nortearemos nossas a\u00e7\u00f5es para o pr\u00f3ximo per\u00edodo, que se apresenta um cen\u00e1rio de muita dificuldade, com um novo tipo de negocia\u00e7\u00e3o na Campanha Nacional, devido \u00e0s altera\u00e7\u00f5es estabelecidas pela reforma trabalhista, e em ano de elei\u00e7\u00f5es, que ser\u00e1 de fundamental para o futuro do Brasil\u201d, afirmou Roberto von der Osten, presidente da Contraf-CUT.<\/p>\n","protected":false},"excerpt":{"rendered":"<p>O Sindicato dos Banc\u00e1rios da Baixada Fluminense, na figura do Coordenador Geral Pedro Batista Fraga Henriques e da Diretora Elizabeth Paradela, esteve presente ao 5\u00ba Congresso Nacional da Confedera\u00e7\u00e3o Nacional dos Trabalhadores do Ramo Financeiro ( ), realizado de sexta-feira (6) at\u00e9 domingo (8), no Wyndham Garden Convention Nortel \u2013 Espa\u00e7o Immensit\u00e0, em S\u00e3o Paulo. [&hellip;]<\/p>\n","protected":false},"author":2,"featured_media":4156,"comment_status":"","ping_status":"","sticky":false,"template":"","format":"standard","meta":{"footnotes":""},"categories":[3],"tags":[],"class_list":["post-4157","post","type-post","status-publish","format-standard","has-post-thumbnail","hentry","category-noticias"],"_links":{"self":[{"href":"https:\/\/hostnetart.com.br\/baixada\/wp-json\/wp\/v2\/posts\/4157","targetHints":{"allow":["GET"]}}],"collection":[{"href":"https:\/\/hostnetart.com.br\/baixada\/wp-json\/wp\/v2\/posts"}],"about":[{"href":"https:\/\/hostnetart.com.br\/baixada\/wp-json\/wp\/v2\/types\/post"}],"author":[{"embeddable":true,"href":"https:\/\/hostnetart.com.br\/baixada\/wp-json\/wp\/v2\/users\/2"}],"replies":[{"embeddable":true,"href":"https:\/\/hostnetart.com.br\/baixada\/wp-json\/wp\/v2\/comments?post=4157"}],"version-history":[{"count":0,"href":"https:\/\/hostnetart.com.br\/baixada\/wp-json\/wp\/v2\/posts\/4157\/revisions"}],"wp:featuredmedia":[{"embeddable":true,"href":"https:\/\/hostnetart.com.br\/baixada\/wp-json\/wp\/v2\/media\/4156"}],"wp:attachment":[{"href":"https:\/\/hostnetart.com.br\/baixada\/wp-json\/wp\/v2\/media?parent=4157"}],"wp:term":[{"taxonomy":"category","embeddable":true,"href":"https:\/\/hostnetart.com.br\/baixada\/wp-json\/wp\/v2\/categories?post=4157"},{"taxonomy":"post_tag","embeddable":true,"href":"https:\/\/hostnetart.com.br\/baixada\/wp-json\/wp\/v2\/tags?post=4157"}],"curies":[{"name":"wp","href":"https:\/\/api.w.org\/{rel}","templated":true}]}}