{"id":4155,"date":"2018-04-06T13:51:36","date_gmt":"2018-04-06T16:51:36","guid":{"rendered":"https:\/\/hostnetart.com.br\/baixada\/chapas-1-e-2-disputarao-o-segundo-turno-nas-eleicoes-da-funcef\/"},"modified":"2018-04-06T13:51:36","modified_gmt":"2018-04-06T16:51:36","slug":"chapas-1-e-2-disputarao-o-segundo-turno-nas-eleicoes-da-funcef","status":"publish","type":"post","link":"https:\/\/hostnetart.com.br\/baixada\/chapas-1-e-2-disputarao-o-segundo-turno-nas-eleicoes-da-funcef\/","title":{"rendered":"Chapas 1 e 2 disputar\u00e3o o segundo turno nas elei\u00e7\u00f5es da Funcef"},"content":{"rendered":"<div class=\"content\">\n<p>O primeiro turno das elei\u00e7\u00f5es na Funcef foi encerrado. Com 47,47% dos votos, a Chapa 1 ficou em primeiro lugar, seguida pela Chapa 2, com 37,85%, e pela Chapa 3, com 14,68%. As duas chapas mais votadas decidir\u00e3o o segundo turno, que ser\u00e1 realizado entre 16 e 18 de abril.<\/p>\n<p>Dos mais de 132 mil eleitores aptos, apenas 63 mil exerceram o direito ao voto; ou seja, menos da metade. \u201c\u00c9 fundamental participar. Esse \u00e9 um direito que conquistamos e est\u00e1 sob amea\u00e7a, precisamos valorizar e exercer a democracia\u201d, alerta a representante dos empregados no CA, Rita Serrano.<\/p>\n<\/div>\n<p id=\"page-author\"><strong>Fonte: Contraf-CUT<\/strong><\/p>\n","protected":false},"excerpt":{"rendered":"<p>O primeiro turno das elei\u00e7\u00f5es na Funcef foi encerrado. Com 47,47% dos votos, a Chapa 1 ficou em primeiro lugar, seguida pela Chapa 2, com 37,85%, e pela Chapa 3, com 14,68%. As duas chapas mais votadas decidir\u00e3o o segundo turno, que ser\u00e1 realizado entre 16 e 18 de abril. Dos mais de 132 mil [&hellip;]<\/p>\n","protected":false},"author":2,"featured_media":4154,"comment_status":"","ping_status":"","sticky":false,"template":"","format":"standard","meta":{"footnotes":""},"categories":[3],"tags":[],"class_list":["post-4155","post","type-post","status-publish","format-standard","has-post-thumbnail","hentry","category-noticias"],"_links":{"self":[{"href":"https:\/\/hostnetart.com.br\/baixada\/wp-json\/wp\/v2\/posts\/4155","targetHints":{"allow":["GET"]}}],"collection":[{"href":"https:\/\/hostnetart.com.br\/baixada\/wp-json\/wp\/v2\/posts"}],"about":[{"href":"https:\/\/hostnetart.com.br\/baixada\/wp-json\/wp\/v2\/types\/post"}],"author":[{"embeddable":true,"href":"https:\/\/hostnetart.com.br\/baixada\/wp-json\/wp\/v2\/users\/2"}],"replies":[{"embeddable":true,"href":"https:\/\/hostnetart.com.br\/baixada\/wp-json\/wp\/v2\/comments?post=4155"}],"version-history":[{"count":0,"href":"https:\/\/hostnetart.com.br\/baixada\/wp-json\/wp\/v2\/posts\/4155\/revisions"}],"wp:featuredmedia":[{"embeddable":true,"href":"https:\/\/hostnetart.com.br\/baixada\/wp-json\/wp\/v2\/media\/4154"}],"wp:attachment":[{"href":"https:\/\/hostnetart.com.br\/baixada\/wp-json\/wp\/v2\/media?parent=4155"}],"wp:term":[{"taxonomy":"category","embeddable":true,"href":"https:\/\/hostnetart.com.br\/baixada\/wp-json\/wp\/v2\/categories?post=4155"},{"taxonomy":"post_tag","embeddable":true,"href":"https:\/\/hostnetart.com.br\/baixada\/wp-json\/wp\/v2\/tags?post=4155"}],"curies":[{"name":"wp","href":"https:\/\/api.w.org\/{rel}","templated":true}]}}