{"id":4149,"date":"2018-04-06T13:47:59","date_gmt":"2018-04-06T16:47:59","guid":{"rendered":"https:\/\/hostnetart.com.br\/baixada\/preco-da-cesta-basica-sobe-em-18-de-20-capitais-no-primeiro-trimestre\/"},"modified":"2018-04-06T13:47:59","modified_gmt":"2018-04-06T16:47:59","slug":"preco-da-cesta-basica-sobe-em-18-de-20-capitais-no-primeiro-trimestre","status":"publish","type":"post","link":"https:\/\/hostnetart.com.br\/baixada\/preco-da-cesta-basica-sobe-em-18-de-20-capitais-no-primeiro-trimestre\/","title":{"rendered":"Pre\u00e7o da cesta b\u00e1sica sobe em 18 de 20 capitais no primeiro trimestre"},"content":{"rendered":"<p>O pre\u00e7o m\u00e9dio da cesta b\u00e1sica aumentou no primeiro trimestre em 18 das 20 capitais pesquisadas pelo Dieese, segundo pesquisa divulgada nesta quinta-feira (5). As principais altas foram apuradas em Curitiba\u00a0(7,12%), Vit\u00f3ria (6,59%) e Bras\u00edlia (6,54%). Em Aracaju e Goi\u00e2nia, as varia\u00e7\u00f5es ficaram pr\u00f3ximas da estabilidade (-0,07%).\u00a0<\/p>\n<p>Apenas no m\u00eas passado, o pre\u00e7o caiu em 12 capitais e aumentou em oito. As principais quedas foram apuradas no Norte\/Nordeste: Salvador (\u00a0Salvador (-4,07%), Recife (-3,82%) e Bel\u00e9m (-3,24%). As altas mais expressivas foram registradas em Campo Grande\u00a0(2,60%) e Curitiba (2,22%).\u00a0De acordo com o instituto, a cesta mais cara em mar\u00e7o foi a do Rio de Janeiro (R$ 441,19), enquanto o menor valor m\u00e9dio foi o de Salvador (R$ 322,88).\u00a0<\/p>\n<p>Em 12 meses, os pre\u00e7os m\u00e9dios ca\u00edram em 16 capitais, com destaque para Salvador\u00a0(-7,66%), Goi\u00e2nia (-7,18%) e Bel\u00e9m (-6,89%). Das quatro altas, as principais foram registradas em Curitiba (3,11%) e no Rio de Janeiro (2,29%).<\/p>\n<p>Com base na cesta mais cara, a do Rio, o Dieese calculou em R$ 3.706,44 o sal\u00e1rio m\u00ednimo para as despesas b\u00e1sicas de um trabalhador e sua fam\u00edlia. Esse valor corresponde a 3,89 vezes o m\u00ednimo oficial (R$ 954), propor\u00e7\u00e3o maior do que em fevereiro (3,86 vezes) e menor em rela\u00e7\u00e3o a mar\u00e7o de 2017 (3,92).<\/p>\n<p>Ainda segundo a pesquisa, o tempo m\u00e9dio para adquirir os produtos da cesta b\u00e1sica, foi de 88 horas e sete minutos, praticamente igual ao de fevereiro e um pouco abaixo de mar\u00e7o do ano passado (90 horas e 33 minutos). O trabalhador remunerado pelo sal\u00e1rio m\u00ednimo comprometeu 43,54% de sua renda para comprar os produtos.<\/p>\n<p>De fevereiro para mar\u00e7o, mostra o Dieese, as quedas predominaram nos pre\u00e7os da batata (pesquisada na regi\u00e3o Centro-Sul), a\u00e7\u00facar refinado, feij\u00e3o, caf\u00e9 em p\u00f3 e \u00f3leo de soja. Banana e leite integram tiveram tend\u00eancia de alta.<\/p>\n<p>\u00a0<\/p>\n<p><span style=\"text-decoration: underline;\"><em><strong>FONTE: Rede Brasil Atual<\/strong><\/em><\/span><\/p>\n","protected":false},"excerpt":{"rendered":"<p>O pre\u00e7o m\u00e9dio da cesta b\u00e1sica aumentou no primeiro trimestre em 18 das 20 capitais pesquisadas pelo Dieese, segundo pesquisa divulgada nesta quinta-feira (5). As principais altas foram apuradas em Curitiba\u00a0(7,12%), Vit\u00f3ria (6,59%) e Bras\u00edlia (6,54%). Em Aracaju e Goi\u00e2nia, as varia\u00e7\u00f5es ficaram pr\u00f3ximas da estabilidade (-0,07%).\u00a0 Apenas no m\u00eas passado, o pre\u00e7o caiu em [&hellip;]<\/p>\n","protected":false},"author":2,"featured_media":4148,"comment_status":"","ping_status":"","sticky":false,"template":"","format":"standard","meta":{"footnotes":""},"categories":[3],"tags":[],"class_list":["post-4149","post","type-post","status-publish","format-standard","has-post-thumbnail","hentry","category-noticias"],"_links":{"self":[{"href":"https:\/\/hostnetart.com.br\/baixada\/wp-json\/wp\/v2\/posts\/4149","targetHints":{"allow":["GET"]}}],"collection":[{"href":"https:\/\/hostnetart.com.br\/baixada\/wp-json\/wp\/v2\/posts"}],"about":[{"href":"https:\/\/hostnetart.com.br\/baixada\/wp-json\/wp\/v2\/types\/post"}],"author":[{"embeddable":true,"href":"https:\/\/hostnetart.com.br\/baixada\/wp-json\/wp\/v2\/users\/2"}],"replies":[{"embeddable":true,"href":"https:\/\/hostnetart.com.br\/baixada\/wp-json\/wp\/v2\/comments?post=4149"}],"version-history":[{"count":0,"href":"https:\/\/hostnetart.com.br\/baixada\/wp-json\/wp\/v2\/posts\/4149\/revisions"}],"wp:featuredmedia":[{"embeddable":true,"href":"https:\/\/hostnetart.com.br\/baixada\/wp-json\/wp\/v2\/media\/4148"}],"wp:attachment":[{"href":"https:\/\/hostnetart.com.br\/baixada\/wp-json\/wp\/v2\/media?parent=4149"}],"wp:term":[{"taxonomy":"category","embeddable":true,"href":"https:\/\/hostnetart.com.br\/baixada\/wp-json\/wp\/v2\/categories?post=4149"},{"taxonomy":"post_tag","embeddable":true,"href":"https:\/\/hostnetart.com.br\/baixada\/wp-json\/wp\/v2\/tags?post=4149"}],"curies":[{"name":"wp","href":"https:\/\/api.w.org\/{rel}","templated":true}]}}