{"id":4141,"date":"2018-04-05T15:01:42","date_gmt":"2018-04-05T18:01:42","guid":{"rendered":"https:\/\/hostnetart.com.br\/baixada\/retratos-da-crise-economica-que-a-midia-esconde\/"},"modified":"2018-04-05T15:01:42","modified_gmt":"2018-04-05T18:01:42","slug":"retratos-da-crise-economica-que-a-midia-esconde","status":"publish","type":"post","link":"https:\/\/hostnetart.com.br\/baixada\/retratos-da-crise-economica-que-a-midia-esconde\/","title":{"rendered":"Retratos da crise econ\u00f4mica que a m\u00eddia esconde"},"content":{"rendered":"<div>\n<p>Diante da injusta decis\u00e3o tomada pelo STF nesta quarta-feira, os democratas devem, antes de tudo, manter uma postura serena, prudente, objetiva.<\/p>\n<p>N\u00e3o \u00e9 o momento para arroubos. A situa\u00e7\u00e3o \u00e9 perigosa. O Brasil se tornou um regime extremamente autorit\u00e1rio e violento. A pol\u00edcia mata. O ex\u00e9rcito mata. N\u00e3o h\u00e1 investiga\u00e7\u00e3o de crimes cometidos por policiais.<\/p>\n<p>O Minist\u00e9rio P\u00fablico inventa acusa\u00e7\u00f5es. O Judici\u00e1rio condena sem provas. O elo que amalgama todo o movimento, conferindo-lhe unidade e coer\u00eancia, \u00e9 uma grande m\u00eddia sem compromisso com valores democr\u00e1ticos.<\/p>\n<p>O campo popular nunca viveu uma situa\u00e7\u00e3o t\u00e3o vulner\u00e1vel. Pessoas de esquerda est\u00e3o sendo perseguidas em todo pa\u00eds: demitidas, vigiadas, agredidas.<\/p>\n<p>Uma vereadora socialista foi executada no Rio, cinco jovens foram mortos em Maric\u00e1, o governo entrega nossas riquezas, desmantela centros de pesquisa, campos universit\u00e1rios, fecha hospitais, bloqueia recursos financeiros devidos aos estados, e Luis Roberto Barroso comemora tudo isso como um movimento de &#8220;refunda\u00e7\u00e3o da rep\u00fablica&#8221;.<\/p>\n<p>O governo n\u00e3o foi eleito e n\u00e3o demonstra preocupa\u00e7\u00e3o alguma com a seguran\u00e7a da popula\u00e7\u00e3o. N\u00e3o me refiro apenas \u00e0 seguran\u00e7a em rela\u00e7\u00e3o \u00e0 criminalidade. Falo de seguran\u00e7a alimentar, jur\u00eddica, constitucional. Seguran\u00e7a de que haver\u00e1 sa\u00fade e educa\u00e7\u00e3o p\u00fablicas para o povo. De que haver\u00e1 empregos.<\/p>\n<p>N\u00e3o h\u00e1 mais seguran\u00e7a de nada.<\/p>\n<p>Rodrigo Maia declarou, h\u00e1 alguns meses, que a agenda do congresso \u00e9 a mesma do &#8220;mercado&#8221;. O que \u00e9 parecido, ali\u00e1s, ao que Rodrigo Janot, ent\u00e3o procurador-geral da rep\u00fablica, havia dito sobre a Lava Jato, quando estava em Davos: que ela \u00e9 &#8220;pr\u00f3-mercado&#8221;.<\/p>\n<p>O comandante do ex\u00e9rcito lan\u00e7a amea\u00e7as veladas \u2013 e sinistras \u2013 contra o STF e o governo reage com muxoxos t\u00edmidos. A \u00fanica rea\u00e7\u00e3o \u00e0s mensagens do general veio do decano do STF, Celso de Mello, durante a leitura de seu voto no debate sobre o habeas corpus de Lula.<\/p>\n<p>O Valor, jornal econ\u00f4mico da Globo, estampou hoje, na capa, que &#8220;Lucro cresce 49% no quarto trimestre&#8221;. A reportagem \u00e9 uma mistifica\u00e7\u00e3o, porque olha apenas a situa\u00e7\u00e3o de grandes empresas de capital aberto, as quais, mesmo n\u00e3o sendo financeiras, se beneficiam do aumento do capital especulativo nas bolsas.<\/p>\n<p>Na economia real, temos um quadro de desemprego, precariza\u00e7\u00e3o do mercado de trabalho e queda brutal do n\u00edvel de investimentos.<\/p>\n<p>Esses dois n\u00fameros comparados, o aumento no lucro de algumas empresas de capital aberto e o aumento do desemprego, revelam uma coisa: o Brasil est\u00e1 vivendo um momento de acelerada e brutal reconcentra\u00e7\u00e3o da renda \u2013 que j\u00e1 \u00e9 a maior do mundo.<\/p>\n<p>Segundo o Banco Central, os investimentos estrangeiros diretos no pa\u00eds ca\u00edram de 16,7 bilh\u00f5es de d\u00f3lares nos dois primeiros meses de janeiro de 2017, para 11,2 bilh\u00f5es em igual per\u00edodo deste ano, queda de 33%.<\/p>\n<p>Os desembolsos do BNDES este ano est\u00e3o sofrendo redu\u00e7\u00e3o brutal: nos dois primeiros meses deste ano, ficaram numa m\u00e9dia mensal de 5,5 bilh\u00f5es de reais, 85% a menos que a m\u00e9dia mensal de 2017, que foi de mais de 36 bilh\u00f5es de reais.<\/p>\n<p>Os n\u00fameros do com\u00e9rcio exterior revelam, por sua vez, que o Brasil continua aumentando fortemente suas importa\u00e7\u00f5es de derivados de petr\u00f3leo. A importa\u00e7\u00e3o de combust\u00edveis e lubrificantes totalizou 5,6 bilh\u00f5es de d\u00f3lares no acumulado dos tr\u00eas primeiros meses do ano, aumento de 45% sobre igual per\u00edodo de 2017.<\/p>\n<p>Nos \u00faltimos 12 meses at\u00e9 fevereiro, a importa\u00e7\u00e3o de \u00f3leo diesel totalizou US$ 6 bilh\u00f5es, dos quais quase 80% vieram dos Estados Unidos.<\/p>\n<p>Ou seja, mesmo tendo descoberto o pr\u00e9-sal, o Brasil volta a ter d\u00e9ficits na balan\u00e7a comercial do petr\u00f3leo (ou a n\u00e3o ter o super\u00e1vit que poder\u00edamos alcan\u00e7ar): exportamos 3,22 bilh\u00f5es de d\u00f3lares em jan\/fev em petr\u00f3leo bruto,\u00a0 mas importamos, no mesmo per\u00edodo, quase 4 bilh\u00f5es de d\u00f3lares em derivados do petr\u00f3leo (\u00f3leo diesel, gasolina, propano, nafta, g\u00e1s natural).<\/p>\n<p>Sobre o desemprego, j\u00e1 falei em post anterior. As vagas que vem sendo geradas est\u00e3o em setores precarizados e vulner\u00e1veis. Os empregos no setor privado, com carteira assinada, continuam caindo. Uma quantidade monstruosa de pessoas tem escolhido trabalhar por &#8220;conta pr\u00f3pria&#8221;, ou em trabalhos informais, auferindo uma renda muito inferior \u00e0quela obtida por meio do emprego com carteira assinada.<\/p>\n<p>A d\u00edvida p\u00fablica est\u00e1 aumentando com uma velocidade alarmante: a d\u00edvida l\u00edquida do governo geral (que inclui tudo: federal, estatais, estados e munic\u00edpios) saiu de 47,8% em 2016, para 53,9% em fevereiro de 2018. A d\u00edvida bruta do governo geral pulou de 70% em dezembro de 2016, para 75% em fevereiro \u00faltimo.<\/p>\n<p>O Rio de Janeiro vive uma situa\u00e7\u00e3o fiscal dram\u00e1tica, sem paralelo no pa\u00eds. A Lava Jato conseguiu fazer um estrago terr\u00edvel nas finan\u00e7as estaduais: a d\u00edvida l\u00edquida do estado j\u00e1 est\u00e1 em 170% de sua receita corrente l\u00edquida. S\u00e3o Paulo \u00e9 o segundo estado com mais problemas neste sentido, com uma d\u00edvida correspondendo a 105% da receita corrente l\u00edquida do estado. Mas S\u00e3o Paulo tem um agroneg\u00f3cio e uma ind\u00fastria fortes. Com o fim da ind\u00fastria naval, a suspens\u00e3o da Comperj, a paralisa\u00e7\u00e3o do projeto do Submarino, o Rio n\u00e3o tem mais nada.<\/p>\n<p>Em meio a essa conjuntura, o partido do Judici\u00e1rio nega habeas corpus a Lula, ap\u00f3s um processo irregular, no qual o presidente \u00e9 condenado sem provas em duas inst\u00e2ncias.<\/p>\n<p>O que fazer?<\/p>\n<p>Essa pergunta, a gente tentar\u00e1 respond\u00ea-la amanh\u00e3.<\/p>\n<p>\u00a0<\/p>\n<p><span style=\"text-decoration: underline;\"><em><strong>FONTE: Rede Brasil Atual<\/strong><\/em><\/span><\/p>\n<\/div>\n","protected":false},"excerpt":{"rendered":"<p>Diante da injusta decis\u00e3o tomada pelo STF nesta quarta-feira, os democratas devem, antes de tudo, manter uma postura serena, prudente, objetiva. N\u00e3o \u00e9 o momento para arroubos. A situa\u00e7\u00e3o \u00e9 perigosa. O Brasil se tornou um regime extremamente autorit\u00e1rio e violento. A pol\u00edcia mata. O ex\u00e9rcito mata. N\u00e3o h\u00e1 investiga\u00e7\u00e3o de crimes cometidos por policiais. [&hellip;]<\/p>\n","protected":false},"author":2,"featured_media":4140,"comment_status":"","ping_status":"","sticky":false,"template":"","format":"standard","meta":{"footnotes":""},"categories":[3],"tags":[],"class_list":["post-4141","post","type-post","status-publish","format-standard","has-post-thumbnail","hentry","category-noticias"],"_links":{"self":[{"href":"https:\/\/hostnetart.com.br\/baixada\/wp-json\/wp\/v2\/posts\/4141","targetHints":{"allow":["GET"]}}],"collection":[{"href":"https:\/\/hostnetart.com.br\/baixada\/wp-json\/wp\/v2\/posts"}],"about":[{"href":"https:\/\/hostnetart.com.br\/baixada\/wp-json\/wp\/v2\/types\/post"}],"author":[{"embeddable":true,"href":"https:\/\/hostnetart.com.br\/baixada\/wp-json\/wp\/v2\/users\/2"}],"replies":[{"embeddable":true,"href":"https:\/\/hostnetart.com.br\/baixada\/wp-json\/wp\/v2\/comments?post=4141"}],"version-history":[{"count":0,"href":"https:\/\/hostnetart.com.br\/baixada\/wp-json\/wp\/v2\/posts\/4141\/revisions"}],"wp:featuredmedia":[{"embeddable":true,"href":"https:\/\/hostnetart.com.br\/baixada\/wp-json\/wp\/v2\/media\/4140"}],"wp:attachment":[{"href":"https:\/\/hostnetart.com.br\/baixada\/wp-json\/wp\/v2\/media?parent=4141"}],"wp:term":[{"taxonomy":"category","embeddable":true,"href":"https:\/\/hostnetart.com.br\/baixada\/wp-json\/wp\/v2\/categories?post=4141"},{"taxonomy":"post_tag","embeddable":true,"href":"https:\/\/hostnetart.com.br\/baixada\/wp-json\/wp\/v2\/tags?post=4141"}],"curies":[{"name":"wp","href":"https:\/\/api.w.org\/{rel}","templated":true}]}}