{"id":4137,"date":"2018-04-04T18:29:34","date_gmt":"2018-04-04T21:29:34","guid":{"rendered":"https:\/\/hostnetart.com.br\/baixada\/escolham-seus-lados-nao-ha-o-que-esperar-so-nao-ve-quem-nao-olha-para-a-historia\/"},"modified":"2018-04-04T18:29:34","modified_gmt":"2018-04-04T21:29:34","slug":"escolham-seus-lados-nao-ha-o-que-esperar-so-nao-ve-quem-nao-olha-para-a-historia","status":"publish","type":"post","link":"https:\/\/hostnetart.com.br\/baixada\/escolham-seus-lados-nao-ha-o-que-esperar-so-nao-ve-quem-nao-olha-para-a-historia\/","title":{"rendered":"Escolham seus lados, n\u00e3o h\u00e1 o que esperar. S\u00f3 n\u00e3o v\u00ea quem n\u00e3o olha para a hist\u00f3ria"},"content":{"rendered":"<p>Quando a gente falava que era importante conhecer o passado para n\u00e3o repetir as\u00a0<a class=\"internal-link\" title=\"\" href=\"http:\/\/www.redebrasilatual.com.br\/cidadania\/2017\/06\/os-crimes-da-ditadura-a-acao-do-estado-e-a-omissao-da-justica\" target=\"_blank\" rel=\"noopener noreferrer\">atrocidades da ditadura militar<\/a>, n\u00e3o era pura ret\u00f3rica. Lamentavelmente, nunca foi algo t\u00e3o atual.\u00a0<\/p>\n<p>Comparar ontem e hoje passa por muitas frentes. S\u00e3o incont\u00e1veis as analogias. E maiores, conforme avan\u00e7a o\u00a0<a class=\"internal-link\" title=\"\" href=\"http:\/\/www.redebrasilatual.com.br\/politica\/2018\/04\/exercito-como-poder-moderador-esvazia-o-voto-e-a-soberania-diz-jacqueline-muniz\" target=\"_blank\" rel=\"noopener noreferrer\">novo golpe<\/a>. Uma das mais importantes \u00e9 denunciar as perman\u00eancias da viol\u00eancia de Estado, que segue lastimando corpos, sobretudo corpos negros \u2013 desde sempre. Mas vai al\u00e9m. \u00c9 preciso tamb\u00e9m compreender de que forma as estruturas autorit\u00e1rias se arrastam, sorrateiras, at\u00e9 o bote fatal. Caminham lentamente, estrategicamente, forjando legalidade e conquistando a opini\u00e3o p\u00fablica at\u00e9 a maioria achar que \u00e9 normal.<\/p>\n<p>Assim foi no Holocausto, com a poderosa propaganda nazista que cegou a tantos. Ou com o Apartheid, que convenceu que direitos eram s\u00f3 para alguns. E com a escravid\u00e3o, que igualou pessoas a coisas e imprimiu em sua pele marcas da submiss\u00e3o. N\u00e3o foi diferente com o regime militar, que prometeu, n\u00e3o por coincid\u00eancia, instalar-se &#8220;para limpar o pa\u00eds da corrup\u00e7\u00e3o at\u00e9 a ordem se restabelecer&#8221;. Ali ficaram por 21 sangrentos anos, com 70 mil torturados e milhares de mortos e desaparecidos pol\u00edticos, incluindo tribos inteiras, camponeses, jovens v\u00edtimas dos grupos de exterm\u00ednio.<\/p>\n<p>H\u00e1 tempos\u00a0<a class=\"internal-link\" title=\"\" href=\"http:\/\/www.redebrasilatual.com.br\/politica\/2018\/01\/o-golpe-queria-enquadrar-o-brasil-geopoliticamente-afirma-dilma-rousseff\" target=\"_blank\" rel=\"noopener noreferrer\">dizemos vivenciar um golpe<\/a>, mas de fato n\u00e3o paramos para enfrent\u00e1-lo como tal. Ent\u00e3o ele ganha nuances sofisticadas \u2013 ou, no nosso caso, mais perversas mesmo \u2013 de toda forma, cada vez menos control\u00e1veis. Uma sucess\u00e3o de golpes dentro do golpe a nos nocautear.\u00a0<\/p>\n<p>Hoje, quem tem olhos e ouvidos atentos sabe que tomamos mais uma entrada de direita no maxilar. Sem nem nos recuperarmos do ataque a\u00a0<a class=\"internal-link\" title=\"\" href=\"http:\/\/www.redebrasilatual.com.br\/politica\/2018\/03\/marielle-herzog-e-edson-luis-sao-vitimas-da-mesma-estupidez\" target=\"_blank\" rel=\"noopener noreferrer\">Marielle\u00a0<\/a>\u2013 assim como a\u00a0<a class=\"internal-link\" title=\"\" href=\"http:\/\/www.redebrasilatual.com.br\/politica\/2018\/03\/tiros-no-calabouco-um-estudante-morre-cinquenta-anos-atras\" target=\"_blank\" rel=\"noopener noreferrer\">Edson Lu\u00eds, h\u00e1 exatos 50 anos<\/a>\u00a0&#8211; assistimos chocados o cerco se fechar.\u00a0A declara\u00e7\u00e3o do comandante das for\u00e7as \u00e9 clara, ecoada com entusiasmo em cadeia nacional. Uma chantagem entoada na cara dura, ovacionada pelos bar\u00f5es olig\u00e1rquicos, na frieza de quem calcula cada movimento que faz.<\/p>\n<p>E aquela cena, que parecia t\u00e3o inveross\u00edmil pra alguns l\u00e1 atr\u00e1s, insiste em se anunciar. Cada vez mais n\u00edtida, escrachada, incontorn\u00e1vel. A suspens\u00e3o das elei\u00e7\u00f5es soaria absolutamente absurda, n\u00e3o fosse a meticulosa propaganda servida fresca nas casas brasileiras a cada jantar.<\/p>\n<p>Um golpe, para ser certeiro, nunca se faz de uma s\u00f3 vez nem por uma \u00fanica m\u00e3o. Est\u00e3o ali, h\u00e1 muito entrela\u00e7adas, as da\u00a0<a class=\"internal-link\" title=\"\" href=\"http:\/\/www.redebrasilatual.com.br\/politica\/2018\/03\/a-censura-pos-golpe-de-64-e-a-imprensa-no-brasil-atual\" target=\"_blank\" rel=\"noopener noreferrer\">grande m\u00eddia<\/a>, do\u00a0<a class=\"internal-link\" title=\"\" href=\"http:\/\/www.redebrasilatual.com.br\/politica\/2017\/05\/amaral-pais-esta-diante-de-golpe-dentro-do-golpe-mas-ruas-apontam-para-democracia\" target=\"_blank\" rel=\"noopener noreferrer\">legislativo, do judici\u00e1rio<\/a>\u00a0e, agora, mais recentemente, tamb\u00e9m as desse executivo ileg\u00edtimo que se agarra a qualquer possibilidade de perman\u00eancia, para passar reformas impens\u00e1veis, ineleg\u00edveis, custe o que custar.\u00a0<\/p>\n<p>Certamente, v\u00e3o fazer parecer que vai tudo muito bem, obrigada. A bolsa bombando, a economia se recuperando lindamente, os jornais aclamando uma pris\u00e3o completamente inconstitucional. At\u00e9 a Copa \u00e9 bem capaz de a gente ganhar \u2013 n\u00e3o seria ideia nova. S\u00f3 que antes de melhorar mesmo, ainda tem muito o que piorar. N\u00e3o est\u00e1 tudo bem, como n\u00e3o estava 54 anos atr\u00e1s. Como, na verdade, nunca esteve de fato nesse tempo todo em que recusamos a olhar pro que restou de l\u00e1.<\/p>\n<p>O\u00a0<a class=\"internal-link\" title=\"\" href=\"http:\/\/www.redebrasilatual.com.br\/politica\/2018\/04\/anistia-internacional-repudia-declaracao-de-general-villas-boas\" target=\"_blank\" rel=\"noopener noreferrer\">acordo est\u00e1 claro<\/a>. Os dados foram lan\u00e7ados. Escolham seus lados, n\u00e3o h\u00e1 o que esperar. S\u00f3\u00a0n\u00e3o v\u00ea quem n\u00e3o olhou o suficiente para tr\u00e1s.<\/p>\n<p><em><span class=\"documentAuthor\">por\u00a0Carla Borges\u00a0<\/span><span class=\"documentPublished\">publicado\u00a004\/04\/2018, Rede Brasil Atual<\/span><\/em><\/p>\n","protected":false},"excerpt":{"rendered":"<p>Quando a gente falava que era importante conhecer o passado para n\u00e3o repetir as\u00a0atrocidades da ditadura militar, n\u00e3o era pura ret\u00f3rica. Lamentavelmente, nunca foi algo t\u00e3o atual.\u00a0 Comparar ontem e hoje passa por muitas frentes. S\u00e3o incont\u00e1veis as analogias. E maiores, conforme avan\u00e7a o\u00a0novo golpe. Uma das mais importantes \u00e9 denunciar as perman\u00eancias da viol\u00eancia [&hellip;]<\/p>\n","protected":false},"author":2,"featured_media":4136,"comment_status":"","ping_status":"","sticky":false,"template":"","format":"standard","meta":{"footnotes":""},"categories":[3],"tags":[],"class_list":["post-4137","post","type-post","status-publish","format-standard","has-post-thumbnail","hentry","category-noticias"],"_links":{"self":[{"href":"https:\/\/hostnetart.com.br\/baixada\/wp-json\/wp\/v2\/posts\/4137","targetHints":{"allow":["GET"]}}],"collection":[{"href":"https:\/\/hostnetart.com.br\/baixada\/wp-json\/wp\/v2\/posts"}],"about":[{"href":"https:\/\/hostnetart.com.br\/baixada\/wp-json\/wp\/v2\/types\/post"}],"author":[{"embeddable":true,"href":"https:\/\/hostnetart.com.br\/baixada\/wp-json\/wp\/v2\/users\/2"}],"replies":[{"embeddable":true,"href":"https:\/\/hostnetart.com.br\/baixada\/wp-json\/wp\/v2\/comments?post=4137"}],"version-history":[{"count":0,"href":"https:\/\/hostnetart.com.br\/baixada\/wp-json\/wp\/v2\/posts\/4137\/revisions"}],"wp:featuredmedia":[{"embeddable":true,"href":"https:\/\/hostnetart.com.br\/baixada\/wp-json\/wp\/v2\/media\/4136"}],"wp:attachment":[{"href":"https:\/\/hostnetart.com.br\/baixada\/wp-json\/wp\/v2\/media?parent=4137"}],"wp:term":[{"taxonomy":"category","embeddable":true,"href":"https:\/\/hostnetart.com.br\/baixada\/wp-json\/wp\/v2\/categories?post=4137"},{"taxonomy":"post_tag","embeddable":true,"href":"https:\/\/hostnetart.com.br\/baixada\/wp-json\/wp\/v2\/tags?post=4137"}],"curies":[{"name":"wp","href":"https:\/\/api.w.org\/{rel}","templated":true}]}}