{"id":4135,"date":"2018-04-04T18:28:25","date_gmt":"2018-04-04T21:28:25","guid":{"rendered":"https:\/\/hostnetart.com.br\/baixada\/financiarios-se-preparam-para-3-conferencia-nacional\/"},"modified":"2018-04-04T18:28:25","modified_gmt":"2018-04-04T21:28:25","slug":"financiarios-se-preparam-para-3-conferencia-nacional","status":"publish","type":"post","link":"https:\/\/hostnetart.com.br\/baixada\/financiarios-se-preparam-para-3-conferencia-nacional\/","title":{"rendered":"Financi\u00e1rios se preparam para 3\u00aa Confer\u00eancia Nacional"},"content":{"rendered":"<div class=\"content\">\n<p>Os trabalhadores de empresas financeiras de todo o pa\u00eds realizam nos dias 3 e 4 de maio a 3\u00aa Confer\u00eancia Nacional da categoria, em prepara\u00e7\u00e3o \u00e0 campanha salarial da categoria. Durante a confer\u00eancia, os financi\u00e1rios atualizar\u00e3o a minuta de reivindica\u00e7\u00f5es a ser entregue \u00e0 Federa\u00e7\u00e3o Interestadual das Institui\u00e7\u00f5es de Cr\u00e9dito, Financiamento e Investimento (Fenacrefi) no dia 15 ou 16 de maio. As atividades ser\u00e3o realizadas na sede do Sindicato dos Banc\u00e1rios e Financi\u00e1rios de S\u00e3o Paulo, Osasco e Regi\u00e3o (rua S\u00e3o Bento, 413, Centro, S\u00e3o Paulo \u2013 SP).<\/p>\n<p>\u201cVivemos uma conjuntura de intenso ataque aos direitos dos trabalhadores, com uma legisla\u00e7\u00e3o que coloca em risco diversas conquistas clausuladas na Conven\u00e7\u00e3o Coletiva de Trabalho da categoria. Vamos lutar pela manuten\u00e7\u00e3o dos direitos conquistados e clausulados\u201d, disse Jair Alves diretor da Confedera\u00e7\u00e3o Nacional dos Trabalhadores do Ramo Financeiro (Contraf-CUT) e coordenador da mesa de negocia\u00e7\u00f5es com a Fenacrefi.<\/p>\n<p>Para subsidiar o debate, economistas e t\u00e9cnicos do Departamento Intersindical de Estat\u00edstica e Estudos Socioecon\u00f4micos (Dieese) apresentar\u00e3o dados sobre o emprego no ramo financeiro, a distribui\u00e7\u00e3o das financeiras pelo pa\u00eds, al\u00e9m de informa\u00e7\u00f5es sobre o impacto da nova Lei Trabalhista (13.467\/2017) sobre a CCT da categoria.<\/p>\n<p>\u201cMais do que nunca, os financi\u00e1rios precisam ter uma vis\u00e3o dos impactos que a reforma trabalhista pode lhes causar. \u00c9 preciso unificar a categoria nacionalmente para enfrentar os ataques. Precisamos nos organizar, com a uni\u00e3o de todos sindicatos e federa\u00e7\u00f5es, e estarmos presentes em todas as financeiras do Brasil. Somente desta maneira, somando for\u00e7as, conseguiremos fazer a luta em defesa dos direitos e interesses dos trabalhadores\u201d, destacou Jair Alves.<\/p>\n<p>O diretor da Contraf-CUT recordou que os banc\u00e1rios, conquistaram diversos direitos depois que se uniram nacionalmente. \u201cA categoria se fortaleceu e ampliou sua legitimidade, respeito e representa\u00e7\u00e3o nas mesas de negocia\u00e7\u00f5es com os bancos. Queremos seguir este exemplo na organiza\u00e7\u00e3o dos financi\u00e1rios\u201d, disse o dirigente sindical.<\/p>\n<\/div>\n<p id=\"page-author\"><strong>Fonte: Contraf-CUT<\/strong><\/p>\n","protected":false},"excerpt":{"rendered":"<p>Os trabalhadores de empresas financeiras de todo o pa\u00eds realizam nos dias 3 e 4 de maio a 3\u00aa Confer\u00eancia Nacional da categoria, em prepara\u00e7\u00e3o \u00e0 campanha salarial da categoria. Durante a confer\u00eancia, os financi\u00e1rios atualizar\u00e3o a minuta de reivindica\u00e7\u00f5es a ser entregue \u00e0 Federa\u00e7\u00e3o Interestadual das Institui\u00e7\u00f5es de Cr\u00e9dito, Financiamento e Investimento (Fenacrefi) no [&hellip;]<\/p>\n","protected":false},"author":2,"featured_media":4134,"comment_status":"","ping_status":"","sticky":false,"template":"","format":"standard","meta":{"footnotes":""},"categories":[3],"tags":[],"class_list":["post-4135","post","type-post","status-publish","format-standard","has-post-thumbnail","hentry","category-noticias"],"_links":{"self":[{"href":"https:\/\/hostnetart.com.br\/baixada\/wp-json\/wp\/v2\/posts\/4135","targetHints":{"allow":["GET"]}}],"collection":[{"href":"https:\/\/hostnetart.com.br\/baixada\/wp-json\/wp\/v2\/posts"}],"about":[{"href":"https:\/\/hostnetart.com.br\/baixada\/wp-json\/wp\/v2\/types\/post"}],"author":[{"embeddable":true,"href":"https:\/\/hostnetart.com.br\/baixada\/wp-json\/wp\/v2\/users\/2"}],"replies":[{"embeddable":true,"href":"https:\/\/hostnetart.com.br\/baixada\/wp-json\/wp\/v2\/comments?post=4135"}],"version-history":[{"count":0,"href":"https:\/\/hostnetart.com.br\/baixada\/wp-json\/wp\/v2\/posts\/4135\/revisions"}],"wp:featuredmedia":[{"embeddable":true,"href":"https:\/\/hostnetart.com.br\/baixada\/wp-json\/wp\/v2\/media\/4134"}],"wp:attachment":[{"href":"https:\/\/hostnetart.com.br\/baixada\/wp-json\/wp\/v2\/media?parent=4135"}],"wp:term":[{"taxonomy":"category","embeddable":true,"href":"https:\/\/hostnetart.com.br\/baixada\/wp-json\/wp\/v2\/categories?post=4135"},{"taxonomy":"post_tag","embeddable":true,"href":"https:\/\/hostnetart.com.br\/baixada\/wp-json\/wp\/v2\/tags?post=4135"}],"curies":[{"name":"wp","href":"https:\/\/api.w.org\/{rel}","templated":true}]}}