{"id":4133,"date":"2018-04-04T15:10:24","date_gmt":"2018-04-04T18:10:24","guid":{"rendered":"https:\/\/hostnetart.com.br\/baixada\/anistia-internacional-repudia-declaracao-de-general-villas-boas\/"},"modified":"2018-04-04T15:10:24","modified_gmt":"2018-04-04T18:10:24","slug":"anistia-internacional-repudia-declaracao-de-general-villas-boas","status":"publish","type":"post","link":"https:\/\/hostnetart.com.br\/baixada\/anistia-internacional-repudia-declaracao-de-general-villas-boas\/","title":{"rendered":"Anistia Internacional repudia declara\u00e7\u00e3o de General Villas Boas"},"content":{"rendered":"<p style=\"font-weight: 400;\">A Anistia Internacional divulgou uma nota de rep\u00fadio \u00e0s declara\u00e7\u00e3o do comandante do Ex\u00e9rcito, o general Villas Boas. Para a organiza\u00e7\u00e3o, a fala do militar \u00e9 uma &#8220;afronta \u00e0 independ\u00eancia dos poderes&#8221;, al\u00e9m de sinalizar uma amea\u00e7a ao estado democr\u00e1tico.<\/p>\n<p style=\"font-weight: 400;\">A Anistia lembra que j\u00e1 havia manifestado sua preocupa\u00e7\u00e3o com o uso das For\u00e7as Armadas como pol\u00edtica de seguran\u00e7a p\u00fablica. Ela lembra que a impunidade aos militares, que cometeram crimes durante a ditadura civil-militar, estimula a viol\u00eancia dos\u00a0agentes do estado nos tempos atuais.<\/p>\n<p style=\"font-weight: 400;\">Al\u00e9m disso, a organiza\u00e7\u00e3o diz que Villas Boas foi\u00a0<a href=\"http:\/\/www.redebrasilatual.com.br\/politica\/2018\/04\/pt-denuncia-escandalosa-pressao-da-rede-globo-para-prender-lula\">contradit\u00f3rio<\/a>\u00a0ao se dizer &#8220;contra a impunidade&#8221;, j\u00e1 que defendeu a n\u00e3o instaura\u00e7\u00e3o de uma nova Comiss\u00e3o da Verdade durante a interven\u00e7\u00e3o no Rio, que possivelmente investigaria os crimes cometidos pelo Ex\u00e9rcito.<\/p>\n<p style=\"font-weight: 400;\">Na v\u00e9spera de julgamento do habeas corpus do ex-presidente Luiz In\u00e1cio Lula da Silva no Supremo Tribunal Federal (STF), nesta quarta, o general faz declara\u00e7\u00e3o nas redes sociais que repudia &#8220;a impunidade&#8221;. Ele disse tamb\u00e9m que\u00a0o Ex\u00e9rcito est\u00e1 ainda &#8220;atento \u00e0s suas miss\u00f5es institucionais&#8221;, sem detalhar a express\u00e3o.\u00a0<\/p>\n<p style=\"font-weight: 400;\">Leia o texto na \u00edntegra:<\/p>\n<p style=\"font-weight: 400;\"><em>A Anistia Internacional vem a p\u00fablico manifestar seu rep\u00fadio \u00e0s declara\u00e7\u00f5es do Comandante do Ex\u00e9rcito General Villas Boas. As declara\u00e7\u00f5es do General s\u00e3o uma grave afronta \u00e0 independ\u00eancia dos poderes, ao devido processo legal, uma amea\u00e7a ao estado democr\u00e1tico de direito e sinalizam um desvio do papel das For\u00e7as Armadas no Brasil.<\/em><\/p>\n<p style=\"font-weight: 400;\"><em>A Anistia Internacional j\u00e1 havia manifestado sua preocupa\u00e7\u00e3o com o crescente uso das For\u00e7as Armadas como pol\u00edtica de seguran\u00e7a p\u00fablica. O avan\u00e7o do militarismo atrav\u00e9s das opera\u00e7\u00f5es de Garantia da Lei e da Ordem (GLO) e, mais recentemente, com a interven\u00e7\u00e3o federal no Rio de Janeiro s\u00e3o uma amea\u00e7a crescente ao estado democr\u00e1tico de direito.<\/em><\/p>\n<p style=\"font-weight: 400;\"><em>Esse contexto foi agravado diante de declara\u00e7\u00f5es das For\u00e7as Armadas de que precisavam de garantias legais para atuarem em a\u00e7\u00f5es de seguran\u00e7a p\u00fablica sem que fossem julgados em tribunais civis por ilegalidades ou abusos cometidos. Ainda, a aprova\u00e7\u00e3o e san\u00e7\u00e3o da Lei 13.491\/2017, que entrou em vigor dia 16 de outubro de 2017, transferiu para a justi\u00e7a militar os crimes cometidos por militares contra civis em opera\u00e7\u00f5es de GLO. Esse foi j\u00e1 um passo assegurado pelos militares para garantir impunidade por crimes que possivelmente j\u00e1 tinham a inten\u00e7\u00e3o de cometer.<\/em><\/p>\n<p style=\"font-weight: 400;\"><em>N\u00e3o obstante a aprova\u00e7\u00e3o da Lei 13.491\/2017, o General Villas Boas afirmou ainda que os militares precisavam de garantias de que n\u00e3o haveria uma nova &#8220;comiss\u00e3o da verdade&#8221; no futuro. Tal afirma\u00e7\u00e3o revela novamente a predisposi\u00e7\u00e3o das For\u00e7as Armadas a alimentar o ciclo de impunidade, j\u00e1 que poss\u00edveis graves viola\u00e7\u00f5es de direitos humanos ficariam sem julgamento.<\/em><\/p>\n<p style=\"font-weight: 400;\"><em>Cabe lembrar ainda que a impunidade dos graves crimes e viola\u00e7\u00f5es de direitos cometidos pelas for\u00e7as armadas \u00e9 uma das feridas abertas na hist\u00f3rias recente brasileira. O Brasil nunca julgou ou responsabilizou os militares e agentes do estado que cometeram execu\u00e7\u00f5es, desaparecimentos for\u00e7ados, tortura, estupros, e todo tipo de viola\u00e7\u00f5es durante o regime militar.<\/em><\/p>\n<p style=\"font-weight: 400;\"><em>A impunidade dos crimes cometidos pelos militares e agentes do estado no passado alimenta e estimula a viol\u00eancia dos agentes do estado e militares no presente.<\/em><\/p>\n<p style=\"font-weight: 400;\"><em>Este \u00e9 um momento crucial na hist\u00f3ria do pa\u00eds. A Anistia Internacional se posiciona fortemente contra o militarismo, contra o desvio de fun\u00e7\u00e3o das For\u00e7as Armadas e abuso do uso da for\u00e7a, contra a impunidade das graves viola\u00e7\u00f5es cometidas pelos agentes do estado. A sociedade brasileira precisa se posicionar a favor do estado democr\u00e1tico de direito, do devido processo legal e da garantia dos direitos humanos.<\/em><\/p>\n<p style=\"font-weight: 400;\">\u00a0<\/p>\n<p style=\"font-weight: 400;\"><strong><span style=\"text-decoration: underline;\"><em>FONTE: Rede Brasil Atual<\/em><\/span><\/strong><\/p>\n","protected":false},"excerpt":{"rendered":"<p>A Anistia Internacional divulgou uma nota de rep\u00fadio \u00e0s declara\u00e7\u00e3o do comandante do Ex\u00e9rcito, o general Villas Boas. Para a organiza\u00e7\u00e3o, a fala do militar \u00e9 uma &#8220;afronta \u00e0 independ\u00eancia dos poderes&#8221;, al\u00e9m de sinalizar uma amea\u00e7a ao estado democr\u00e1tico. A Anistia lembra que j\u00e1 havia manifestado sua preocupa\u00e7\u00e3o com o uso das For\u00e7as Armadas [&hellip;]<\/p>\n","protected":false},"author":2,"featured_media":4132,"comment_status":"","ping_status":"","sticky":false,"template":"","format":"standard","meta":{"footnotes":""},"categories":[3],"tags":[],"class_list":["post-4133","post","type-post","status-publish","format-standard","has-post-thumbnail","hentry","category-noticias"],"_links":{"self":[{"href":"https:\/\/hostnetart.com.br\/baixada\/wp-json\/wp\/v2\/posts\/4133","targetHints":{"allow":["GET"]}}],"collection":[{"href":"https:\/\/hostnetart.com.br\/baixada\/wp-json\/wp\/v2\/posts"}],"about":[{"href":"https:\/\/hostnetart.com.br\/baixada\/wp-json\/wp\/v2\/types\/post"}],"author":[{"embeddable":true,"href":"https:\/\/hostnetart.com.br\/baixada\/wp-json\/wp\/v2\/users\/2"}],"replies":[{"embeddable":true,"href":"https:\/\/hostnetart.com.br\/baixada\/wp-json\/wp\/v2\/comments?post=4133"}],"version-history":[{"count":0,"href":"https:\/\/hostnetart.com.br\/baixada\/wp-json\/wp\/v2\/posts\/4133\/revisions"}],"wp:featuredmedia":[{"embeddable":true,"href":"https:\/\/hostnetart.com.br\/baixada\/wp-json\/wp\/v2\/media\/4132"}],"wp:attachment":[{"href":"https:\/\/hostnetart.com.br\/baixada\/wp-json\/wp\/v2\/media?parent=4133"}],"wp:term":[{"taxonomy":"category","embeddable":true,"href":"https:\/\/hostnetart.com.br\/baixada\/wp-json\/wp\/v2\/categories?post=4133"},{"taxonomy":"post_tag","embeddable":true,"href":"https:\/\/hostnetart.com.br\/baixada\/wp-json\/wp\/v2\/tags?post=4133"}],"curies":[{"name":"wp","href":"https:\/\/api.w.org\/{rel}","templated":true}]}}