{"id":4131,"date":"2018-04-04T15:08:52","date_gmt":"2018-04-04T18:08:52","guid":{"rendered":"https:\/\/hostnetart.com.br\/baixada\/brasil-o-fundo-do-poco-ou-poco-sem-fundo\/"},"modified":"2018-04-04T15:08:52","modified_gmt":"2018-04-04T18:08:52","slug":"brasil-o-fundo-do-poco-ou-poco-sem-fundo","status":"publish","type":"post","link":"https:\/\/hostnetart.com.br\/baixada\/brasil-o-fundo-do-poco-ou-poco-sem-fundo\/","title":{"rendered":"Brasil: o fundo do po\u00e7o ou po\u00e7o sem fundo?"},"content":{"rendered":"<p>Tenho revisto as\u00a0<a class=\"external-link\" title=\"\" href=\"https:\/\/www.youtube.com\/watch?v=lv0jav4lNsk\" target=\"_blank\" rel=\"noopener noreferrer\">cenas da sequ\u00eancia do filme Cabaret (1972), dirigido por Bob Fosse,<\/a>\u00a0com Liza Minelli e grande elenco, conhecida como &#8220;Tomorrow belongs to me&#8221; (O amanh\u00e3 pertence a mim), da qual ofere\u00e7o em anexo uma tradu\u00e7\u00e3o de minha lavra*, ao fim desse texto.\u00a0<\/p>\n<p>Nela dois dos personagens, o ingl\u00eas Brian Roberts (Michael York) e o aristocrata alem\u00e3o Maximilian von Huene (Helmut Greim) v\u00e3o a um &#8220;Bier Garten&#8221; (bar\/caf\u00e9 ao ar livre) pr\u00f3ximo da casa de campo deste \u00faltimo, na Alemanha.<\/p>\n<p>Ali se desenrola uma cena que come\u00e7a id\u00edlica e se transforma em sinistra. A c\u00e2mera foco o rosto bonito de um jovem louro, que entoa, com sua voz de tenor, quase de tenorino, uma can\u00e7\u00e3o que re\u00fane alguns lugares comuns (express\u00e3o que n\u00e3o \u00e9 necessariamente pejorativa) do romantismo germ\u00e2nico (embora composta por dois norte-americanos, John Kander e Fred Ebb). Ela fala de um veado que corre livre na floresta, do sol que aquece o prado, do beb\u00ea que adormece no ber\u00e7o, da tempestade de ver\u00e3o que se aproxima\u2026 reunindo tudo sob o refr\u00e3o-t\u00edtulo: &#8220;o amanh\u00e3 pertence a mim&#8221;, isto \u00e9, ao vigor da juventude.\u00a0<\/p>\n<p>A c\u00e2mera, descendo lentamente, revela que o jovem veste a camisa parda dos SA nazistas, com a bra\u00e7adeira expondo a su\u00e1stica. A can\u00e7\u00e3o id\u00edlica vai se transformando num hino belicoso, na medida em que quase toda a plateia, de todas as idades, canta com o jovem. Ao fim, os dois amigos se retiram, assustados, e Brian pergunta a Max: &#8220;voc\u00ea ainda acha que pode controla-los?&#8221;, numa refer\u00eancia a cren\u00e7a deste de que os nazistas serviriam para neutralizar a esquerda e depois poderiam ser contidos pelas for\u00e7as pol\u00edticas dos conservadores tradicionais.<\/p>\n<p>A cena serve muito bem para encararmos o que se passa no Brasil de hoje. Escrevo estas apressadas linhas \u00e0s sete da manh\u00e3 (hora de Bras\u00edlia), meio dia em Berlim. N\u00e3o sei qual ser\u00e1 a decis\u00e3o do STF sobre a pris\u00e3o ou n\u00e3o do ex-presidente Lula. Mas sei que, seja ela qual for (pris\u00e3o, liberdade, posterga\u00e7\u00e3o) ela levar\u00e1 os golpistas remanescentes \u00e0 histeria, seja ela festiva ou enfuriada.<\/p>\n<p>Em primeiro lugar, porque eles j\u00e1 ficaram hist\u00e9ricos, com a decis\u00e3o anterior do STF, dando uma esp\u00e9cie de &#8220;salvo-conduto&#8221; a Lula at\u00e9 hoje, 4 de abril. Esta decis\u00e3o n\u00e3o estava no seu script. Em segundo lugar, porque ela veio se somar a uma s\u00e9rie de problemas que eles enfrentam, embora de momento detenham a faca, o queijo e o tabuleiro pol\u00edtico nas m\u00e3os. E os problemas v\u00e3o se transformando em impasses.<\/p>\n<p>O governo Temer est\u00e1 nas cordas e na lona. Desmoralizado e desmoralizando o Brasil no mundo inteiro, s\u00f3 tem a oferecer o espet\u00e1culo vexaminoso de sua luta pela pr\u00f3pria sobreviv\u00eancia em meio a um mar de den\u00fancias e de fracassos at\u00e9 mesmo em rela\u00e7\u00e3o ao vergonhoso programa de retrocesso pol\u00edtico, social, econ\u00f4mico, cultural e educacional, al\u00e9m de na previd\u00eancia e na sa\u00fade, que vem se esfor\u00e7ando por impor ao pa\u00eds.<\/p>\n<p>Os golpistas est\u00e3o esfrangalhados, embora ainda os una o empenho em retirar Lula da elei\u00e7\u00e3o e as esquerdas da cena pol\u00edtica. Seu poder de mobiliza\u00e7\u00e3o das parcelas reacion\u00e1rias das classes m\u00e9dias arrefeceu, embora continuem as campanhas virulentas na m\u00eddia e nos espa\u00e7os virtuais.<\/p>\n<p>Atesta este impasse o fracasso das manifesta\u00e7\u00f5es pela pris\u00e3o de Lula convocadas para ontem (3), em todo o pa\u00eds &#8211; at\u00e9 com o aux\u00edlio de empresas &#8211; que se limitaram a reunir uns poucos gatos pingados de norte a sul, de leste a oeste. Gatos pingados, por\u00e9m perigosos. O seu jogo est\u00e1 se tornando cada vez mais violento, a\u00e7ulados pela aura de impunidade que os protege.<\/p>\n<p>O que se viu nos \u00faltimos dias mostra bem a agita\u00e7\u00e3o deflagrada nas suas hostes tanto pelo sucesso das caravanas de Lula e a forma\u00e7\u00e3o de uma frente (ainda limitada \u00e0s esquerdas) anti-fascista quanto pela decis\u00e3o (para eles inesperada) do STF.<\/p>\n<p>O que foram pedradas e chicotadas contra a caravana se transformaram em tiros contra os \u00f4nibus, com as autoridades do Paran\u00e1 fazendo vista-grossa e pol\u00edticos que querem aparecer como moderados\u00a0condenando as\u00a0v\u00edtimas pelo incidente.<\/p>\n<p>Pipocaram editoriais na m\u00eddia golpista pedindo a pris\u00e3o do ex-presidente. Pedindo? Ordenando. Multiplicaram-se as vozes dos economistas de vitrine pregando que o esfrangalhamento da economia do pa\u00eds, seu retalho entre multinacionais, o dram\u00e1tico desemprego, a precariza\u00e7\u00e3o do trabalho que corr\u00f3i o poder aquisitivo da popula\u00e7\u00e3o, o neo-crescimento da desigualdade, da mis\u00e9ria, do n\u00famero de pedintes, incluindo crian\u00e7as, o retorno do Brasil ao mapa da fome, tudo isso junto chama-se &#8220;recupera\u00e7\u00e3o&#8221; e &#8220;retorno \u00e0 normalidade&#8221;.<\/p>\n<p>Sem falar na redu\u00e7\u00e3o a p\u00f3 de traque do prest\u00edgio brasileiro na cena internacional, que se mantinha de p\u00e9 at\u00e9 o golpe de 2016. Para completar o conturbado quadro, vieram \u00e0 tona declara\u00e7\u00f5es inoportunas (para os golpistas oportunas, v\u00e1lidas e inseridas no contexto) de pr\u00f3ceres militares sobre combate \u00e0 impunidade e falando em &#8220;miss\u00e3o institucional&#8221;.<\/p>\n<p>O maior problema enfrentado pelos golpistas \u00e9 o de que o Brasil n\u00e3o cabe mais (e faz tempo) no tabuleiro de usas ideias anacr\u00f4nicas, feitas de importa\u00e7\u00f5es das piores quinquilharias do pensamento neo-liberal e norte-americano.<\/p>\n<p>Portanto, para manter o tabuleiro e a t\u00e1bua das suas ideias, tudo o que ter\u00e3o a oferecer ser\u00e1 a sinistra combina\u00e7\u00e3o que se prefigura naquela can\u00e7\u00e3o do filme: um conluio de repress\u00e3o violenta para manter &#8220;a ordem&#8221; e o suposto progresso, com a impunidade da baderna dos grupos para-militares, da sanha da nova &#8220;tigrada&#8221; corporativa, agora muitas vezes togada, aliada \u00e0 propaga\u00e7\u00e3o mais deslavada de &#8220;fake news&#8221; na m\u00eddia e no campo virtual. Como j\u00e1 mencionei, independentemente do resultado de hoje no STF. At\u00e9 quando?<\/p>\n<p>O diabo \u00e9 o que e quanto teremos de pagar para ver.<\/p>\n<p>\u00a0<\/p>\n<p><span class=\"discreet\">A tradu\u00e7\u00e3o livre da can\u00e7\u00e3o do filme:<\/span><\/p>\n<p>\u00a0<\/p>\n<p><span class=\"discreet\">Original:\u00a0<\/span><\/p>\n<p>The sun in the meadow is summery warm<\/p>\n<p><span class=\"discreet\">The stag in the forest runs free<\/span><\/p>\n<p><span class=\"discreet\">But gather together to greet the storm<\/span><\/p>\n<p><span class=\"discreet\">Tomorrow belongs to me<\/span><\/p>\n<p>\u00a0<\/p>\n<p><span class=\"discreet\">The branch of the linden is leafy and green<\/span><\/p>\n<p><span class=\"discreet\">The Rhine gives its gold to the sea<\/span><\/p>\n<p><span class=\"discreet\">But somewhere a glory waits unseen<\/span><\/p>\n<p><span class=\"discreet\">Tomorrow belongs to me<\/span><\/p>\n<p>\u00a0<\/p>\n<p><span class=\"discreet\">The babe in the cradles is closing his eyes<\/span><\/p>\n<p><span class=\"discreet\">The blossom embraces de bee<\/span><\/p>\n<p><span class=\"discreet\">But soon says a whisper: &#8220;arise, arise&#8221;<\/span><\/p>\n<p><span class=\"discreet\">Tomorrow belongs to me<\/span><\/p>\n<p>\u00a0<\/p>\n<p><span class=\"discreet\">O fatherland, o fatherland show us the sign<\/span><\/p>\n<p><span class=\"discreet\">Your children have waited to see<\/span><\/p>\n<p><span class=\"discreet\">The morning will come when the world is mine<\/span><\/p>\n<p><span class=\"discreet\">Tomorrow belongs to me<\/span><\/p>\n<p>&#8212;&#8212;&#8212;&#8212;&#8212;&#8212;&#8212;&#8212;&#8212;&#8212;&#8212;&#8212;&#8212;&#8211;<\/p>\n<p><span class=\"discreet\">Tradu\u00e7\u00e3o:<\/span><\/p>\n<p>O veado na mata corre em liberdade<\/p>\n<p><span class=\"discreet\">O sol do ver\u00e3o aquenta o prado enfim<\/span><\/p>\n<p><span class=\"discreet\">Mas re\u00fanam-se para saudar a tempestade<\/span><\/p>\n<p><span class=\"discreet\">O amanh\u00e3 pertence a mim<\/span><\/p>\n<p>\u00a0<\/p>\n<p>O ramo da t\u00edlia \u00e9 verde e frondoso<\/p>\n<p><span class=\"discreet\">O Reno entrega seu ouro ao mar sem fim<\/span><\/p>\n<p><span class=\"discreet\">Mas em algum lugar aguarda um futuro glorioso<\/span><\/p>\n<p><span class=\"discreet\">O amanh\u00e3 pertence a mim<\/span><\/p>\n<p>\u00a0<\/p>\n<p>A crian\u00e7a no ber\u00e7o os olhos fecha no acalanto<\/p>\n<p><span class=\"discreet\">A flor abra\u00e7a o besouro carmim<\/span><\/p>\n<p><span class=\"discreet\">Mas logo um suspiro nos ergue em seu canto<\/span><\/p>\n<p><span class=\"discreet\">O amanh\u00e3 pertence a \u00a0mim<\/span><\/p>\n<p>\u00a0<\/p>\n<p><span class=\"discreet\">\u00d3 p\u00e1tria, \u00f3 p\u00e1tria, nos d\u00e1 o sinal<\/span><\/p>\n<p><span class=\"discreet\">Que teus filhos aguardam, sim<\/span><\/p>\n<p><span class=\"discreet\">A manh\u00e3 nascer\u00e1 em meu mundo afinal<\/span><\/p>\n<p><span class=\"discreet\">O amanh\u00e3 pertence a mim<\/span><\/p>\n<p>\u00a0<\/p>\n<p><strong><em><span style=\"text-decoration: underline;\"><span class=\"discreet\">FONTE: Rede Brasil Atual<\/span><\/span><\/em><\/strong><\/p>\n","protected":false},"excerpt":{"rendered":"<p>Tenho revisto as\u00a0cenas da sequ\u00eancia do filme Cabaret (1972), dirigido por Bob Fosse,\u00a0com Liza Minelli e grande elenco, conhecida como &#8220;Tomorrow belongs to me&#8221; (O amanh\u00e3 pertence a mim), da qual ofere\u00e7o em anexo uma tradu\u00e7\u00e3o de minha lavra*, ao fim desse texto.\u00a0 Nela dois dos personagens, o ingl\u00eas Brian Roberts (Michael York) e o [&hellip;]<\/p>\n","protected":false},"author":2,"featured_media":4130,"comment_status":"","ping_status":"","sticky":false,"template":"","format":"standard","meta":{"footnotes":""},"categories":[3],"tags":[],"class_list":["post-4131","post","type-post","status-publish","format-standard","has-post-thumbnail","hentry","category-noticias"],"_links":{"self":[{"href":"https:\/\/hostnetart.com.br\/baixada\/wp-json\/wp\/v2\/posts\/4131","targetHints":{"allow":["GET"]}}],"collection":[{"href":"https:\/\/hostnetart.com.br\/baixada\/wp-json\/wp\/v2\/posts"}],"about":[{"href":"https:\/\/hostnetart.com.br\/baixada\/wp-json\/wp\/v2\/types\/post"}],"author":[{"embeddable":true,"href":"https:\/\/hostnetart.com.br\/baixada\/wp-json\/wp\/v2\/users\/2"}],"replies":[{"embeddable":true,"href":"https:\/\/hostnetart.com.br\/baixada\/wp-json\/wp\/v2\/comments?post=4131"}],"version-history":[{"count":0,"href":"https:\/\/hostnetart.com.br\/baixada\/wp-json\/wp\/v2\/posts\/4131\/revisions"}],"wp:featuredmedia":[{"embeddable":true,"href":"https:\/\/hostnetart.com.br\/baixada\/wp-json\/wp\/v2\/media\/4130"}],"wp:attachment":[{"href":"https:\/\/hostnetart.com.br\/baixada\/wp-json\/wp\/v2\/media?parent=4131"}],"wp:term":[{"taxonomy":"category","embeddable":true,"href":"https:\/\/hostnetart.com.br\/baixada\/wp-json\/wp\/v2\/categories?post=4131"},{"taxonomy":"post_tag","embeddable":true,"href":"https:\/\/hostnetart.com.br\/baixada\/wp-json\/wp\/v2\/tags?post=4131"}],"curies":[{"name":"wp","href":"https:\/\/api.w.org\/{rel}","templated":true}]}}