{"id":4129,"date":"2018-04-04T15:08:00","date_gmt":"2018-04-04T18:08:00","guid":{"rendered":"https:\/\/hostnetart.com.br\/baixada\/o-tuite-do-general-villas-boas-e-a-maior-chantagem-a-justica-desde-a-ditadura\/"},"modified":"2018-04-04T15:08:00","modified_gmt":"2018-04-04T18:08:00","slug":"o-tuite-do-general-villas-boas-e-a-maior-chantagem-a-justica-desde-a-ditadura","status":"publish","type":"post","link":"https:\/\/hostnetart.com.br\/baixada\/o-tuite-do-general-villas-boas-e-a-maior-chantagem-a-justica-desde-a-ditadura\/","title":{"rendered":"O tu\u00edte do general Villas Boas \u00e9 a maior chantagem \u00e0 Justi\u00e7a desde a ditadura"},"content":{"rendered":"<p>O Supremo tem, agora, uma arma apontada contra os ju\u00edzes: ou votam contra o HC de Lula e pela pris\u00e3o em segunda inst\u00e2ncia, ou\u2026 ou o qu\u00ea, general? Traem a p\u00e1tria? Traem o interesse p\u00fablico? Contrariam suas convic\u00e7\u00f5es pessoais? Desagradam sua corpora\u00e7\u00e3o?<\/p>\n<p>Se o ministro Fachin tinha sido amea\u00e7ado, agora teria raz\u00f5es para denunciar a chantagem.<\/p>\n<p>Vivemos uma sequ\u00eancia de ataques \u00e0 democracia e \u00e0 independ\u00eancia dos poderes.<\/p>\n<p>Marielle e Anderson assassinados, a caravana de Lula agredida com tiros e impedida, pela viol\u00eancia, de seguir viagem, a m\u00eddia ensandecida porque a direita n\u00e3o encontra um candidato vi\u00e1vel.<\/p>\n<p>Querem o qu\u00ea? Prender Lula? Se n\u00e3o bastar, pretendem o qu\u00ea? Suspender as elei\u00e7\u00f5es ou neutraliz\u00e1-la com o parlamentarismo tirado do bolso do colete nas v\u00e9speras do pleito?<\/p>\n<p>O que muita gente boa parece n\u00e3o entender \u00e9 que o impeachment, na atmosfera envenenada por um antipetismo patol\u00f3gico, abriu caminho para que sa\u00edssem do arm\u00e1rio todos os espectros do fascismo. &#8220;N\u00e3o sou petista: sou anti-antipetista.&#8221;<\/p>\n<p>O antipetismo \u00e9 o ingrediente que faz as vezes do antissemitismo, na Alemanha nazista.<\/p>\n<p>O antipetismo identifica O CULPADO de todas as pervers\u00f5es, o monstro a abater, o bode expiat\u00f3rio, a fonte do mal.<\/p>\n<p>O antipetismo gerou o inimigo e gestou a guerra pol\u00edtico-midi\u00e1tica para liquid\u00e1-lo, guerra que se estende, sob outras formas (mas at\u00e9 quando?), \u00e0s favelas e periferias, promovendo o genoc\u00eddio de jovens negros e pobres, e aniquilando a vida de tantos policiais, trabalhadores explorados e tratados com desprezo pelas institui\u00e7\u00f5es.<\/p>\n<p>H\u00e1 um fio de sangue que liga as palavras amea\u00e7adoras do general, interferindo na autonomia do Supremo, na v\u00e9spera do julgamento do habeas corpus de Lula, a agenda regressiva que cancela direitos, as balas contra a caravana de Lula e a execu\u00e7\u00e3o de Marielle e Anderson.<\/p>\n<p>Os autores n\u00e3o s\u00e3o os mesmos, e existem contradi\u00e7\u00f5es entre eles, mas h\u00e1 uma linha de continuidade porque todas ocorrem no cen\u00e1rio de degrada\u00e7\u00e3o institucional criado pelo antipetismo e nele se inspiram.<\/p>\n<p>Ser contr\u00e1rio ao antipetismo, mesmo n\u00e3o sendo petista, \u00e9 necess\u00e1rio para resistir ao avan\u00e7o do fascismo.<\/p>\n<p>Os que votaram pelo impeachment e, na m\u00eddia, incendiaram os cora\u00e7\u00f5es contra Lula e o PT, sem qualquer pudor, n\u00e3o tendo mais como recuar, avan\u00e7am ao encontro da ascens\u00e3o fascista, que ajudam a alimentar, volunt\u00e1ria e involuntariamente.<\/p>\n<p>N\u00e3o podemos retardar a forma\u00e7\u00e3o de ampla alian\u00e7a progressista pela democracia, uma frente \u00fanica antifascista.<\/p>\n<p><em><span class=\"discreet\">*Luiz Eduardo Soares \u00e9\u00a0antrop\u00f3logo, cientista pol\u00edtico\u00a0e especialista em seguran\u00e7a p\u00fablica\u00a0<\/span><\/em><\/p>\n","protected":false},"excerpt":{"rendered":"<p>O Supremo tem, agora, uma arma apontada contra os ju\u00edzes: ou votam contra o HC de Lula e pela pris\u00e3o em segunda inst\u00e2ncia, ou\u2026 ou o qu\u00ea, general? Traem a p\u00e1tria? Traem o interesse p\u00fablico? Contrariam suas convic\u00e7\u00f5es pessoais? Desagradam sua corpora\u00e7\u00e3o? Se o ministro Fachin tinha sido amea\u00e7ado, agora teria raz\u00f5es para denunciar a [&hellip;]<\/p>\n","protected":false},"author":2,"featured_media":4128,"comment_status":"","ping_status":"","sticky":false,"template":"","format":"standard","meta":{"footnotes":""},"categories":[3],"tags":[],"class_list":["post-4129","post","type-post","status-publish","format-standard","has-post-thumbnail","hentry","category-noticias"],"_links":{"self":[{"href":"https:\/\/hostnetart.com.br\/baixada\/wp-json\/wp\/v2\/posts\/4129","targetHints":{"allow":["GET"]}}],"collection":[{"href":"https:\/\/hostnetart.com.br\/baixada\/wp-json\/wp\/v2\/posts"}],"about":[{"href":"https:\/\/hostnetart.com.br\/baixada\/wp-json\/wp\/v2\/types\/post"}],"author":[{"embeddable":true,"href":"https:\/\/hostnetart.com.br\/baixada\/wp-json\/wp\/v2\/users\/2"}],"replies":[{"embeddable":true,"href":"https:\/\/hostnetart.com.br\/baixada\/wp-json\/wp\/v2\/comments?post=4129"}],"version-history":[{"count":0,"href":"https:\/\/hostnetart.com.br\/baixada\/wp-json\/wp\/v2\/posts\/4129\/revisions"}],"wp:featuredmedia":[{"embeddable":true,"href":"https:\/\/hostnetart.com.br\/baixada\/wp-json\/wp\/v2\/media\/4128"}],"wp:attachment":[{"href":"https:\/\/hostnetart.com.br\/baixada\/wp-json\/wp\/v2\/media?parent=4129"}],"wp:term":[{"taxonomy":"category","embeddable":true,"href":"https:\/\/hostnetart.com.br\/baixada\/wp-json\/wp\/v2\/categories?post=4129"},{"taxonomy":"post_tag","embeddable":true,"href":"https:\/\/hostnetart.com.br\/baixada\/wp-json\/wp\/v2\/tags?post=4129"}],"curies":[{"name":"wp","href":"https:\/\/api.w.org\/{rel}","templated":true}]}}