{"id":4125,"date":"2018-04-04T15:05:22","date_gmt":"2018-04-04T18:05:22","guid":{"rendered":"https:\/\/hostnetart.com.br\/baixada\/bancarios-do-rio-vao-as-urnas\/"},"modified":"2018-04-04T15:05:22","modified_gmt":"2018-04-04T18:05:22","slug":"bancarios-do-rio-vao-as-urnas","status":"publish","type":"post","link":"https:\/\/hostnetart.com.br\/baixada\/bancarios-do-rio-vao-as-urnas\/","title":{"rendered":"Banc\u00e1rios do Rio v\u00e3o \u00e0s urnas"},"content":{"rendered":"<div class=\"content\">\n<p>O processo eleitoral do Sindicato dos Banc\u00e1rios do Rio de Janeiro est\u00e1 em andamento. A vota\u00e7\u00e3o come\u00e7a na pr\u00f3xima ter\u00e7a-feira (10) e segue at\u00e9 sexta-feira (13).<\/p>\n<p>Todos os banc\u00e1rios sindicalizados podem votar, inclusive aqueles que est\u00e3o afastados para tratamento de sa\u00fade, os que foram demitidos nos \u00faltimos seis meses e os aposentados que eram sindicalizados no momento da aposentadoria. Basta apresentar um documento de identidade com foto. Urnas itinerantes percorrer\u00e3o as ag\u00eancias durante os dias de vota\u00e7\u00e3o. Haver\u00e1 tamb\u00e9m uma urna fixa na sede do sindicato.<\/p>\n<p>A Confedera\u00e7\u00e3o Nacional dos Trabalhadores do Ramo Financeiro (Contraf-CUT) apoia a CHAPA 1 \u2013 Unir, Resistir e Avan\u00e7ar, encabe\u00e7ada pela banc\u00e1ria Adriana Nalesso, do Ita\u00fa, atual presidenta do sindicato.<\/p>\n<p><a class=\"has-subtitle img\" title=\"\" href=\"http:\/\/admin.contrafcut.com.br\/system\/uploads\/ck\/images\/Chapa1Rio.jpg\" data-lightbox=\"lightbox\" data-title=\"\"><img decoding=\"async\" src=\"http:\/\/contrafcut.org.br\/images\/_0659ea61ec406e430837aa035600eec2.jpg\" alt=\"\" \/><\/a>\u201cA Chapa 1 re\u00fane trabalhadores de sete diferentes institui\u00e7\u00f5es financeiras. Isso permite uma excelente representa\u00e7\u00e3o da categoria. Al\u00e9m disso, \u00e9 a chapa que conta com o apoio da grande maioria dos sindicatos em todo pa\u00eds. Como a campanha dos banc\u00e1rios \u00e9 nacional esse \u00e9 um fato importante. Garante a unidade da categoria na luta por seus direitos\u201d, disse Roberto von der Osten, presidente da Contraf-CUT.<\/p>\n<p>Conhe\u00e7a os integrantes, as propostas e obtenha mais informa\u00e7\u00f5es no\u00a0<ins><strong><a href=\"https:\/\/chapa1unirresistir.wixsite.com\/chapa1\" target=\"_blank\" rel=\"noopener noreferrer\">site da Chapa 1<\/a><\/strong><\/ins>.<\/p>\n<\/div>\n<p id=\"page-author\"><span style=\"text-decoration: underline;\"><em><strong>Fonte: Contraf-CUT<\/strong><\/em><\/span><\/p>\n","protected":false},"excerpt":{"rendered":"<p>O processo eleitoral do Sindicato dos Banc\u00e1rios do Rio de Janeiro est\u00e1 em andamento. A vota\u00e7\u00e3o come\u00e7a na pr\u00f3xima ter\u00e7a-feira (10) e segue at\u00e9 sexta-feira (13). Todos os banc\u00e1rios sindicalizados podem votar, inclusive aqueles que est\u00e3o afastados para tratamento de sa\u00fade, os que foram demitidos nos \u00faltimos seis meses e os aposentados que eram sindicalizados [&hellip;]<\/p>\n","protected":false},"author":2,"featured_media":4124,"comment_status":"","ping_status":"","sticky":false,"template":"","format":"standard","meta":{"footnotes":""},"categories":[3],"tags":[],"class_list":["post-4125","post","type-post","status-publish","format-standard","has-post-thumbnail","hentry","category-noticias"],"_links":{"self":[{"href":"https:\/\/hostnetart.com.br\/baixada\/wp-json\/wp\/v2\/posts\/4125","targetHints":{"allow":["GET"]}}],"collection":[{"href":"https:\/\/hostnetart.com.br\/baixada\/wp-json\/wp\/v2\/posts"}],"about":[{"href":"https:\/\/hostnetart.com.br\/baixada\/wp-json\/wp\/v2\/types\/post"}],"author":[{"embeddable":true,"href":"https:\/\/hostnetart.com.br\/baixada\/wp-json\/wp\/v2\/users\/2"}],"replies":[{"embeddable":true,"href":"https:\/\/hostnetart.com.br\/baixada\/wp-json\/wp\/v2\/comments?post=4125"}],"version-history":[{"count":0,"href":"https:\/\/hostnetart.com.br\/baixada\/wp-json\/wp\/v2\/posts\/4125\/revisions"}],"wp:featuredmedia":[{"embeddable":true,"href":"https:\/\/hostnetart.com.br\/baixada\/wp-json\/wp\/v2\/media\/4124"}],"wp:attachment":[{"href":"https:\/\/hostnetart.com.br\/baixada\/wp-json\/wp\/v2\/media?parent=4125"}],"wp:term":[{"taxonomy":"category","embeddable":true,"href":"https:\/\/hostnetart.com.br\/baixada\/wp-json\/wp\/v2\/categories?post=4125"},{"taxonomy":"post_tag","embeddable":true,"href":"https:\/\/hostnetart.com.br\/baixada\/wp-json\/wp\/v2\/tags?post=4125"}],"curies":[{"name":"wp","href":"https:\/\/api.w.org\/{rel}","templated":true}]}}