{"id":4123,"date":"2018-04-03T18:27:40","date_gmt":"2018-04-03T21:27:40","guid":{"rendered":"https:\/\/hostnetart.com.br\/baixada\/funcef-tem-deficit-acumulado-de-r-6-5-bilhoes-em-2017\/"},"modified":"2018-04-03T18:27:40","modified_gmt":"2018-04-03T21:27:40","slug":"funcef-tem-deficit-acumulado-de-r-6-5-bilhoes-em-2017","status":"publish","type":"post","link":"https:\/\/hostnetart.com.br\/baixada\/funcef-tem-deficit-acumulado-de-r-6-5-bilhoes-em-2017\/","title":{"rendered":"Funcef tem deficit acumulado de R$ 6,5 bilh\u00f5es em 2017"},"content":{"rendered":"<div class=\"content\">\n<p>O deficit cresceu em todos os planos da Funcef em 2017. De acordo com os resultados apresentados pela Funda\u00e7\u00e3o na \u00faltima quarta-feira (28), mesmo com rentabilidade acima da meta, Novo Plano, REB e REG\/Replan o deficit nos planos da Funcef se elevou em R$ 4,7 bilh\u00f5es. Considerando anos anteriores e os valores inclu\u00eddos nos planos de equacionamento, a Funcef apresenta um deficit acumulado de R$ 6,5 bilh\u00f5es.<\/p>\n<p>O valor n\u00e3o \u00e9 maior porque, no final do ano, a diretoria executiva aprovou dois planos de equacionamento, nos quais foram contabilizados R$ 10,6 bilh\u00f5es. Como explica a diretora de Sa\u00fade e Previd\u00eancia da Fenae, Fabiana Matheus, esse dinheiro deixou de ser contabilizado como deficit e ser\u00e1 cobrado dos participantes em contribui\u00e7\u00f5es extraordin\u00e1rias.<\/p>\n<p>\u201cEsses bilh\u00f5es que seriam contabilizados como deficit, agora levam o nome de reserva a integralizar e ser\u00e3o descontados no contracheque dos participantes\u201d, alerta a diretora da Fenae.<\/p>\n<p><strong>R$ 10,6 bilh\u00f5es ser\u00e3o cobrados nos contracheques<\/strong><\/p>\n<p>No final do ano passado, a Funcef aprovou o primeiro plano de equacionamento do REG\/Replan N\u00e3o Saldado, abrangendo um montante de R$ 929,4 milh\u00f5es e j\u00e1 com a quebra da paridade, ou seja, com os participantes desse plano assumindo 58% do deficit enquanto a Caixa acar\u00e1 somente com 42%.<\/p>\n<p>No caso do Saldado, os outros dois planos de equacionamento j\u00e1 implementados contemplavam somente a parcela m\u00ednima do deficit permitida por lei. Com isso, a Funcef apostou na cobran\u00e7a de contribui\u00e7\u00f5es extras menores referentes a 2014 e 2015 (2,78% e 7,86%, respectivamente) enquanto o desequil\u00edbrio se acumulava. Tamb\u00e9m no final de 2017, pouco antes do t\u00e9rmino da atual gest\u00e3o, a diretoria da funda\u00e7\u00e3o aprovou o terceiro plano de equacionamento do Saldado, referente a 2016, desta vez, contemplando todo o deficit e n\u00e3o mais o valor m\u00ednimo. Neste plano, foram inclu\u00eddos R$ 9,7 bilh\u00f5es, que geraram o novo desconto de 9,59% &#8211; previsto inicialmente par ser implementado em mar\u00e7o &#8211; totalizando 20,23%.<\/p>\n<p><strong>Oportunidade perdida<\/strong><\/p>\n<p>A rentabilidade dos planos foi, em m\u00e9dia, cerca de 5 p.p acima da meta atuarial, mas foi insuficiente para evitar o aumento do deficit. A elevada concentra\u00e7\u00e3o de investimentos no segmento de renda fixa comprometeu a recupera\u00e7\u00e3o dos planos, que mant\u00e9m nos t\u00edtulos p\u00fablicos R$ 6 de cada R$ 10 investidos. Com a Taxa Selic em queda, a renda fixa foi o segmento de mais baixo desempenho, inferior inclusive \u00e0 rentabilidade do CredPlan. \u201cA Funcef est\u00e1 ganhando mais cobrando juros dos participantes do que com t\u00edtulos p\u00fablicos\u201d, observa Fabiana.<\/p>\n<p>Enquanto isso, os investimentos estruturados e a renda vari\u00e1vel tiveram as maiores rentabilidades. No Novo Plano, por exemplo, cerca de 70% dos ativos est\u00e3o em renda fixa, enquanto 20% dos investimentos est\u00e3o na renda vari\u00e1vel e apenas 2,7% est\u00e3o nos estruturados, como os chamados Fundos de Investimento em Participa\u00e7\u00f5es, os FIPs. No entanto, os estruturados apresentaram a maior rentabilidade de todas (36,53%), enquanto a renda vari\u00e1vel obteve 21,19% e a renda fixa apenas 9,62%.<\/p>\n<p>\u201cOs fundos que souberam aguardar o bom momento da bolsa de valores, est\u00e3o colhendo os frutos em seus resultados\u201d, avalia a diretora da Fenae. Fabiana cita o exemplo da Previ, fundo de pens\u00e3o do pessoal do Banco do Brasil, que manteve suas posi\u00e7\u00f5es em renda vari\u00e1vel e pegou o embalo do mercado de a\u00e7\u00f5es em 2017. No acumulado de janeiro a outubro, o \u00edndice Bovespa foi equivalente a 15 vezes a infla\u00e7\u00e3o (INPC).<\/p>\n<p><strong>Reclassifica\u00e7\u00e3o do contencioso<\/strong><\/p>\n<p>Outra medida aplicada pela Funcef no \u00faltimo m\u00eas de 2017 foi a reclassifica\u00e7\u00e3o cont\u00e1bil do contencioso. At\u00e9 novembro, o provisionamento feito nos planos de benef\u00edcios para cobrir o passivo trabalhista originado pela Caixa era de R$ 2,4 bilh\u00f5es. O balan\u00e7o anual, por\u00e9m, fechou com uma redu\u00e7\u00e3o de mais de R$ 1 bilh\u00e3o na provis\u00e3o para as chamadas a\u00e7\u00f5es de perda prov\u00e1vel, aquelas cuja contabiliza\u00e7\u00e3o \u00e9 obrigat\u00f3ria. Com isso, o novo provisionamento est\u00e1 em R$ 1,4 bilh\u00e3o.<\/p>\n<p>\u201cA reclassifica\u00e7\u00e3o cont\u00e1bil foi usada pela diretoria para reduzir o deficit a registrado no balan\u00e7o. Se essas a\u00e7\u00f5es reclassificadas forem executadas l\u00e1 na frente, as perdas vir\u00e3o e carregar\u00e3o o deficit de qualquer maneira\u201d, comenta Fabiana.<\/p>\n<\/div>\n<p id=\"page-author\"><span style=\"text-decoration: underline;\"><em><strong>Fonte: Fenae<\/strong><\/em><\/span><\/p>\n","protected":false},"excerpt":{"rendered":"<p>O deficit cresceu em todos os planos da Funcef em 2017. De acordo com os resultados apresentados pela Funda\u00e7\u00e3o na \u00faltima quarta-feira (28), mesmo com rentabilidade acima da meta, Novo Plano, REB e REG\/Replan o deficit nos planos da Funcef se elevou em R$ 4,7 bilh\u00f5es. Considerando anos anteriores e os valores inclu\u00eddos nos planos [&hellip;]<\/p>\n","protected":false},"author":2,"featured_media":4122,"comment_status":"","ping_status":"","sticky":false,"template":"","format":"standard","meta":{"footnotes":""},"categories":[3],"tags":[],"class_list":["post-4123","post","type-post","status-publish","format-standard","has-post-thumbnail","hentry","category-noticias"],"_links":{"self":[{"href":"https:\/\/hostnetart.com.br\/baixada\/wp-json\/wp\/v2\/posts\/4123","targetHints":{"allow":["GET"]}}],"collection":[{"href":"https:\/\/hostnetart.com.br\/baixada\/wp-json\/wp\/v2\/posts"}],"about":[{"href":"https:\/\/hostnetart.com.br\/baixada\/wp-json\/wp\/v2\/types\/post"}],"author":[{"embeddable":true,"href":"https:\/\/hostnetart.com.br\/baixada\/wp-json\/wp\/v2\/users\/2"}],"replies":[{"embeddable":true,"href":"https:\/\/hostnetart.com.br\/baixada\/wp-json\/wp\/v2\/comments?post=4123"}],"version-history":[{"count":0,"href":"https:\/\/hostnetart.com.br\/baixada\/wp-json\/wp\/v2\/posts\/4123\/revisions"}],"wp:featuredmedia":[{"embeddable":true,"href":"https:\/\/hostnetart.com.br\/baixada\/wp-json\/wp\/v2\/media\/4122"}],"wp:attachment":[{"href":"https:\/\/hostnetart.com.br\/baixada\/wp-json\/wp\/v2\/media?parent=4123"}],"wp:term":[{"taxonomy":"category","embeddable":true,"href":"https:\/\/hostnetart.com.br\/baixada\/wp-json\/wp\/v2\/categories?post=4123"},{"taxonomy":"post_tag","embeddable":true,"href":"https:\/\/hostnetart.com.br\/baixada\/wp-json\/wp\/v2\/tags?post=4123"}],"curies":[{"name":"wp","href":"https:\/\/api.w.org\/{rel}","templated":true}]}}