{"id":4113,"date":"2018-04-02T16:30:57","date_gmt":"2018-04-02T19:30:57","guid":{"rendered":"https:\/\/hostnetart.com.br\/baixada\/o-ovo-de-serpente-da-intervencao-no-rio\/"},"modified":"2018-04-02T16:30:57","modified_gmt":"2018-04-02T19:30:57","slug":"o-ovo-de-serpente-da-intervencao-no-rio","status":"publish","type":"post","link":"https:\/\/hostnetart.com.br\/baixada\/o-ovo-de-serpente-da-intervencao-no-rio\/","title":{"rendered":"O ovo de serpente da interven\u00e7\u00e3o no Rio"},"content":{"rendered":"<div>\n<p>Al\u00e9m do indefect\u00edvel efeito anest\u00e9sico que aos poucos vai dominando cora\u00e7\u00f5es e mentes de boa parte dos \u201cindignados\u201d, os dezessete dias decorridos desde o atentado que matou a vereadora carioca Marielle Franco e o motorista Anderson Gomes nos trouxeram a certeza de que um amea\u00e7ador ovo de serpente est\u00e1 sendo chocado no Rio de Janeiro, com a anu\u00eancia \u2013 para n\u00e3o dizer incentivo \u2013 do governo federal. Ao tirar proveito da situa\u00e7\u00e3o de fal\u00eancia financeira, administrativa e pol\u00edtica do Rio provocada pela gest\u00e3o desastrosa de seu pr\u00f3prio partido, o MDB, e inventar uma interven\u00e7\u00e3o na seguran\u00e7a p\u00fablica fluminense que parece ter o principal objetivo de trazer dividendos ao seu pr\u00f3prio governo, o presidente Michel Temer assume o risco de entregar uma perigosa carta branca a setores das \u201cfor\u00e7as de ordem\u201d que t\u00eam as m\u00e3os manchadas pelo sangue de suas \u2013 muitas vezes inocentes \u2013 v\u00edtimas.<\/p>\n<p>Enxerguemos al\u00e9m das pomposas cerim\u00f4nias oficiais que recentemente reuniram ministros, secret\u00e1rios de seguran\u00e7a, deputados, delegados, generais do Ex\u00e9rcito e coron\u00e9is da Pol\u00edcia Militar. Estes momentos s\u00e3o sempre repletos de an\u00fancios de boas inten\u00e7\u00f5es, promessas vagas e cita\u00e7\u00f5es a planos de a\u00e7\u00e3o concreta que \u201cainda est\u00e3o sendo elaborados\u201d. Bom, pelo menos daqui pra frente o cafezinho servido a autoridades e jornalistas durante as entrevistas coletivas talvez melhore de qualidade, j\u00e1 que o setor de seguran\u00e7a p\u00fablica do Rio acaba de receber a ajuda extraordin\u00e1ria de R$ 1,2 bilh\u00e3o do governo federal, por interm\u00e9dio do rec\u00e9m-criado Minist\u00e9rio da Seguran\u00e7a P\u00fablica. Mas, enxerguemos al\u00e9m&#8230;<\/p>\n<p>Provavelmente, s\u00f3 mesmo o simp\u00e1tico Eremildo, o idiota (personagem de mestre Elio Gaspari) deve estar acreditando que esta verba vinda de Bras\u00edlia ser\u00e1 efetivamente aplicada onde deveria, ou seja, em \u201cmelhora da infraestrutura, compra de ve\u00edculos e equipamentos, bl\u00e1-bl\u00e1-bl\u00e1\u201d, como dizem as autoridades para um cada vez mais incr\u00e9dulo povo fluminense. Parte da verba ser\u00e1 necessariamente usada para isso, \u00e9 claro, mas quem inspecionar\u00e1 se est\u00e1 sendo feita com corre\u00e7\u00e3o a total aplica\u00e7\u00e3o desses recursos? O perigo, o grande perigo, e at\u00e9 as pedras das cal\u00e7adas do Rio sabem disso, \u00e9 essa verba se transformar em moeda de troca \u2013 literal e pol\u00edtica \u2013 para grupos que hoje t\u00eam grande influ\u00eancia nas pol\u00edcias fluminenses.<\/p>\n<p>Sim, estou falando das mil\u00edcias, o grande neg\u00f3cio paralelo descoberto por setores das \u201cfor\u00e7as de ordem\u201d do Rio desde o fechamento dos bingos e hoje o principal tumor a corroer a paz e a seguran\u00e7a no estado. Compostas majoritariamente por ex-policiais (muitos expulsos das corpora\u00e7\u00f5es) \u2013 ou quase sempre por eles comandadas \u2013 estas mil\u00edcias hoje controlam boa parte da capital e j\u00e1 atuam em diversas cidades do interior, chegando em algumas comunidades a exercer, como amplamente sabido, monop\u00f3lio no transporte coletivo, na assinatura de tev\u00ea a cabo e na venda de botij\u00f5es de g\u00e1s. Lembra aquela hist\u00f3ria de que \u201cviemos para acabar com o tr\u00e1fico\u201d que embalava a propaganda dos milicianos h\u00e1 alguns anos? Esque\u00e7a! Agora tem mil\u00edcia no Rio que at\u00e9 vende maconha e coca\u00edna&#8230;<\/p>\n<p>Mas, velhos costumes n\u00e3o s\u00e3o esquecidos facilmente. Na semana passada, cinco jovens (dois deles menores de dezoito anos) que estavam reunidos em uma pra\u00e7a na cidade de Maric\u00e1 no fim da madrugada ap\u00f3s voltar de uma festa foram rendidos, deitados no ch\u00e3o e executados com tiros na cabe\u00e7a. Nenhum deles tinha antecedentes criminais e, segundo vizinhos e parentes, tampouco envolvimento com o tr\u00e1fico. \u00c9 poss\u00edvel que estivessem usando drogas. Aos moradores que sa\u00edram \u00e0s janelas assustados com os tiros, os matadores disseram, \u201centra, que isso \u00e9 assunto da mil\u00edcia\u201d. Esses testemunhos n\u00e3o provam nada, \u00e9 verdade. A investiga\u00e7\u00e3o est\u00e1 a cargo da pol\u00edcia, que tamb\u00e9m investiga a linha de \u201cguerra pelo controle de pontos de venda de drogas\u201d, embora ali n\u00e3o houvesse nenhum.<\/p>\n<p>Tamb\u00e9m cabe \u00e0 pr\u00f3pria pol\u00edcia a investiga\u00e7\u00e3o sobre as mortes de Marielle e Anderson. At\u00e9 o momento em que tra\u00e7o estas linhas, nada foi descoberto ou anunciado, embora a como\u00e7\u00e3o internacional causada pelo epis\u00f3dio force \u00e0s autoridades a apresentar algum resultado. Apesar de os assassinos terem se utilizado do modus operandi comum aos esquadr\u00f5es da morte, a pol\u00edcia \u2013 por dever de of\u00edcio, necess\u00e1rio a qualquer investiga\u00e7\u00e3o \u2013 trabalha tamb\u00e9m com a hip\u00f3tese de que traficantes da Mar\u00e9 (comunidade da vereadora assassinada) ou seus rivais tenham cometido o atentado.<\/p>\n<p>Tudo bem, tudo deve ser investigado, mas quem conhece o Rio sabe que \u00e9 muito improv\u00e1vel que o planejamento e a execu\u00e7\u00e3o do crime tenham sido obra de traficantes. Embora n\u00e3o tivesse nenhum envolvimento com o tr\u00e1fico, Marielle era respeitada na comunidade, era um s\u00edmbolo positivo para a juventude da Mar\u00e9 e n\u00e3o representava amea\u00e7a a ningu\u00e9m, a n\u00e3o ser aos incomodados com os desmandos policiais que denunciava. A Comiss\u00e3o de Direitos Humanos da Assembleia Legislativa do Rio (Alerj), onde Marielle despontou para a atua\u00e7\u00e3o pol\u00edtica, recebe dezenas de den\u00fancias de abusos policiais a cada m\u00eas. Os crimes incluem agress\u00f5es e assassinatos, e cada vez mais envolvem a a\u00e7\u00e3o de milicianos.<\/p>\n<p>Vidas que seguem, investiga\u00e7\u00f5es que prosseguem, mas a sinaliza\u00e7\u00e3o para os \u201cjusticeiros\u201d no Rio parece ser a de que \u201cliberou geral\u201d e (ser\u00e1 paranoia minha?) os acontecimentos t\u00eam se acelerado ap\u00f3s a morte de Marielle. Desde ent\u00e3o, reapareceram de forma preocupante cenas que lembraram os piores momentos do estado, como, por exemplo, o confronto em via p\u00fablica no Complexo do Alem\u00e3o que resultou na morte de tr\u00eas pessoas que voltavam do trabalho.<\/p>\n<p>Ou como as \u201cincurs\u00f5es\u201d na Rocinha que j\u00e1 deixaram um rastro de doze mortos, todos ap\u00f3s confronto, segundo os policiais envolvidos, embora as negativas de familiares de algumas v\u00edtimas sobre o envolvimento destas com o tr\u00e1fico estejam tamb\u00e9m aqui presentes. Independentemente se os mortos eram ou n\u00e3o traficantes, a a\u00e7\u00e3o na favela da zona sul carioca foi uma clara retalia\u00e7\u00e3o ao assassinato, ocorrido anteriormente, de um policial militar, trag\u00e9dia exibida na tev\u00ea, e foi realizada com a inten\u00e7\u00e3o pr\u00e9via de matar. O corporativismo fala mais alto, e a PM carioca mais uma vez foi fiel ao pior perfil de si mesmo. Se tivesse essa \u201cefici\u00eancia\u201d para proteger a popula\u00e7\u00e3o&#8230;<\/p>\n<p>Posto isso, \u00e9 evidente que precisamos tamb\u00e9m gritar e denunciar que, mais do que nunca, policiais est\u00e3o sendo mortos aos montes no Rio de Janeiro. Esse h\u00e1bito macabro que faz os bandidos assassinarem policiais surpreendidos em situa\u00e7\u00e3o de vulnerabilidade \u2013 seja em a\u00e7\u00f5es da pol\u00edcia ou, mais comumente, em roubos e assaltos &#8211; \u00e9 o pus mais pestilento da ferida social carioca. Retrato de uma engrenagem onde bandidos e policiais se matam sempre que podem, e ambos volta e meia matam inocentes.<\/p>\n<p>Traficantes e bandidos em geral s\u00e3o o que de pior pode ser produzido pela sociedade e devem ser punidos no rigor da lei. Os policiais e seus familiares s\u00e3o talvez as v\u00edtimas mais pungentes dessa trag\u00e9dia, colocados na ponta de lan\u00e7a de um enfrentamento desigual e diuturnamente alimentado por um sistema cruel. Em sua imensa maioria, s\u00e3o policiais oriundos de fam\u00edlias pobres, s\u00e3o filhos de trabalhadores que t\u00eam sua fun\u00e7\u00e3o e suas vidas menosprezadas. Assim como os jovens, em sua maioria negros e em situa\u00e7\u00e3o de mis\u00e9ria, que se deixam seduzir pelo tr\u00e1fico, esses policiais s\u00e3o pe\u00e7as descart\u00e1veis e est\u00e3o neste jogo para morrer.<\/p>\n<p>Enquanto isso, na corte, Temer viaja na suposta onda de popularidade que a interven\u00e7\u00e3o na seguran\u00e7a p\u00fablica do Rio teria lhe concedido (talvez na Vila Kennedy, comunidade carioca vizinha \u00e0 Vila Militar onde o Ex\u00e9rcito empacou durante um m\u00eas e s\u00f3 saiu h\u00e1 alguns dias). Docemente constrangido com o \u201csucesso\u201d da empreitada, nosso presidente admite at\u00e9 se candidatar \u00e0 reelei\u00e7\u00e3o. Seria c\u00f4mico, mas o problema \u00e9 que a realidade de grande parte da popula\u00e7\u00e3o do Rio \u00e9 tr\u00e1gica.<\/p>\n<p>N\u00e3o esque\u00e7amos que Temer \u00e9 protagonista de um processo de golpe e retrocesso pol\u00edtico que n\u00e3o terminou com o afastamento de Dilma Rousseff. Muito pelo contr\u00e1rio, ele ainda segue seu curso. A efetiva\u00e7\u00e3o do golpe envolveu e teve apoio de muitos setores, e Temer particularmente sempre buscou retribuir a simpatia dos chamados \u201csetores policiais\u201d. Essa busca foi explicitada com a injustific\u00e1vel cria\u00e7\u00e3o do Minist\u00e9rio da Seguran\u00e7a P\u00fablica e agora corre o risco de virar uma festa macabra ap\u00f3s a vultosa ajuda financeira dada pelo governo federal a uma ideia pol\u00edtica reacion\u00e1ria e que utiliza o Rio e seu povo como cobaias e laborat\u00f3rio.<\/p>\n<p>Que todos fiquemos atentos! E o alerta vale tamb\u00e9m para aqueles setores saudosistas de certas \u201cp\u00e1ginas infelizes de nossa hist\u00f3ria\u201d, quando policiais e bandidos mataram sem culpa, e que afetam e distorcem at\u00e9 hoje os conceitos de seguran\u00e7a p\u00fablica de parte da sociedade brasileira. Quando o ovo eclodir, a serpente pode envenenar todo o Brasil.<\/p>\n<p><em><span class=\"discreet\">Maur\u00edcio Thuswohl \u00e9 jornalista<\/span><\/em><\/p>\n<p>\u00a0<\/p>\n<p><strong><span style=\"text-decoration: underline;\"><span class=\"discreet\">FONTE: Rede Brasil Atual<\/span><\/span><\/strong><\/p>\n<\/div>\n","protected":false},"excerpt":{"rendered":"<p>Al\u00e9m do indefect\u00edvel efeito anest\u00e9sico que aos poucos vai dominando cora\u00e7\u00f5es e mentes de boa parte dos \u201cindignados\u201d, os dezessete dias decorridos desde o atentado que matou a vereadora carioca Marielle Franco e o motorista Anderson Gomes nos trouxeram a certeza de que um amea\u00e7ador ovo de serpente est\u00e1 sendo chocado no Rio de Janeiro, [&hellip;]<\/p>\n","protected":false},"author":2,"featured_media":4112,"comment_status":"","ping_status":"","sticky":false,"template":"","format":"standard","meta":{"footnotes":""},"categories":[3],"tags":[],"class_list":["post-4113","post","type-post","status-publish","format-standard","has-post-thumbnail","hentry","category-noticias"],"_links":{"self":[{"href":"https:\/\/hostnetart.com.br\/baixada\/wp-json\/wp\/v2\/posts\/4113","targetHints":{"allow":["GET"]}}],"collection":[{"href":"https:\/\/hostnetart.com.br\/baixada\/wp-json\/wp\/v2\/posts"}],"about":[{"href":"https:\/\/hostnetart.com.br\/baixada\/wp-json\/wp\/v2\/types\/post"}],"author":[{"embeddable":true,"href":"https:\/\/hostnetart.com.br\/baixada\/wp-json\/wp\/v2\/users\/2"}],"replies":[{"embeddable":true,"href":"https:\/\/hostnetart.com.br\/baixada\/wp-json\/wp\/v2\/comments?post=4113"}],"version-history":[{"count":0,"href":"https:\/\/hostnetart.com.br\/baixada\/wp-json\/wp\/v2\/posts\/4113\/revisions"}],"wp:featuredmedia":[{"embeddable":true,"href":"https:\/\/hostnetart.com.br\/baixada\/wp-json\/wp\/v2\/media\/4112"}],"wp:attachment":[{"href":"https:\/\/hostnetart.com.br\/baixada\/wp-json\/wp\/v2\/media?parent=4113"}],"wp:term":[{"taxonomy":"category","embeddable":true,"href":"https:\/\/hostnetart.com.br\/baixada\/wp-json\/wp\/v2\/categories?post=4113"},{"taxonomy":"post_tag","embeddable":true,"href":"https:\/\/hostnetart.com.br\/baixada\/wp-json\/wp\/v2\/tags?post=4113"}],"curies":[{"name":"wp","href":"https:\/\/api.w.org\/{rel}","templated":true}]}}