{"id":4105,"date":"2018-03-29T17:22:46","date_gmt":"2018-03-29T20:22:46","guid":{"rendered":"https:\/\/hostnetart.com.br\/baixada\/safatle-vivemos-uma-fase-cada-vez-mais-explicita-de-guerra-civil\/"},"modified":"2018-03-29T17:22:46","modified_gmt":"2018-03-29T20:22:46","slug":"safatle-vivemos-uma-fase-cada-vez-mais-explicita-de-guerra-civil","status":"publish","type":"post","link":"https:\/\/hostnetart.com.br\/baixada\/safatle-vivemos-uma-fase-cada-vez-mais-explicita-de-guerra-civil\/","title":{"rendered":"Safatle: &#8216;Vivemos uma fase cada vez mais expl\u00edcita de guerra civil&#8217;"},"content":{"rendered":"<p><a class=\"external-link\" title=\"\" href=\"https:\/\/www.cartacapital.com.br\/politica\/safatle-201cvivemos-uma-fase-cada-vez-mais-explicita-de-guerra-civil201d?utm_campaign=newsletter_rd_-_29032018&amp;utm_medium=email&amp;utm_source=RD+Station\" target=\"_blank\" rel=\"noopener noreferrer\">CartaCapital<\/a>\u00a0\u2013 O fil\u00f3sofo Vladimir Safatle n\u00e3o se espanta com os tiros contra os \u00f4nibus da caravana do ex-presidente Lula pelo Sul do Brasil, nem com o assassinato da vereadora Marielle Franco. Para o professor da USP, o pa\u00eds vive uma fase cada vez mais expl\u00edcita de guerra civil. \u201cO pacto de normalidade pol\u00edtica acabou\u201d, afirma Safatle, e n\u00e3o se pode descartar uma guinada ainda mais autorit\u00e1ria, cl\u00e1ssica, via golpe militar. \u201cO campo progressista precisa estar preparado.\u201d<\/p>\n<p><strong>O Brasil vive uma escalada fascist\u00f3ide?<\/strong><\/p>\n<p>Os \u00faltimos acontecimentos demonstram claramente que entramos em uma fase cada vez mais expl\u00edcita de guerra civil. N\u00e3o falo apenas dos tiros em dire\u00e7\u00e3o aos \u00f4nibus do ex-presidente Lula. O assassinato da Marielle Franco at\u00e9 agora n\u00e3o mereceu nenhum tipo de resposta da parte das autoridades. N\u00e3o h\u00e1 nenhuma informa\u00e7\u00e3o, mesmo depois da enorme como\u00e7\u00e3o causada pela morte. Espanta ainda que Geraldo Alckmin, governador do maior estado do Pa\u00eds, e outros ocupantes de mandatos naturalizem o atentado contra a caravana do Lula. Praticamente Alckmin disse que o ex-presidente fez por merecer, ignorando completamente a diferen\u00e7a entre a viol\u00eancia simb\u00f3lica da pol\u00edtica e a viol\u00eancia real do exterm\u00ednio.<\/p>\n<p><strong>O que ou quem poderia resolver esse impasse?<\/strong><\/p>\n<p>N\u00e3o h\u00e1 solu\u00e7\u00e3o no curto prazo. A sociedade brasileira caminha para os extremos da radicaliza\u00e7\u00e3o pol\u00edtica. E n\u00e3o vejo outra sa\u00edda. A quest\u00e3o \u00e9 que at\u00e9 o momento s\u00f3 um dos extremos se organizou, o campo reacion\u00e1rio. O extremo progressista continua preso a uma certa cren\u00e7a de que existe um pacto de normalidade na vida pol\u00edtica nacional. Esse pacto acabou. A pol\u00edtica nacional n\u00e3o est\u00e1 em uma situa\u00e7\u00e3o normal. \u00c9 necess\u00e1rio levar isso em conta e estar preparado.<\/p>\n<p><strong>Esse falta de entendimento da realidade explicaria o fato de as manifesta\u00e7\u00f5es espont\u00e2neas ap\u00f3s a morte da Marielle n\u00e3o terem se convertido em algo mais efetivo e organizado?<\/strong><\/p>\n<p>N\u00e3o existem atores pol\u00edticos no Brasil que consigam expandir essas pautas e dar a elas um car\u00e1ter de explica\u00e7\u00e3o gen\u00e9rica da situa\u00e7\u00e3o nacional. A sociedade est\u00e1 em plena ebuli\u00e7\u00e3o e as manifesta\u00e7\u00f5es s\u00e3o todas espont\u00e2neas, como foram os protestos do ano passado contra o governo de Michel Temer e a greve geral, que mobilizou 35 milh\u00f5es de trabalhadores. Mas faltam atores pol\u00edticos que consigam sustentar essa ebuli\u00e7\u00e3o por muito tempo. Os partidos est\u00e3o degradados. H\u00e1 um d\u00e9ficit brutal de organiza\u00e7\u00e3o no pa\u00eds. Toda essa for\u00e7a, enorme, se perde por completo.<\/p>\n<p><strong>Em geral, no Brasil, momentos como este desembocam em solu\u00e7\u00f5es autorit\u00e1rias. H\u00e1 esse risco?<\/strong><\/p>\n<p>Sim, evidentemente. \u00c9 importante para a esquerda se preparar para todas as situa\u00e7\u00f5es poss\u00edveis. Toda vez que aconteceu um retorno autorit\u00e1rio, a esquerda sempre foi a \u00faltima a abandonar a esperan\u00e7a no Estado Democr\u00e1tico de Direito. Ficava esperando por algo que n\u00e3o existia mais, enquanto os reacion\u00e1rios organizavam a sa\u00edda autorit\u00e1ria. \u00c9 evidente que o fantasma paira no ar. No ano passado, o general Hamilton Mour\u00e3o falou explicitamente em um projeto de golpe militar e n\u00e3o foi desmentido pelos superiores. Cria-se uma situa\u00e7\u00e3o de tens\u00e3o cada vez maior. A elei\u00e7\u00e3o, sabemos, ser\u00e1 uma farsa, digna da Rep\u00fablica Velha, na qual se tiram os candidatos que n\u00e3o se quer que ganhe. O pacto de democracia m\u00ednima no Brasil n\u00e3o existe mais. N\u00e3o por acaso, Temer acaba de falar que n\u00e3o houve golpe em 1964, mas um movimento consagrado pela popula\u00e7\u00e3o. A declara\u00e7\u00e3o, inclusive, \u00e9 falsa do ponto-de-vista hist\u00f3rico. Pesquisas de opini\u00e3o da \u00e9poca mostravam que Jo\u00e3o Goulart seria o mais votado nas elei\u00e7\u00f5es presidenciais. \u00c9 mais uma fal\u00e1cia, na tentativa de transformar em escolha popular uma decis\u00e3o das elites. Essa declara\u00e7\u00e3o laudat\u00f3ria do Temer n\u00e3o \u00e9 nada estranha.<\/p>\n","protected":false},"excerpt":{"rendered":"<p>CartaCapital\u00a0\u2013 O fil\u00f3sofo Vladimir Safatle n\u00e3o se espanta com os tiros contra os \u00f4nibus da caravana do ex-presidente Lula pelo Sul do Brasil, nem com o assassinato da vereadora Marielle Franco. Para o professor da USP, o pa\u00eds vive uma fase cada vez mais expl\u00edcita de guerra civil. \u201cO pacto de normalidade pol\u00edtica acabou\u201d, afirma [&hellip;]<\/p>\n","protected":false},"author":2,"featured_media":4104,"comment_status":"","ping_status":"","sticky":false,"template":"","format":"standard","meta":{"footnotes":""},"categories":[3],"tags":[],"class_list":["post-4105","post","type-post","status-publish","format-standard","has-post-thumbnail","hentry","category-noticias"],"_links":{"self":[{"href":"https:\/\/hostnetart.com.br\/baixada\/wp-json\/wp\/v2\/posts\/4105","targetHints":{"allow":["GET"]}}],"collection":[{"href":"https:\/\/hostnetart.com.br\/baixada\/wp-json\/wp\/v2\/posts"}],"about":[{"href":"https:\/\/hostnetart.com.br\/baixada\/wp-json\/wp\/v2\/types\/post"}],"author":[{"embeddable":true,"href":"https:\/\/hostnetart.com.br\/baixada\/wp-json\/wp\/v2\/users\/2"}],"replies":[{"embeddable":true,"href":"https:\/\/hostnetart.com.br\/baixada\/wp-json\/wp\/v2\/comments?post=4105"}],"version-history":[{"count":0,"href":"https:\/\/hostnetart.com.br\/baixada\/wp-json\/wp\/v2\/posts\/4105\/revisions"}],"wp:featuredmedia":[{"embeddable":true,"href":"https:\/\/hostnetart.com.br\/baixada\/wp-json\/wp\/v2\/media\/4104"}],"wp:attachment":[{"href":"https:\/\/hostnetart.com.br\/baixada\/wp-json\/wp\/v2\/media?parent=4105"}],"wp:term":[{"taxonomy":"category","embeddable":true,"href":"https:\/\/hostnetart.com.br\/baixada\/wp-json\/wp\/v2\/categories?post=4105"},{"taxonomy":"post_tag","embeddable":true,"href":"https:\/\/hostnetart.com.br\/baixada\/wp-json\/wp\/v2\/tags?post=4105"}],"curies":[{"name":"wp","href":"https:\/\/api.w.org\/{rel}","templated":true}]}}