{"id":4103,"date":"2018-03-29T17:21:03","date_gmt":"2018-03-29T20:21:03","guid":{"rendered":"https:\/\/hostnetart.com.br\/baixada\/por-que-a-febraban-deu-meio-milhao-para-estudo-sobre-a-previdencia-paulistana\/"},"modified":"2018-03-29T17:21:03","modified_gmt":"2018-03-29T20:21:03","slug":"por-que-a-febraban-deu-meio-milhao-para-estudo-sobre-a-previdencia-paulistana","status":"publish","type":"post","link":"https:\/\/hostnetart.com.br\/baixada\/por-que-a-febraban-deu-meio-milhao-para-estudo-sobre-a-previdencia-paulistana\/","title":{"rendered":"Por que a Febraban deu meio milh\u00e3o para estudo sobre a previd\u00eancia paulistana?"},"content":{"rendered":"<p>Que os bancos t\u00eam interesse em reformar a previd\u00eancia, a gente sabe. Quanto pior o regime de previd\u00eancia p\u00fablica, maior vai ser o n\u00famero de pessoas que v\u00e3o correr atr\u00e1s da previd\u00eancia privada. Mas em S\u00e3o Paulo isso ficou escancarado: a Prefeitura conseguiu uma doa\u00e7\u00e3o de quase meio milh\u00e3o de reais para bancar um estudo sobre a previd\u00eancia dos servidores municipais. Quem est\u00e1 fazendo esse investimento \u00e9 a \u200a\u2013 Federa\u00e7\u00e3o Brasileira dos Bancos (<a class=\"external-link\" title=\"\" href=\"https:\/\/portal.febraban.org.br\/\" target=\"_blank\" rel=\"noopener noreferrer\">Febraban<\/a>), talvez a entidade mais interessada em piorar a previd\u00eancia dos servidores municipais.<\/p>\n<h3>Febraban e a previd\u00eancia<\/h3>\n<p>Mudar os regimes de previd\u00eancia p\u00fablica \u00e9 um assunto muito priorit\u00e1rio para os bancos.\u00a0<a href=\"http:\/\/www.valor.com.br\/valor1000\/2017\/ranking50maioresprevidenciaevida\" target=\"_blank\" rel=\"noopener noreferrer\">N\u00e3o \u00e9 nenhum segredo que as maiores empresas de previd\u00eancia privada pertencem a eles<\/a>.<\/p>\n<p>E os interesses dos bancos na Reforma da Previd\u00eancia, do governo federal, n\u00e3o ficaram s\u00f3 nas suposi\u00e7\u00f5es. Em dezembro do ano passado, o pr\u00f3prio presidente da Febraban\u00a0<a href=\"http:\/\/www.valor.com.br\/financas\/5225423\/febraban-diz-que-reforma-da-previdencia-e-essencial-para-conter-divida\" target=\"_blank\" rel=\"noopener noreferrer\">\u201cfez um apelo para que a C\u00e2mara dos Deputados aprove o projeto o quanto antes\u201d<\/a>. O projeto \u00e9 t\u00e3o antipopular que, por enquanto, nem os bancos conseguiram fazer os deputados aprovarem.<\/p>\n<p><img decoding=\"async\" class=\"image-inline lazyloaded\" title=\"Febraban Doa\u00e7\u00e3o\" src=\"http:\/\/www.redebrasilatual.com.br\/politica\/2018\/03\/por-que-a-febraban-doou-meio-milhao-para-estudo-sobre-a-previdencia-municipal-de-sp\/febrabandoacao.jpg\" alt=\"Febraban Doa\u00e7\u00e3o\" data-src=\"http:\/\/www.redebrasilatual.com.br\/politica\/2018\/03\/por-que-a-febraban-doou-meio-milhao-para-estudo-sobre-a-previdencia-municipal-de-sp\/febrabandoacao.jpg\" \/><\/p>\n<h3>O Sampaprev<\/h3>\n<p>Em S\u00e3o Paulo, nas \u00faltimas semanas, professores e servidores municipais de S\u00e3o Paulo t\u00eam feito grandes mobiliza\u00e7\u00f5es para barrar a proposta do Sampaprev, que prev\u00ea descontos de 14% a 19% nos sal\u00e1rios dos funcion\u00e1rios p\u00fablicos, para custear a previd\u00eancia municipal. A prefeitura quer que a C\u00e2mara aprove o projeto de lei antes da sa\u00edda de Doria para concorrer ao governo de S\u00e3o Paulo. Para ele, seria um trunfo na campanha, como uma demonstra\u00e7\u00e3o aos bancos de que governa para eles.<\/p>\n<p class=\"callout\"><span class=\"discreet\">Esta reportagem foi publicada originalmente publicada em 27 de mar\u00e7o. Nesse dia , depois de semanas de mobiliza\u00e7\u00e3o dos servidores da prefeitura de S\u00e3o Paulo, o Projeto de Lei (PL 621\/16), de autoria do prefeito Jo\u00e3o Doria (PSDB) e que impunha perdas salariais e alterava as regras para a aposentadoria do funcionalismo, foi<a class=\"external-link\" title=\"\" href=\"http:\/\/o%20projeto%20de%20lei%20%28pl%20621\/16),%20de%20autoria%20do%20prefeito%20Jo%C3%A3o%20Doria%20(PSDB)%20e%20que%20impunha%20perdas%20salariais%20e%20alterava%20as%20regras%20para%20a%20aposentadoria%20do%20funcionalismo,%20fora%20suspenso%20da%20pauta%20por%20120%20dias.\" target=\"_blank\" rel=\"noopener noreferrer\">suspenso da pauta por 120 dias<\/a><\/span>.<\/p>\n<p>A tramita\u00e7\u00e3o do projeto de lei na C\u00e2mara neste m\u00eas de mar\u00e7o faz pouco sentido diante do investimento feito pela Febraban, em forma de doa\u00e7\u00e3o \u00e0 prefeitura, mas que ainda n\u00e3o teve efeito pr\u00e1tico.\u00a0<a href=\"http:\/\/www.docidadesp.imprensaoficial.com.br\/NavegaEdicao.aspx?ClipID=ELFTAHC2NCSA0eCJ2D21IS399CM&amp;\" target=\"_blank\" rel=\"noopener noreferrer\">Na p\u00e1gina 12 do\u00a0<em>Di\u00e1rio Oficial<\/em>\u00a0de 29 de agosto de 2017<\/a>, a Secretaria da Fazenda autorizava um termo de doa\u00e7\u00e3o assinado com a Febraban para um estudo chamado \u201cAvalia\u00e7\u00e3o Geral do regime pr\u00f3prio de previd\u00eancia social (RPPS) dos servidores p\u00fablicos da Prefeitura do munic\u00edpio de S\u00e3o Paulo\u201d.<\/p>\n<p>\u00a0<\/p>\n<dl class=\"image-left captioned\">\n<dt><span class=\"tile-rights\">RBA<\/span><img fetchpriority=\"high\" decoding=\"async\" class=\" lazyloaded\" title=\"Portaria Doa\u00e7\u00e3o\" src=\"http:\/\/www.redebrasilatual.com.br\/politica\/2018\/03\/por-que-a-febraban-doou-meio-milhao-para-estudo-sobre-a-previdencia-municipal-de-sp\/portariadoacao.jpeg\/image\" alt=\"Portaria Doa\u00e7\u00e3o\" width=\"332\" height=\"297\" data-src=\"http:\/\/www.redebrasilatual.com.br\/politica\/2018\/03\/por-que-a-febraban-doou-meio-milhao-para-estudo-sobre-a-previdencia-municipal-de-sp\/portariadoacao.jpeg\/image\" \/><\/dt>\n<dd class=\"image-caption\">Documento autorizando doa\u00e7\u00e3o da Febraban<\/dd>\n<\/dl>\n<p>Quatro semanas depois, no\u00a0<a href=\"http:\/\/www.docidadesp.imprensaoficial.com.br\/NavegaEdicao.aspx?ClipID=674TSF54J9O7Se5GHJGVN2ER18N\" target=\"_blank\" rel=\"noopener noreferrer\">Di\u00e1rio Oficial de 23 de setembro de 2017<\/a>, \u00e9 divulgado o resumo do termo de doa\u00e7\u00e3o, com o valor investido pela Febraban:\u00a0R$ 490.440,00. O documento ainda acrescenta quem \u00e9 a respons\u00e1vel pelo estudo, a\u00a0<a href=\"http:\/\/www.fipe.org.br\/\" target=\"_blank\" rel=\"noopener noreferrer\">Fipe\u200a\u2014\u200aFunda\u00e7\u00e3o Instituto de Pesquisas Econ\u00f4micas<\/a>. Outra informa\u00e7\u00e3o importante no documento \u00e9 que os servi\u00e7os v\u00e3o durar seis meses. O termo de doa\u00e7\u00e3o \u00e9 assinado em 12 de setembro de 2017, ent\u00e3o podemos concluir que o prazo se encerrou em 12 de mar\u00e7o de 2018. O estudo, por\u00e9m, n\u00e3o foi divulgado at\u00e9 o momento.<\/p>\n<p>Com uma simples busca no google \u00e9 poss\u00edvel encontrar\u00a0<a href=\"http:\/\/www.prefeitura.sp.gov.br\/cidade\/upload\/termo_de_doacao_febraban_1508864631.pdf\" target=\"_blank\" rel=\"noopener noreferrer\">o documento completo do termo de doa\u00e7\u00e3o<\/a>\u200a\u2014\u200asem data. No anexo \u00fanico, \u00e9 especificado o cronograma da pesquisa.<\/p>\n<h3>Parceria com a Prefeitura<\/h3>\n<p>A Febraban \u00e9 parceira do prefeito Jo\u00e3o Doria.\u00a0<a href=\"http:\/\/www.capital.sp.gov.br\/agenda\/reuniao-com-febraban\" target=\"_blank\" rel=\"noopener noreferrer\">Como divulgado no pr\u00f3prio site da prefeitura<\/a>, a entidade se reuniu com o prefeito na primeira semana do governo, em 06 de janeiro de 2017.<\/p>\n<p>Cinco meses depois, em 06 de junho do ano passado,\u00a0<a href=\"http:\/\/www.capital.sp.gov.br\/agenda\/abertura-do-ciab-febraban-27o-congresso-e-exposicao-de-tecnologia-da-informacao-das-instituicoes-financeiras-com-o-secretario-da-fazenda-2013-caio-megale-e-o-presidente-da-sp-negocios-2013-juan-quiros\" target=\"_blank\" rel=\"noopener noreferrer\">a prefeitura participou do 27\u00ba Ciab Febraban<\/a>, congresso de tecnologia da informa\u00e7\u00e3o das institui\u00e7\u00f5es financeiras. Na agenda oficial da prefeitura estariam presentes no evento secret\u00e1rio da Fazenda, Caio Megale (o mesmo respons\u00e1vel por receber a doa\u00e7\u00e3o), e o presidente da SP Neg\u00f3cios, Juan Quir\u00f3s. Mas a prefeitura foi al\u00e9m, e o pr\u00f3prio Jo\u00e3o Doria participou do congresso,\u00a0<a href=\"https:\/\/www.facebook.com\/jdoriajr\/videos\/1472541319469341\/\" target=\"_blank\" rel=\"noopener noreferrer\">como est\u00e1 em sua p\u00e1gina no facebook<\/a>.<\/p>\n<p>\u00a0<\/p>\n<h3>Seguran\u00e7a e Doa\u00e7\u00e3o de\u00a0C\u00e2meras<\/h3>\n<p>\u00a0<\/p>\n<dl class=\"image-left captioned\">\n<dt><span class=\"tile-rights\">RBA<\/span><img decoding=\"async\" class=\" lazyloaded\" title=\"Assento Febraban\" src=\"http:\/\/www.redebrasilatual.com.br\/politica\/2018\/03\/por-que-a-febraban-doou-meio-milhao-para-estudo-sobre-a-previdencia-municipal-de-sp\/febrabanassento.jpeg\/image\" alt=\"Assento Febraban\" width=\"335\" height=\"598\" data-src=\"http:\/\/www.redebrasilatual.com.br\/politica\/2018\/03\/por-que-a-febraban-doou-meio-milhao-para-estudo-sobre-a-previdencia-municipal-de-sp\/febrabanassento.jpeg\/image\" \/><\/dt>\n<dd class=\"image-caption\">Febraban tem assento em \u00f3rg\u00e3o ligado \u00e0 requalifica\u00e7\u00e3o urbana<\/dd>\n<\/dl>\n<p>Antes mesmo dessa doa\u00e7\u00e3o de quase meio milh\u00e3o de reais, a Febraban j\u00e1 participava da \u201cgest\u00e3o\u201d da cidade.\u00a0<a href=\"http:\/\/www.docidadesp.imprensaoficial.com.br\/NavegaEdicao.aspx?ClipID=4TSTQVGO4GKAHeEGH2HFTQG7LV5&amp;PalavraChave=%22Federa%E7%E3o%20Brasileira%20de%20Bancos%22\" target=\"_blank\" rel=\"noopener noreferrer\">O<em>Di\u00e1rio Oficial<\/em>\u00a0de 25 de mar\u00e7o de 2017<\/a>trazia uma portaria instituindo a\u00a0<a href=\"http:\/\/www.prefeitura.sp.gov.br\/cidade\/secretarias\/urbanismo\/sp_urbanismo\/operacoes_urbanas\/centro\/index.php?p=19592\" target=\"_blank\" rel=\"noopener noreferrer\">\u201cOpera\u00e7\u00e3o Urbana Centro\u201d<\/a>, instrumento que \u201cvisa a requalifica\u00e7\u00e3o urbana buscando estimular investimentos nessas \u00e1reas espec\u00edficas, que est\u00e1 consolidada desde meados do s\u00e9culo XX e possui a maior densidade construtiva da cidade\u201d. Entre outras entidades, a Febraban tem assento na Comiss\u00e3o Executiva desse instrumento.<\/p>\n<p>Vale destacar que a participa\u00e7\u00e3o da Febraban na Opera\u00e7\u00e3o Urbana Centro n\u00e3o \u00e9 novidade da gest\u00e3o Doria.\u00a0<a href=\"http:\/\/www.docidadesp.imprensaoficial.com.br\/NavegaEdicao.aspx?ClipID=52UI6R9LGDCPMeAQI0CHHOG07K6\" target=\"_blank\" rel=\"noopener noreferrer\">Em 2013, na gest\u00e3o Haddad, a entidade j\u00e1 tinha assento garantido<\/a>.<\/p>\n<p>Em julho de 2017,\u00a0<a href=\"http:\/\/www.docidadesp.imprensaoficial.com.br\/NavegaEdicao.aspx?ClipID=ERGL7Q96B9DABe7FJH6UF32T1AD&amp;PalavraChave=%22Federa%E7%E3o%20Brasileira%20de%20Bancos%22\" target=\"_blank\" rel=\"noopener noreferrer\">o Di\u00e1rio Oficial trazia proposta de doa\u00e7\u00e3o da Febraban e da Telef\u00f4nica<\/a>, de um servi\u00e7o de monitoramento e seguran\u00e7a do bairro do Br\u00e1s, com instala\u00e7\u00e3o de 249 c\u00e2meras, plataforma de v\u00eddeo monitoramento com permiss\u00e3o de utiliza\u00e7\u00e3o pela prefeitura por 2 anos, entre outros equipamentos. No mesmo m\u00eas,\u00a0<a href=\"http:\/\/www.docidadesp.imprensaoficial.com.br\/NavegaEdicao.aspx?ClipID=FM3246BSEMI7Ee445N8SCM4N2RA\" target=\"_blank\" rel=\"noopener noreferrer\">\u00e9 assinado um protocolo de inten\u00e7\u00f5es<\/a>\u00a0com Febraban e Telef\u00f4nica para opera\u00e7\u00e3o do projeto\u00a0<a href=\"https:\/\/www.citycameras.prefeitura.sp.gov.br\/\" target=\"_blank\" rel=\"noopener noreferrer\">City C\u00e2meras<\/a>, no Br\u00e1s.<\/p>\n<p>Em novembro de 2017,\u00a0<a href=\"http:\/\/www.docidadesp.imprensaoficial.com.br\/NavegaEdicao.aspx?ClipID=5LJEQEHVDB7B6e4E8BF7C9H30BG\" target=\"_blank\" rel=\"noopener noreferrer\">a doa\u00e7\u00e3o \u00e9 conclu\u00edda, e especificada<\/a>, apenas com o nome da Febraban. S\u00f3 n\u00e3o \u00e9 esclarecido um detalhe: quais os valores dessa doa\u00e7\u00e3o.<\/p>\n<p>\u00a0<\/p>\n<dl class=\"image-inline captioned\">\n<dt><span class=\"tile-rights\">RBA<\/span><img decoding=\"async\" class=\" lazyloaded\" title=\"City C\u00e2meras Febraban\" src=\"http:\/\/www.redebrasilatual.com.br\/politica\/2018\/03\/por-que-a-febraban-doou-meio-milhao-para-estudo-sobre-a-previdencia-municipal-de-sp\/camerasfebraban.jpeg\/image\" alt=\"City C\u00e2meras Febraban\" width=\"712\" height=\"413\" data-src=\"http:\/\/www.redebrasilatual.com.br\/politica\/2018\/03\/por-que-a-febraban-doou-meio-milhao-para-estudo-sobre-a-previdencia-municipal-de-sp\/camerasfebraban.jpeg\/image\" \/><\/dt>\n<dd class=\"image-caption\">Doa\u00e7\u00e3o da Febraban ao projeto City C\u00e2meras, sem especifica\u00e7\u00e3o dos valores<\/dd>\n<\/dl>\n<h3>D\u00favida<\/h3>\n<p>Que\u00a0essa gest\u00e3o da prefeitura \u00e9 muito mais pr\u00f3xima do empresariado, todo mundo sabe. O pr\u00f3prio Doria ressalta isso como uma virtude, principalmente nessa quest\u00e3o das doa\u00e7\u00f5es feitas por empresas \u00e0 prefeitura\u200a\u2014\u200a<a href=\"https:\/\/g1.globo.com\/sp\/sao-paulo\/noticia\/prefeitura-de-sp-concretizou-88-das-doacoes-recebidas-diz-estudo-do-tcm.ghtml\" target=\"_blank\" rel=\"noopener noreferrer\">apesar de muitas delas serem colocadas sob suspeita<\/a>. \u00c9 de se imaginar o interesse dos bancos na aprova\u00e7\u00e3o desse projeto de lei, e a resist\u00eancia dos servidores e professores em greve, em atos massivos, mostram disposi\u00e7\u00e3o em enterrar de vez a proposta. Mas uma quest\u00e3o que se coloca \u00e9:\u00a0ser\u00e1 que o prazo para a sa\u00edda de Doria justifica a vota\u00e7\u00e3o apressada de um projeto antipopular, antes mesmo do resultado de uma pesquisa que custou meio milh\u00e3o de reais?<\/p>\n","protected":false},"excerpt":{"rendered":"<p>Que os bancos t\u00eam interesse em reformar a previd\u00eancia, a gente sabe. Quanto pior o regime de previd\u00eancia p\u00fablica, maior vai ser o n\u00famero de pessoas que v\u00e3o correr atr\u00e1s da previd\u00eancia privada. Mas em S\u00e3o Paulo isso ficou escancarado: a Prefeitura conseguiu uma doa\u00e7\u00e3o de quase meio milh\u00e3o de reais para bancar um estudo [&hellip;]<\/p>\n","protected":false},"author":2,"featured_media":4102,"comment_status":"","ping_status":"","sticky":false,"template":"","format":"standard","meta":{"footnotes":""},"categories":[3],"tags":[],"class_list":["post-4103","post","type-post","status-publish","format-standard","has-post-thumbnail","hentry","category-noticias"],"_links":{"self":[{"href":"https:\/\/hostnetart.com.br\/baixada\/wp-json\/wp\/v2\/posts\/4103","targetHints":{"allow":["GET"]}}],"collection":[{"href":"https:\/\/hostnetart.com.br\/baixada\/wp-json\/wp\/v2\/posts"}],"about":[{"href":"https:\/\/hostnetart.com.br\/baixada\/wp-json\/wp\/v2\/types\/post"}],"author":[{"embeddable":true,"href":"https:\/\/hostnetart.com.br\/baixada\/wp-json\/wp\/v2\/users\/2"}],"replies":[{"embeddable":true,"href":"https:\/\/hostnetart.com.br\/baixada\/wp-json\/wp\/v2\/comments?post=4103"}],"version-history":[{"count":0,"href":"https:\/\/hostnetart.com.br\/baixada\/wp-json\/wp\/v2\/posts\/4103\/revisions"}],"wp:featuredmedia":[{"embeddable":true,"href":"https:\/\/hostnetart.com.br\/baixada\/wp-json\/wp\/v2\/media\/4102"}],"wp:attachment":[{"href":"https:\/\/hostnetart.com.br\/baixada\/wp-json\/wp\/v2\/media?parent=4103"}],"wp:term":[{"taxonomy":"category","embeddable":true,"href":"https:\/\/hostnetart.com.br\/baixada\/wp-json\/wp\/v2\/categories?post=4103"},{"taxonomy":"post_tag","embeddable":true,"href":"https:\/\/hostnetart.com.br\/baixada\/wp-json\/wp\/v2\/tags?post=4103"}],"curies":[{"name":"wp","href":"https:\/\/api.w.org\/{rel}","templated":true}]}}