{"id":4101,"date":"2018-03-29T14:17:35","date_gmt":"2018-03-29T17:17:35","guid":{"rendered":"https:\/\/hostnetart.com.br\/baixada\/mercado-fecha-vagas-e-desemprego-aumenta\/"},"modified":"2018-03-29T14:17:35","modified_gmt":"2018-03-29T17:17:35","slug":"mercado-fecha-vagas-e-desemprego-aumenta","status":"publish","type":"post","link":"https:\/\/hostnetart.com.br\/baixada\/mercado-fecha-vagas-e-desemprego-aumenta\/","title":{"rendered":"Mercado fecha vagas, e desemprego aumenta"},"content":{"rendered":"<p>A taxa nacional de desemprego subiu no trimestre encerrado em fevereiro, para 12,6%, ante 12% em novembro, segundo a Pesquisa Nacional por Amostra de Domic\u00edlios (Pnad) Cont\u00ednua, do IBGE. S\u00e3o 13,121 milh\u00f5es de desempregados, 550 mil a mais em tr\u00eas meses. Nesse per\u00edodo, o mercado fechou 858 mil postos de trabalho, enquanto 307 mil pessoas deixaram de procurar uma vaga.<\/p>\n<p class=\" \">Na compara\u00e7\u00e3o com fevereiro do ano passado (13,2%), a taxa est\u00e1 menor e o pa\u00eds registra menos desempregados (426 mil), mas por causa do aumento da informalidade.\u00a0Em 12 meses, o pa\u00eds criou 1,745 milh\u00e3o de vagas, mas perdeu 611 mil empregados com carteira assinada no setor privado (-1,8%), no menor n\u00edvel da s\u00e9rie hist\u00f3rica, iniciada em 2012. E tem mais 511 mil trabalhadores sem carteira, al\u00e9m de 977 mil por conta pr\u00f3pria.<\/p>\n<p class=\" \">De novembro para fevereiro, o n\u00famero de empregados com carteira (33,126 milh\u00f5es) ficou est\u00e1vel (-0,3%), enquanto o de sem carteira (10,761 milh\u00f5es) caiu 3,6%. O de trabalhadores por conta pr\u00f3pria tamb\u00e9m permaneceu est\u00e1vel (0,4%) \u2013 s\u00e3o 23,135 milh\u00f5es.<\/p>\n<p class=\" \">Entre os setores, nenhum criou vagas no trimestre fechado em fevereiro. A ind\u00fastria eliminou 244 mil vagas (-2%) e a constru\u00e7\u00e3o, 277 mil (4%). Foram fechados ainda 435 mil postos de trabalho (-2,7%) na \u00e1rea que compreende administra\u00e7\u00e3o p\u00fablica, defesa, sa\u00fade, seguridade social e educa\u00e7\u00e3o p\u00fablica.<\/p>\n<p class=\" \">No per\u00edodo de 12 meses, a ind\u00fastria cresce (3,3%, mais 375 mil), assim como atividades ligadas a servi\u00e7os, a administra\u00e7\u00e3o p\u00fablica e o emprego dom\u00e9stico. A constru\u00e7\u00e3o volta a cair 4% (menos 280 mil pessoas).<\/p>\n<p class=\" \">Estimado em R$ 2.186, o rendimento m\u00e9dio ficou est\u00e1vel tanto em rela\u00e7\u00e3o a novembro como na compara\u00e7\u00e3o com fevereiro de 2017.<\/p>\n<h3 class=\" \">S\u00e3o Paulo<\/h3>\n<p class=\" \">A taxa de desemprego na regi\u00e3o metropolitana de S\u00e3o Paulo passou de 16,2%, em janeiro, para 16,4% no m\u00eas passado, segundo a Pesquisa de Emprego e Desemprego (PED), da Funda\u00e7\u00e3o Seade e do Dieese. Em fevereiro de 2017, a taxa foi de 17,9%.<\/p>\n<p class=\" \">O n\u00famero de desempregados foi estimado em 1,801 milh\u00f5es, 43 mil a mais no m\u00eas e 181 mil a menos em 12 meses. Essa queda na compara\u00e7\u00e3o anual deve-se tanto \u00e0 abertura de vagas (91 mil) como \u00e0 sa\u00edda de pessoas do mercado de trabalho (90 mil).<\/p>\n<p class=\" \">\u00a0<\/p>\n<p class=\" \"><span style=\"text-decoration: underline;\"><em><strong>FONTE: Rede Brasil Atual<\/strong><\/em><\/span><\/p>\n","protected":false},"excerpt":{"rendered":"<p>A taxa nacional de desemprego subiu no trimestre encerrado em fevereiro, para 12,6%, ante 12% em novembro, segundo a Pesquisa Nacional por Amostra de Domic\u00edlios (Pnad) Cont\u00ednua, do IBGE. S\u00e3o 13,121 milh\u00f5es de desempregados, 550 mil a mais em tr\u00eas meses. Nesse per\u00edodo, o mercado fechou 858 mil postos de trabalho, enquanto 307 mil pessoas [&hellip;]<\/p>\n","protected":false},"author":2,"featured_media":4100,"comment_status":"","ping_status":"","sticky":false,"template":"","format":"standard","meta":{"footnotes":""},"categories":[3],"tags":[],"class_list":["post-4101","post","type-post","status-publish","format-standard","has-post-thumbnail","hentry","category-noticias"],"_links":{"self":[{"href":"https:\/\/hostnetart.com.br\/baixada\/wp-json\/wp\/v2\/posts\/4101","targetHints":{"allow":["GET"]}}],"collection":[{"href":"https:\/\/hostnetart.com.br\/baixada\/wp-json\/wp\/v2\/posts"}],"about":[{"href":"https:\/\/hostnetart.com.br\/baixada\/wp-json\/wp\/v2\/types\/post"}],"author":[{"embeddable":true,"href":"https:\/\/hostnetart.com.br\/baixada\/wp-json\/wp\/v2\/users\/2"}],"replies":[{"embeddable":true,"href":"https:\/\/hostnetart.com.br\/baixada\/wp-json\/wp\/v2\/comments?post=4101"}],"version-history":[{"count":0,"href":"https:\/\/hostnetart.com.br\/baixada\/wp-json\/wp\/v2\/posts\/4101\/revisions"}],"wp:featuredmedia":[{"embeddable":true,"href":"https:\/\/hostnetart.com.br\/baixada\/wp-json\/wp\/v2\/media\/4100"}],"wp:attachment":[{"href":"https:\/\/hostnetart.com.br\/baixada\/wp-json\/wp\/v2\/media?parent=4101"}],"wp:term":[{"taxonomy":"category","embeddable":true,"href":"https:\/\/hostnetart.com.br\/baixada\/wp-json\/wp\/v2\/categories?post=4101"},{"taxonomy":"post_tag","embeddable":true,"href":"https:\/\/hostnetart.com.br\/baixada\/wp-json\/wp\/v2\/tags?post=4101"}],"curies":[{"name":"wp","href":"https:\/\/api.w.org\/{rel}","templated":true}]}}