{"id":4099,"date":"2018-03-29T14:16:14","date_gmt":"2018-03-29T17:16:14","guid":{"rendered":"https:\/\/hostnetart.com.br\/baixada\/mais-de-40-dos-brasileiros-estao-no-spc-porque-nao-conseguiram-pagar-as-contas-2\/"},"modified":"2018-03-29T14:16:14","modified_gmt":"2018-03-29T17:16:14","slug":"mais-de-40-dos-brasileiros-estao-no-spc-porque-nao-conseguiram-pagar-as-contas-2","status":"publish","type":"post","link":"https:\/\/hostnetart.com.br\/baixada\/mais-de-40-dos-brasileiros-estao-no-spc-porque-nao-conseguiram-pagar-as-contas-2\/","title":{"rendered":"Mais de 40% dos brasileiros est\u00e3o no SPC porque n\u00e3o conseguiram pagar as contas"},"content":{"rendered":"<p><a class=\"external-link\" title=\"\" href=\"https:\/\/www.cut.org.br\/noticias\/mais-de-40-dos-brasileiros-estao-no-spc-porque-nao-conseguiram-pagar-as-contas-2ad2\" target=\"_blank\" rel=\"noopener noreferrer\">CUT<\/a>\u00a0\u2013 Com contas atrasadas e registrados nos cadastros de devedores, 40,5% dos brasileiros com idade entre 18 e 95 anos \u2013 cerca de 61,7 milh\u00f5es de pessoas \u2013 est\u00e3o com o CPF restrito e n\u00e3o podem parcelar compras nem fazer empr\u00e9stimos. Na linguagem popular, est\u00e3o com o &#8216;nome sujo&#8217;.<\/p>\n<p>40% do total de inadimplentes, 26,7 milh\u00f5es de pessoas, s\u00e3o da regi\u00e3o Sudeste. At\u00e9 dezembro de 2017, a legisla\u00e7\u00e3o do estado de S\u00e3o Paulo impedia o envio de carta com Aviso de Recebimento (AR) como requisito para negativa\u00e7\u00e3o dos nomes, o que dificultava a inclus\u00e3o de novos registros. O que explicaria o percentual mais alto na Regi\u00e3o Sudeste.<\/p>\n<p>A segunda regi\u00e3o com maior n\u00famero absoluto de devedores \u00e9 o Nordeste, com 16,49 milh\u00f5es de negativados, ou 41% da popula\u00e7\u00e3o. Em seguida, aparece o Sul, com 8,10 milh\u00f5es de inadimplentes, 36% da popula\u00e7\u00e3o adulta.<\/p>\n<p>Os dados s\u00e3o\u00a0<a class=\"external-link\" title=\"\" href=\"https:\/\/www.spcbrasil.org.br\/\" target=\"_blank\" rel=\"noopener noreferrer\">Servi\u00e7o de Prote\u00e7\u00e3o ao Cr\u00e9dito (SPC Brasil)<\/a>\u00a0e da Confedera\u00e7\u00e3o Nacional de Dirigentes Lojistas (CNDL), que registraram um aumento de 2,71% no volume de inadimplentes em fevereiro deste ano em compara\u00e7\u00e3o ao mesmo m\u00eas do ano passado. Em rela\u00e7\u00e3o a janeiro, o aumento foi de 0,55%.<\/p>\n<p>\u00a0\u201cA estimativa reflete o quadro de dificuldades econ\u00f4micas que as fam\u00edlias ainda enfrentam, com o alto n\u00edvel de desemprego e a renda ainda comprimida\u201d, diz o presidente do SPC Brasil, Roque Pellizzaro.<\/p>\n<p>Mas ele diz que n\u00e3o \u00e9 s\u00f3 a crise econ\u00f4mica que explica a alta na inadimpl\u00eancia. \u201cEm muitos casos, o descuido com as finan\u00e7as leva \u00e0 situa\u00e7\u00e3o de descontrole e ao consequente atraso das contas\u201d, afirma.<\/p>\n<p>A faixa et\u00e1ria na qual se observa o maior n\u00famero de negativados em fevereiro \u00e9 a de 30 anos a 39 anos, o que representa 51% da popula\u00e7\u00e3o dessa idade. Entre aqueles que t\u00eam entre 40 e 49 anos, 49% est\u00e3o com o nome sujo e, entre 25 e 29, esse percentual chega a 46%. Entre os mais jovens, com idade de 18 a 24 anos, a propor\u00e7\u00e3o cai para 20%. Na popula\u00e7\u00e3o idosa, considerando-se a faixa et\u00e1ria de 65 a 84 anos, a propor\u00e7\u00e3o \u00e9 de 31%.<\/p>\n<p>Os dados mostram tamb\u00e9m que o volume de d\u00edvidas em nome de pessoas f\u00edsicas caiu 1,20% na compara\u00e7\u00e3o anual e 0,40% na compara\u00e7\u00e3o mensal. J\u00e1 por setor, aquele com maior alta nas d\u00edvidas abertas foi o de comunica\u00e7\u00e3o, com varia\u00e7\u00e3o de 10,20%, seguido pelos bancos, que teve avan\u00e7o de 2,31%. J\u00e1 os setores de \u00e1gua e luz e o de com\u00e9rcio observaram queda de, respectivamente, 4,25% e 6,78%. Em termos de participa\u00e7\u00e3o, os bancos det\u00eam pouco mais da metade do total de d\u00edvidas (50%). Em seguida, aparecem o com\u00e9rcio (18%); o setor de comunica\u00e7\u00e3o (14%); e de \u00e1gua e luz (8%).<\/p>\n<h3>Metodologia<\/h3>\n<p>O indicador de inadimpl\u00eancia do consumidor sumariza todas as informa\u00e7\u00f5es dispon\u00edveis nas bases de dados \u00e0s quais o SPC Brasil (Servi\u00e7o de Prote\u00e7\u00e3o ao Cr\u00e9dito) e a CNDL (<a class=\"external-link\" title=\"\" href=\"http:\/\/www.cndl.org.br\/\" target=\"_blank\" rel=\"noopener noreferrer\">Confedera\u00e7\u00e3o Nacional de Dirigentes Lojistas<\/a>) t\u00eam acesso. As informa\u00e7\u00f5es dispon\u00edveis referem-se a capitais e interior das 27 unidades da federa\u00e7\u00e3o. A estimativa do n\u00famero de inadimplentes apresenta erro aproximado de 4 pontos percentuais, a um intervalo de confian\u00e7a de 95%.<\/p>\n","protected":false},"excerpt":{"rendered":"<p>CUT\u00a0\u2013 Com contas atrasadas e registrados nos cadastros de devedores, 40,5% dos brasileiros com idade entre 18 e 95 anos \u2013 cerca de 61,7 milh\u00f5es de pessoas \u2013 est\u00e3o com o CPF restrito e n\u00e3o podem parcelar compras nem fazer empr\u00e9stimos. Na linguagem popular, est\u00e3o com o &#8216;nome sujo&#8217;. 40% do total de inadimplentes, 26,7 [&hellip;]<\/p>\n","protected":false},"author":2,"featured_media":4098,"comment_status":"","ping_status":"","sticky":false,"template":"","format":"standard","meta":{"footnotes":""},"categories":[3],"tags":[],"class_list":["post-4099","post","type-post","status-publish","format-standard","has-post-thumbnail","hentry","category-noticias"],"_links":{"self":[{"href":"https:\/\/hostnetart.com.br\/baixada\/wp-json\/wp\/v2\/posts\/4099","targetHints":{"allow":["GET"]}}],"collection":[{"href":"https:\/\/hostnetart.com.br\/baixada\/wp-json\/wp\/v2\/posts"}],"about":[{"href":"https:\/\/hostnetart.com.br\/baixada\/wp-json\/wp\/v2\/types\/post"}],"author":[{"embeddable":true,"href":"https:\/\/hostnetart.com.br\/baixada\/wp-json\/wp\/v2\/users\/2"}],"replies":[{"embeddable":true,"href":"https:\/\/hostnetart.com.br\/baixada\/wp-json\/wp\/v2\/comments?post=4099"}],"version-history":[{"count":0,"href":"https:\/\/hostnetart.com.br\/baixada\/wp-json\/wp\/v2\/posts\/4099\/revisions"}],"wp:featuredmedia":[{"embeddable":true,"href":"https:\/\/hostnetart.com.br\/baixada\/wp-json\/wp\/v2\/media\/4098"}],"wp:attachment":[{"href":"https:\/\/hostnetart.com.br\/baixada\/wp-json\/wp\/v2\/media?parent=4099"}],"wp:term":[{"taxonomy":"category","embeddable":true,"href":"https:\/\/hostnetart.com.br\/baixada\/wp-json\/wp\/v2\/categories?post=4099"},{"taxonomy":"post_tag","embeddable":true,"href":"https:\/\/hostnetart.com.br\/baixada\/wp-json\/wp\/v2\/tags?post=4099"}],"curies":[{"name":"wp","href":"https:\/\/api.w.org\/{rel}","templated":true}]}}