{"id":4097,"date":"2018-03-29T14:14:44","date_gmt":"2018-03-29T17:14:44","guid":{"rendered":"https:\/\/hostnetart.com.br\/baixada\/dieese-queda-de-juros-aponta-que-crise-ainda-e-grave\/"},"modified":"2018-03-29T14:14:44","modified_gmt":"2018-03-29T17:14:44","slug":"dieese-queda-de-juros-aponta-que-crise-ainda-e-grave","status":"publish","type":"post","link":"https:\/\/hostnetart.com.br\/baixada\/dieese-queda-de-juros-aponta-que-crise-ainda-e-grave\/","title":{"rendered":"Dieese: queda de juros aponta que crise ainda \u00e9 grave"},"content":{"rendered":"<p>Em reuni\u00e3o do Comit\u00ea de Pol\u00edtica Monet\u00e1ria (Copom) encerrada nesta quarta-feira (21), o Banco Central (BC) decidiu\u00a0<a class=\"external-link\" title=\"\" href=\"http:\/\/agenciabrasil.ebc.com.br\/economia\/noticia\/2018-03\/banco-central-reduz-juros-basicos-da-economia-para-65-ao-ano\" target=\"_blank\" rel=\"noopener noreferrer\">baixa os juros<\/a>\u00a0b\u00e1sicos da economia em 0,25 ponto percentual, para 6,5% ao ano. Para o diretor t\u00e9cnico do Dieese, Clemente Ganz L\u00facio, a redu\u00e7\u00e3o seguida, a 12\u00aa consecutiva, d\u00e1 a dimens\u00e3o da incerteza do governo ante o prolongamento da crise econ\u00f4mica do pa\u00eds.\u00a0<\/p>\n<p>&#8220;Os sinais indicam que a sa\u00edda do fundo po\u00e7o \u00e9 inst\u00e1vel e insegura. H\u00e1 sinaliza\u00e7\u00f5es de melhoras e pioras em diferentes quadros. Os resultados de janeiro foram ruins em diversos setores da economia.\u00a0Portanto, a crise \u00e9 muito mais grave do que aquela que o governo tenta mostrar \u00e0 sociedade&#8221;, afirma Clemente.<\/p>\n<p>O especialista acredita que o governo deve reduzir a taxa de juros ainda mais, j\u00e1 que a infla\u00e7\u00e3o est\u00e1 abaixo da meta. Atualmente, a taxa inflacion\u00e1ria est\u00e1 em 2,8%, enquanto a meta \u00e9 de 3 a 6%. &#8220;A recess\u00e3o econ\u00f4mica restringiu de forma dram\u00e1tica a atividade econ\u00f4mica, por isso caiu tanto. Ali\u00e1s, com a grave crise, o BC deveria ter acelerado essa redu\u00e7\u00e3o de juros para haver o est\u00edmulo \u00e0 produ\u00e7\u00e3o&#8221;, afirma.<\/p>\n<p>Clemente explica que a taxa de juros \u00e9 um instrumento para ditar o ritmo da economia. Segundo ele, a nova redu\u00e7\u00e3o \u00e9 uma tentativa do governo Temer para estimular a produ\u00e7\u00e3o.\u00a0<\/p>\n<p>\u00a0<\/p>\n<p><strong>Fonte: Rede Brasil Atual<\/strong><\/p>\n","protected":false},"excerpt":{"rendered":"<p>Em reuni\u00e3o do Comit\u00ea de Pol\u00edtica Monet\u00e1ria (Copom) encerrada nesta quarta-feira (21), o Banco Central (BC) decidiu\u00a0baixa os juros\u00a0b\u00e1sicos da economia em 0,25 ponto percentual, para 6,5% ao ano. Para o diretor t\u00e9cnico do Dieese, Clemente Ganz L\u00facio, a redu\u00e7\u00e3o seguida, a 12\u00aa consecutiva, d\u00e1 a dimens\u00e3o da incerteza do governo ante o prolongamento da [&hellip;]<\/p>\n","protected":false},"author":2,"featured_media":4096,"comment_status":"","ping_status":"","sticky":false,"template":"","format":"standard","meta":{"footnotes":""},"categories":[3],"tags":[],"class_list":["post-4097","post","type-post","status-publish","format-standard","has-post-thumbnail","hentry","category-noticias"],"_links":{"self":[{"href":"https:\/\/hostnetart.com.br\/baixada\/wp-json\/wp\/v2\/posts\/4097","targetHints":{"allow":["GET"]}}],"collection":[{"href":"https:\/\/hostnetart.com.br\/baixada\/wp-json\/wp\/v2\/posts"}],"about":[{"href":"https:\/\/hostnetart.com.br\/baixada\/wp-json\/wp\/v2\/types\/post"}],"author":[{"embeddable":true,"href":"https:\/\/hostnetart.com.br\/baixada\/wp-json\/wp\/v2\/users\/2"}],"replies":[{"embeddable":true,"href":"https:\/\/hostnetart.com.br\/baixada\/wp-json\/wp\/v2\/comments?post=4097"}],"version-history":[{"count":0,"href":"https:\/\/hostnetart.com.br\/baixada\/wp-json\/wp\/v2\/posts\/4097\/revisions"}],"wp:featuredmedia":[{"embeddable":true,"href":"https:\/\/hostnetart.com.br\/baixada\/wp-json\/wp\/v2\/media\/4096"}],"wp:attachment":[{"href":"https:\/\/hostnetart.com.br\/baixada\/wp-json\/wp\/v2\/media?parent=4097"}],"wp:term":[{"taxonomy":"category","embeddable":true,"href":"https:\/\/hostnetart.com.br\/baixada\/wp-json\/wp\/v2\/categories?post=4097"},{"taxonomy":"post_tag","embeddable":true,"href":"https:\/\/hostnetart.com.br\/baixada\/wp-json\/wp\/v2\/tags?post=4097"}],"curies":[{"name":"wp","href":"https:\/\/api.w.org\/{rel}","templated":true}]}}