{"id":3991,"date":"2018-03-14T13:23:18","date_gmt":"2018-03-14T16:23:18","guid":{"rendered":"https:\/\/hostnetart.com.br\/baixada\/forum-social-debate-sistema-financeiro-e-o-capital-improdutivo\/"},"modified":"2018-03-14T13:23:18","modified_gmt":"2018-03-14T16:23:18","slug":"forum-social-debate-sistema-financeiro-e-o-capital-improdutivo","status":"publish","type":"post","link":"https:\/\/hostnetart.com.br\/baixada\/forum-social-debate-sistema-financeiro-e-o-capital-improdutivo\/","title":{"rendered":"F\u00f3rum Social debate sistema financeiro e o capital improdutivo"},"content":{"rendered":"<div class=\"content\">\n<p>A Central \u00danica dos Trabalhadores\u00a0<strong>(CUT)<a href=\"http:\/\/admin.contrafcut.com.br\/system\/uploads\/ck\/files\/10_03_2018-PROGRAMA%C3%87%C3%83O-FSM-UFBA.pdf\">\u00a0tem uma grade de programa\u00e7\u00e3o<\/a><\/strong>\u00a0com diversas atividades, durante a 13\u00aa edi\u00e7\u00e3o do F\u00f3rum Social Mundial (FSM 2018), que come\u00e7a nesta ter\u00e7a-feira (13) e segue at\u00e9 s\u00e1bado (17), em Salvador, na Bahia.<\/p>\n<p>O objetivo \u00e9 ampliar o acesso a dados, informa\u00e7\u00f5es e reflex\u00f5es sobre a financeiriza\u00e7\u00e3o da economia mundial e seus efeitos sobre a organiza\u00e7\u00e3o social, contribuindo para a identifica\u00e7\u00e3o de possibilidades de resist\u00eancia, de propostas de resgate da economia produtiva, de promo\u00e7\u00e3o de campanhas de car\u00e1ter popular de resist\u00eancia \u00e0 financeiriza\u00e7\u00e3o e cria\u00e7\u00e3o de mecanismos de controle nacional e internacional sobre as pol\u00edticas financeiras.<\/p>\n<p>Segundo Juvandia Moreira, vice-presidenta da Contraf-CUT, os bancos exercem forte influ\u00eancia sobre a economia mundial por controlar o sistema financeiro. Ganham muito em todo o mundo e ainda mais no Brasil, onde sequer cumprem seu papel social. \u201cCobram tarifas caras de seus clientes e mant\u00eam um spread alt\u00edssimo, com altas taxas de juros, independentemente de a Selic estar alta ou baixa\u201d, explicou Juvandia.<\/p>\n<p>A vice-presidenta da Contraf-CUT observou, ainda, que a pr\u00e1tica, antes apenas dos bancos privados, de fechar ag\u00eancias em cidades consideradas por eles como sendo de baixa rentabilidade, com o governo Temer passou a ser realizada tamb\u00e9m pelos bancos p\u00fablicos. \u201cA popula\u00e7\u00e3o tem que realizar grandes deslocamentos para encontrar uma ag\u00eancia. Somado a isso, vem a redu\u00e7\u00e3o dos postos de trabalho, que tira o sal\u00e1rio das m\u00e3os dos trabalhadores. Assim, o dinheiro n\u00e3o circula nestas cidades. Isso afeta n\u00e3o apenas o com\u00e9rcio, mas toda a atividade econ\u00f4mica local\u201d, concluiu.<\/p>\n<p>Para ela, ao realizar o papel de proteger e fazer render as economias da pessoas e empresas, os bancos obt\u00eam mais lucros do que os verdadeiros donos dos recursos. O papel de financiar o consumo e o investimento tamb\u00e9m fica prejudicado pela redu\u00e7\u00e3o do cr\u00e9dito e pelas taxas proibitivas cobradas pelos bancos. Agora, os bancos sequer conseguem prover os servi\u00e7os de pagamento e de recebimento de contas, pois fecham ag\u00eancias e, mesmo onde elas existem, jogam os clientes para os correspondentes banc\u00e1rios. \u201cSe os bancos n\u00e3o cumprem seu papel social, a gente fica se perguntando pra que eles existem. Esse n\u00e3o \u00e9 o sistema financeiro que queremos\u201d, disse a vice-presidenta da Contraf-CUT.<\/p>\n<p>Al\u00e9m do economista Ladislau Dowbor e da vice-presidenta da Contraf-CUT, tamb\u00e9m participar\u00e3o da mesa de di\u00e1logo e da confer\u00eancia Renata Siuda-Ambroziak (Universidade de Vars\u00f3via), Paulo Kliass (Minist\u00e9rio do Planejamento, Or\u00e7amento e Gest\u00e3o), Vivian Machado (DIEESE) e representante da CEMIG, CUT, CTB, IDEC, Funda\u00e7\u00e3o Perseu Abramo, Outras Palavras e Autonomia Liter\u00e1ria.<\/p>\n<p><a href=\"http:\/\/admin.contrafcut.com.br\/system\/uploads\/ck\/files\/FSM_2018_Programac%CC%A7a%CC%83o_A_Era_Capital%20Improdutivo%20(1).pdf\"><strong>A era do capital improdutivo<\/strong><\/a><br \/><strong>Mesa de di\u00e1logo:<\/strong>\u00a014\/03, \u00e0s 13h, com Ladislau Dowbor<br \/>Tenda da Economia Solid\u00e1ria Campus Ondina da UFBA &#8211; Salvador (BA)<br \/><strong>Coletiva de imprensa:<\/strong>\u00a014\/03, \u00e0s 14h30, no mesmo local.<br \/><strong>Confer\u00eancia:<\/strong>\u00a015\/03, \u00e0s 9h, com Ladislau Dowbor<br \/>Tenda da CUT Campus Ondina da UFBA &#8211; Salvador (BA)<\/p>\n<\/div>\n<p id=\"page-author\"><span style=\"text-decoration: underline;\"><em><strong>Fonte: Contraf-CUT<\/strong><\/em><\/span><\/p>\n","protected":false},"excerpt":{"rendered":"<p>A Central \u00danica dos Trabalhadores\u00a0(CUT)\u00a0tem uma grade de programa\u00e7\u00e3o\u00a0com diversas atividades, durante a 13\u00aa edi\u00e7\u00e3o do F\u00f3rum Social Mundial (FSM 2018), que come\u00e7a nesta ter\u00e7a-feira (13) e segue at\u00e9 s\u00e1bado (17), em Salvador, na Bahia. O objetivo \u00e9 ampliar o acesso a dados, informa\u00e7\u00f5es e reflex\u00f5es sobre a financeiriza\u00e7\u00e3o da economia mundial e seus efeitos [&hellip;]<\/p>\n","protected":false},"author":2,"featured_media":3990,"comment_status":"","ping_status":"","sticky":false,"template":"","format":"standard","meta":{"footnotes":""},"categories":[3],"tags":[],"class_list":["post-3991","post","type-post","status-publish","format-standard","has-post-thumbnail","hentry","category-noticias"],"_links":{"self":[{"href":"https:\/\/hostnetart.com.br\/baixada\/wp-json\/wp\/v2\/posts\/3991","targetHints":{"allow":["GET"]}}],"collection":[{"href":"https:\/\/hostnetart.com.br\/baixada\/wp-json\/wp\/v2\/posts"}],"about":[{"href":"https:\/\/hostnetart.com.br\/baixada\/wp-json\/wp\/v2\/types\/post"}],"author":[{"embeddable":true,"href":"https:\/\/hostnetart.com.br\/baixada\/wp-json\/wp\/v2\/users\/2"}],"replies":[{"embeddable":true,"href":"https:\/\/hostnetart.com.br\/baixada\/wp-json\/wp\/v2\/comments?post=3991"}],"version-history":[{"count":0,"href":"https:\/\/hostnetart.com.br\/baixada\/wp-json\/wp\/v2\/posts\/3991\/revisions"}],"wp:featuredmedia":[{"embeddable":true,"href":"https:\/\/hostnetart.com.br\/baixada\/wp-json\/wp\/v2\/media\/3990"}],"wp:attachment":[{"href":"https:\/\/hostnetart.com.br\/baixada\/wp-json\/wp\/v2\/media?parent=3991"}],"wp:term":[{"taxonomy":"category","embeddable":true,"href":"https:\/\/hostnetart.com.br\/baixada\/wp-json\/wp\/v2\/categories?post=3991"},{"taxonomy":"post_tag","embeddable":true,"href":"https:\/\/hostnetart.com.br\/baixada\/wp-json\/wp\/v2\/tags?post=3991"}],"curies":[{"name":"wp","href":"https:\/\/api.w.org\/{rel}","templated":true}]}}