{"id":3989,"date":"2018-03-14T13:22:26","date_gmt":"2018-03-14T16:22:26","guid":{"rendered":"https:\/\/hostnetart.com.br\/baixada\/contraf-cut-participa-do-forum-social-mundial\/"},"modified":"2018-03-14T13:22:26","modified_gmt":"2018-03-14T16:22:26","slug":"contraf-cut-participa-do-forum-social-mundial","status":"publish","type":"post","link":"https:\/\/hostnetart.com.br\/baixada\/contraf-cut-participa-do-forum-social-mundial\/","title":{"rendered":"Contraf-CUT participa do F\u00f3rum Social Mundial"},"content":{"rendered":"<div class=\"content\">\n<p>A Contraf-CUT participa ativamente da 13\u00aa edi\u00e7\u00e3o do F\u00f3rum Social Mundial (FSM 2018), come\u00e7a nesta ter\u00e7a-feira (13) e segue at\u00e9 s\u00e1bado (17), em Salvador, na Bahia. A Contraf-CUT ser\u00e1 uma das respons\u00e1veis pela mesa e pela confer\u00eancia \u201cA era do capital improdutivo: o FSM 2018 e a amplia\u00e7\u00e3o das resist\u00eancias\u201d, que acontecem, respectivamente, na quarta-feira (14), das 13h \u00e0s 14h30, na Tenda da Economia Solid\u00e1ria, e na quinta-feira (15), das 9h \u00e0s 12h45, na Tenda da CUT, ambas no Campus Ondina da UFBA. O economista polon\u00eas Ladislau Dowbor, professor da PUC-SP, ser\u00e1 o respons\u00e1vel pela apresenta\u00e7\u00e3o sobre o tema.<\/p>\n<p>Os banc\u00e1rios ainda participam da programa\u00e7\u00e3o espec\u00edfica da Central \u00danica dos Trabalhadores (CUT), com diversas atividades. O F\u00f3rum Social Mundial ser\u00e1 o espa\u00e7o de di\u00e1logo e converg\u00eancia de cerca de 60 mil pessoas, de 120 pa\u00edses, que estar\u00e3o na cidade com o objetivo de debater e definir novas alternativas e estrat\u00e9gias de enfrentamento ao neoliberalismo, aos golpes antidemocr\u00e1ticos e genocidas que ocorrem em diversos pa\u00edses nos \u00faltimos anos. Com o lema \u201cResistir \u00e9 criar. Resistir \u00e9 transformar!\u201d, o F\u00f3rum visa promover a transforma\u00e7\u00e3o do ser humano em busca de \u201cUm outro mundo poss\u00edvel\u201d.<\/p>\n<p>A maior parte das atividades ser\u00e3o concentradas no Campus de Ondina da Universidade Federal da Bahia (UFBA), mas o evento contar\u00e1 tamb\u00e9m com atividades em territ\u00f3rios tem\u00e1ticos como o Parque do Abaet\u00e9, em Itapu\u00e3, e o Parque S\u00e3o Bartolomeu, no Sub\u00farbio Ferrovi\u00e1rio da cidade. Tamb\u00e9m acontecer\u00e3o atividades da Universidade do Estado da Bahia (Uneb).<\/p>\n<p>Com mais de 1500 coletivos, organiza\u00e7\u00f5es e entidades cadastrados, e cerca de 1300 atividades autogestionadas inscritas, o FSM 2018, ter\u00e1 representantes de entidades de pa\u00edses como Canad\u00e1, Marrocos, Finl\u00e2ndia, Fran\u00e7a, Alemanha, Tun\u00edsia, Guin\u00e9, Senegal, al\u00e9m de pa\u00edses Panamaz\u00f4nicos e representa\u00e7\u00f5es nacionais.<\/p>\n<p>Clique\u00a0<a href=\"https:\/\/wsf2018.org\/fsm-apresenta-programacao-de-atividades\/\">aqui<\/a>\u00a0e veja a programa\u00e7\u00e3o completa.<\/p>\n<\/div>\n<p id=\"page-author\"><strong>Fonte: Contraf-CUT<\/strong><\/p>\n","protected":false},"excerpt":{"rendered":"<p>A Contraf-CUT participa ativamente da 13\u00aa edi\u00e7\u00e3o do F\u00f3rum Social Mundial (FSM 2018), come\u00e7a nesta ter\u00e7a-feira (13) e segue at\u00e9 s\u00e1bado (17), em Salvador, na Bahia. A Contraf-CUT ser\u00e1 uma das respons\u00e1veis pela mesa e pela confer\u00eancia \u201cA era do capital improdutivo: o FSM 2018 e a amplia\u00e7\u00e3o das resist\u00eancias\u201d, que acontecem, respectivamente, na quarta-feira [&hellip;]<\/p>\n","protected":false},"author":2,"featured_media":3988,"comment_status":"","ping_status":"","sticky":false,"template":"","format":"standard","meta":{"footnotes":""},"categories":[3],"tags":[],"class_list":["post-3989","post","type-post","status-publish","format-standard","has-post-thumbnail","hentry","category-noticias"],"_links":{"self":[{"href":"https:\/\/hostnetart.com.br\/baixada\/wp-json\/wp\/v2\/posts\/3989","targetHints":{"allow":["GET"]}}],"collection":[{"href":"https:\/\/hostnetart.com.br\/baixada\/wp-json\/wp\/v2\/posts"}],"about":[{"href":"https:\/\/hostnetart.com.br\/baixada\/wp-json\/wp\/v2\/types\/post"}],"author":[{"embeddable":true,"href":"https:\/\/hostnetart.com.br\/baixada\/wp-json\/wp\/v2\/users\/2"}],"replies":[{"embeddable":true,"href":"https:\/\/hostnetart.com.br\/baixada\/wp-json\/wp\/v2\/comments?post=3989"}],"version-history":[{"count":0,"href":"https:\/\/hostnetart.com.br\/baixada\/wp-json\/wp\/v2\/posts\/3989\/revisions"}],"wp:featuredmedia":[{"embeddable":true,"href":"https:\/\/hostnetart.com.br\/baixada\/wp-json\/wp\/v2\/media\/3988"}],"wp:attachment":[{"href":"https:\/\/hostnetart.com.br\/baixada\/wp-json\/wp\/v2\/media?parent=3989"}],"wp:term":[{"taxonomy":"category","embeddable":true,"href":"https:\/\/hostnetart.com.br\/baixada\/wp-json\/wp\/v2\/categories?post=3989"},{"taxonomy":"post_tag","embeddable":true,"href":"https:\/\/hostnetart.com.br\/baixada\/wp-json\/wp\/v2\/tags?post=3989"}],"curies":[{"name":"wp","href":"https:\/\/api.w.org\/{rel}","templated":true}]}}