{"id":3985,"date":"2018-03-13T17:57:44","date_gmt":"2018-03-13T20:57:44","guid":{"rendered":"https:\/\/hostnetart.com.br\/baixada\/cadastramento-biometrico-para-as-proximas-eleicoes-termina-no-final-de-marco\/"},"modified":"2018-03-13T17:57:44","modified_gmt":"2018-03-13T20:57:44","slug":"cadastramento-biometrico-para-as-proximas-eleicoes-termina-no-final-de-marco","status":"publish","type":"post","link":"https:\/\/hostnetart.com.br\/baixada\/cadastramento-biometrico-para-as-proximas-eleicoes-termina-no-final-de-marco\/","title":{"rendered":"Cadastramento biom\u00e9trico para as pr\u00f3ximas elei\u00e7\u00f5es termina no final de mar\u00e7o"},"content":{"rendered":"<p>A fase atual do\u00a0<strong>cadastramento biom\u00e9trico<\/strong>dos eleitores vai at\u00e9 30 de mar\u00e7o. Cidad\u00e3os devem consultar o site dos tribunais eleitorais de cada estado (confira a lista abaixo) para saber se a sua cidade faz parte daquelas que dever\u00e3o realizar o procedimento\u00a0<strong>obrigat\u00f3rio<\/strong>\u00a0de coleta das impress\u00f5es digitais neste ano. Sem cadastro n\u00e3o ser\u00e1 autorizado o voto. Em v\u00e1rios munic\u00edpios, esse prazo j\u00e1 foi encerrado.\u00a0<\/p>\n<p>A capital S\u00e3o Paulo ainda n\u00e3o foi inclu\u00edda no recadastramento, que ocorre em outros 84 munic\u00edpios do estado. Em nove cidades, grupo que inclui\u00a0Guarulhos, Sorocaba, Ara\u00e7oiaba da Serra, Salto de Pirapora, Botucatu, Itatinga, Pardinho, V\u00e1rzea Paulista e Votorantim, o prazo vai at\u00e9 o pr\u00f3ximo dia 23. Nas outras, o eleitor paulista tem at\u00e9 o dia 30 de mar\u00e7o (consulte na lista de TREs abaixo).\u00a0<\/p>\n<p>Para fazer o cadastramento, o eleitor deve comparecer ao\u00a0cart\u00f3rio eleitoral portando documento original com foto, comprovante de endere\u00e7o com data de at\u00e9 os \u00faltimos tr\u00eas meses e, se tiver, o t\u00edtulo de eleitor. Em alguns estados, tamb\u00e9m \u00e9 poss\u00edvel fazer o agendamento pelos sites dos TREs.<\/p>\n<p>Quem tiver perdido o prazo, tem at\u00e9 o dia 9 de maio para comparecer ao cart\u00f3rio eleitoral para regularizar a sua situa\u00e7\u00e3o, ou ter\u00e1 o t\u00edtulo cancelado e posteriormente ter\u00e1 que pagar R$ 3,50 para ter o documento validado novamente.\u00a0Al\u00e9m de n\u00e3o poder participar das elei\u00e7\u00f5es, o cidad\u00e3o tamb\u00e9m n\u00e3o poder\u00e1 renovar ou tirar passaporte, assumir cargo p\u00fablico ou vaga em institui\u00e7\u00e3o de ensino p\u00fablica, se tiver o t\u00edtulo cancelado.<\/p>\n<p>Segundo dados da Justi\u00e7a Eleitoral, o cadastramento biom\u00e9trico j\u00e1 alcan\u00e7ou cerca de 75 milh\u00f5es de pessoas, pouco mais da metade do total\u00a0de 146,7 milh\u00f5es dos eleitores brasileiros.\u00a0A expectativa \u00e9 que 100% dos eleitores sejam cadastrados pelas digitais at\u00e9 2022.<\/p>\n<p>De acordo com as autoridades eleitorais, a identifica\u00e7\u00e3o pelas digitais oferece mais seguran\u00e7a para o sistema de vota\u00e7\u00e3o, como mais um instrumento para coibir fraudes, como a duplicidade do voto, ou a tentativa de votar em nome de outra pessoa. Al\u00e9m disso, o cadastro das digitais tamb\u00e9m poder\u00e1 ser acessado por outro \u00f3rg\u00e3os do Estado, como a Pol\u00edcia Federal.<\/p>\n<h3>Mais informa\u00e7\u00f5es nos sites dos TREs de cada estado<\/h3>\n<p><a href=\"http:\/\/www.tre-ac.jus.br\/\" target=\"_blank\" rel=\"noopener noreferrer\">Acre<\/a><\/p>\n<p><a href=\"http:\/\/www.tre-al.jus.br\/\" target=\"_blank\" rel=\"noopener noreferrer\">Alagoas<\/a><\/p>\n<p><a href=\"http:\/\/www.tre-ap.jus.br\/\" target=\"_blank\" rel=\"noopener noreferrer\">Amap\u00e1<\/a><\/p>\n<p><a href=\"http:\/\/www.tre-am.jus.br\/\" target=\"_blank\" rel=\"noopener noreferrer\">Amazonas<\/a><\/p>\n<p><a href=\"http:\/\/www.tre-ba.jus.br\/\" target=\"_blank\" rel=\"noopener noreferrer\">Bahia<\/a><\/p>\n<p><a href=\"http:\/\/www.tre-ce.jus.br\/\" target=\"_blank\" rel=\"noopener noreferrer\">Cear\u00e1<\/a><\/p>\n<p><a href=\"http:\/\/www.tre-df.jus.br\/\" target=\"_blank\" rel=\"noopener noreferrer\">Distrito Federal<\/a><\/p>\n<p><a href=\"http:\/\/www.tre-es.jus.br\/\" target=\"_blank\" rel=\"noopener noreferrer\">Esp\u00edrito Santo<\/a><\/p>\n<p><a href=\"http:\/\/www.tre-go.jus.br\/\" target=\"_blank\" rel=\"noopener noreferrer\">Goi\u00e1s<\/a><\/p>\n<p><a href=\"http:\/\/www.tre-ma.jus.br\/\" target=\"_blank\" rel=\"noopener noreferrer\">Maranh\u00e3o<\/a><\/p>\n<p><a href=\"http:\/\/www.tre-mt.jus.br\/\" target=\"_blank\" rel=\"noopener noreferrer\">Mato Grosso<\/a><\/p>\n<p><a href=\"http:\/\/www.tre-ms.jus.br\/\" target=\"_blank\" rel=\"noopener noreferrer\">Mato Grosso do Sul<\/a><\/p>\n<p><a href=\"http:\/\/www.tre-mg.jus.br\/\" target=\"_blank\" rel=\"noopener noreferrer\">Minas Gerais<\/a><\/p>\n<p><a href=\"http:\/\/www.tre-pa.jus.br\/\" target=\"_blank\" rel=\"noopener noreferrer\">Par\u00e1<\/a><\/p>\n<p><a href=\"http:\/\/www.tre-pb.jus.br\/\" target=\"_blank\" rel=\"noopener noreferrer\">Paraiba<\/a><\/p>\n<p><a href=\"http:\/\/www.tre-pr.jus.br\/\" target=\"_blank\" rel=\"noopener noreferrer\">Paran\u00e1<\/a><\/p>\n<p><a href=\"http:\/\/www.tre-pe.jus.br\/\" target=\"_blank\" rel=\"noopener noreferrer\">Pernambuco<\/a><\/p>\n<p><a href=\"http:\/\/www.tre-pi.jus.br\/\" target=\"_blank\" rel=\"noopener noreferrer\">Piau\u00ed<\/a><\/p>\n<p><a href=\"http:\/\/www.tre-rj.jus.br\/\" target=\"_blank\" rel=\"noopener noreferrer\">Rio de Janeiro<\/a><\/p>\n<p><a href=\"http:\/\/www.tre-rn.jus.br\/\" target=\"_blank\" rel=\"noopener noreferrer\">Rio Grande do Norte<\/a><\/p>\n<p><a href=\"http:\/\/www.tre-rs.jus.br\/\" target=\"_blank\" rel=\"noopener noreferrer\">Rio Grande do Sul<\/a><\/p>\n<p><a href=\"http:\/\/www.tre-ro.jus.br\/\" target=\"_blank\" rel=\"noopener noreferrer\">Rond\u00f4nia<\/a><\/p>\n<p><a href=\"http:\/\/www.tre-rr.jus.br\/\" target=\"_blank\" rel=\"noopener noreferrer\">Roraima<\/a><\/p>\n<p><a href=\"http:\/\/www.tre-sc.jus.br\/site\/index.html\" target=\"_blank\" rel=\"noopener noreferrer\">Santa Catarina<\/a><\/p>\n<p><a href=\"http:\/\/www.tre-sp.jus.br\/\" target=\"_blank\" rel=\"noopener noreferrer\">S\u00e3o Paulo<\/a><\/p>\n<p><a href=\"http:\/\/www.tre-se.jus.br\/\" target=\"_blank\" rel=\"noopener noreferrer\">Sergipe<\/a><\/p>\n<p><a href=\"http:\/\/www.tre-to.jus.br\/\" target=\"_blank\" rel=\"noopener noreferrer\">Tocantins<\/a><\/p>\n","protected":false},"excerpt":{"rendered":"<p>A fase atual do\u00a0cadastramento biom\u00e9tricodos eleitores vai at\u00e9 30 de mar\u00e7o. Cidad\u00e3os devem consultar o site dos tribunais eleitorais de cada estado (confira a lista abaixo) para saber se a sua cidade faz parte daquelas que dever\u00e3o realizar o procedimento\u00a0obrigat\u00f3rio\u00a0de coleta das impress\u00f5es digitais neste ano. Sem cadastro n\u00e3o ser\u00e1 autorizado o voto. Em v\u00e1rios [&hellip;]<\/p>\n","protected":false},"author":2,"featured_media":3984,"comment_status":"","ping_status":"","sticky":false,"template":"","format":"standard","meta":{"footnotes":""},"categories":[3],"tags":[],"class_list":["post-3985","post","type-post","status-publish","format-standard","has-post-thumbnail","hentry","category-noticias"],"_links":{"self":[{"href":"https:\/\/hostnetart.com.br\/baixada\/wp-json\/wp\/v2\/posts\/3985","targetHints":{"allow":["GET"]}}],"collection":[{"href":"https:\/\/hostnetart.com.br\/baixada\/wp-json\/wp\/v2\/posts"}],"about":[{"href":"https:\/\/hostnetart.com.br\/baixada\/wp-json\/wp\/v2\/types\/post"}],"author":[{"embeddable":true,"href":"https:\/\/hostnetart.com.br\/baixada\/wp-json\/wp\/v2\/users\/2"}],"replies":[{"embeddable":true,"href":"https:\/\/hostnetart.com.br\/baixada\/wp-json\/wp\/v2\/comments?post=3985"}],"version-history":[{"count":0,"href":"https:\/\/hostnetart.com.br\/baixada\/wp-json\/wp\/v2\/posts\/3985\/revisions"}],"wp:featuredmedia":[{"embeddable":true,"href":"https:\/\/hostnetart.com.br\/baixada\/wp-json\/wp\/v2\/media\/3984"}],"wp:attachment":[{"href":"https:\/\/hostnetart.com.br\/baixada\/wp-json\/wp\/v2\/media?parent=3985"}],"wp:term":[{"taxonomy":"category","embeddable":true,"href":"https:\/\/hostnetart.com.br\/baixada\/wp-json\/wp\/v2\/categories?post=3985"},{"taxonomy":"post_tag","embeddable":true,"href":"https:\/\/hostnetart.com.br\/baixada\/wp-json\/wp\/v2\/tags?post=3985"}],"curies":[{"name":"wp","href":"https:\/\/api.w.org\/{rel}","templated":true}]}}