{"id":3975,"date":"2018-03-13T14:02:25","date_gmt":"2018-03-13T17:02:25","guid":{"rendered":"https:\/\/hostnetart.com.br\/baixada\/comite-define-novas-acoes-para-combate-ao-desmonte-das-empresas-publicas\/"},"modified":"2018-03-13T14:02:25","modified_gmt":"2018-03-13T17:02:25","slug":"comite-define-novas-acoes-para-combate-ao-desmonte-das-empresas-publicas","status":"publish","type":"post","link":"https:\/\/hostnetart.com.br\/baixada\/comite-define-novas-acoes-para-combate-ao-desmonte-das-empresas-publicas\/","title":{"rendered":"Comit\u00ea define novas a\u00e7\u00f5es para combate ao desmonte das empresas p\u00fablicas"},"content":{"rendered":"<div class=\"content\">\n<p>A pol\u00edtica de desmonte promovida pelo governo Temer nas empresas p\u00fablicas brasileiras \u00e9 generalizada e est\u00e1 ocorrendo de v\u00e1rias formas, com a privatiza\u00e7\u00e3o parcial ou total. Essa \u00e9 uma das avalia\u00e7\u00f5es dos representantes do Comit\u00ea Nacional em Defesa das Empresas P\u00fablicas, que realizaram no \u00faltimo dia 9, em Bras\u00edlia, a primeira reuni\u00e3o do ano. Al\u00e9m das exposi\u00e7\u00f5es e an\u00e1lises foram elencadas a\u00e7\u00f5es que ser\u00e3o realizadas pelo comit\u00ea para denunciar e tentar reverter esse quadro.<\/p>\n<p>Um dos ataques mais cru\u00e9is \u00e0s estatais e seus trabalhadores est\u00e1 no corte de direitos \u2013 nesse momento, em especial na \u00e1rea da Sa\u00fade, com o enxugamento dos planos de assist\u00eancia m\u00e9dica. \u00c9 por conta dessa situa\u00e7\u00e3o, agravada pela redu\u00e7\u00e3o de empregados (PDVs) e demiss\u00f5es sum\u00e1rias de concursados, que h\u00e1 protestos e manifesta\u00e7\u00f5es pelo Pa\u00eds. Exemplo recente vem dos Correios, que acaba de entrar em greve nesta segunda, 12. O principal motivo da paralisa\u00e7\u00e3o \u00e9 evitar mudan\u00e7as no plano de sa\u00fade dos funcion\u00e1rios que envolvem a cobran\u00e7a de mensalidades e retirada de dependentes.<\/p>\n<p>\u201cNo caso espec\u00edfico dos planos de Sa\u00fade, as altera\u00e7\u00f5es t\u00eam como base as resolu\u00e7\u00f5es aprovadas CGPAR (Comiss\u00e3o Interministerial de Governan\u00e7a Corporativa e de Administra\u00e7\u00e3o de Participa\u00e7\u00f5es Societ\u00e1rias da Uni\u00e3o) que, al\u00e9m de indicar a retirada de benef\u00edcios garantidos aos trabalhadores das empresas p\u00fabicas, incentiva a privatiza\u00e7\u00e3o das gest\u00f5es de sa\u00fade para privilegiar o capital privado\u201d, denuncia a coordenadora do comit\u00ea, Rita Serrano, que tamb\u00e9m \u00e9 a representante dos empregados no Conselho de Administra\u00e7\u00e3o da Caixa.<\/p>\n<p><strong>Cen\u00e1rio<\/strong><br \/>O descaso do governo golpista com as estatais e seus trabalhadores foi relatado por representantes das diversas empresas presentes \u00e0 reuni\u00e3o do comit\u00ea, tais como Eletrobr\u00e1s, Petrobras, Caixa, BB, BNDES, Embrapa e EBC. As duas primeiras passam por processo de privatiza\u00e7\u00e3o j\u00e1 amplamente divulgado, enquanto os bancos s\u00e3o descapitalizados (destaque para o BNDES) e perdem empregados e ag\u00eancias. A repress\u00e3o aos movimentos e entidades sindicais tamb\u00e9m se amplia em todas as elas: na Embrapa j\u00e1 houve demiss\u00f5es de dirigentes e no BNDES e EBC as lideran\u00e7as dos trabalhadores respondem a processos na comiss\u00e3o de \u00e9tica das empresas.<\/p>\n<p>Para a coordenadora do comit\u00ea o cen\u00e1rio \u00e9 cr\u00edtico e s\u00f3 poder\u00e1 mudar com muito esclarecimento da popula\u00e7\u00e3o e a mobiliza\u00e7\u00e3o das entidades representativas. \u201cTemos obtido avan\u00e7os nas iniciativas conjuntas promovidas pelo comit\u00ea, mas as amea\u00e7as s\u00e3o constantes e exigem rea\u00e7\u00e3o organizada e r\u00e1pida. Al\u00e9m disso, esse \u00e9 um ano eleitoral, e precisamos levar \u00e0 sociedade a mensagem de que \u00e9 preciso eleger um representante cujo projeto de governo respeite e amplie o papel das empresas p\u00fablicas, e n\u00e3o o contr\u00e1rio\u201d, aponta.<\/p>\n<p>Assim, entre as a\u00e7\u00f5es conjuntas definidas pelos participantes (veja rela\u00e7\u00e3o abaixo) est\u00e3o a elabora\u00e7\u00e3o de carta-compromisso que valorize as empresas p\u00fablicas e dever\u00e1 ser assinada pelos futuros candidatos \u00e0 Presid\u00eancia da Rep\u00fablica nas elei\u00e7\u00f5es de outubro. Tamb\u00e9m foi aprovada mo\u00e7\u00e3o de rep\u00fadio contra as demiss\u00f5es sum\u00e1rias de dirigentes na Embrapa e \u00e0 repress\u00e3o que vem ocorrendo contra os dirigentes do BNDES e EBC.<\/p>\n<p>Participaram da reuni\u00e3o da \u00faltima sexta representantes de v\u00e1rias entidades e segmentos, tais como a Contraf- CUT; Fenae, Associa\u00e7\u00e3o dos Empregados do BNDES, Sindicato dos Banc\u00e1rios de SP; Federa\u00e7\u00e3o \u00danica dos Petroleiros, Sindicato dos Urbanit\u00e1rios do DF, Sindicato dos Jornalistas do DF; Sinpaf DF e RJ, Diap; Contatos Assessoria; assessoria do senador Lindbergh Farias (PT) e assessores de entidades. O encontro foi filmado pela TV dos Trabalhadores (TVT) e resultou em reportagem que pode ser assistida abaixo:<\/p>\n<p>\u00a0<\/p>\n<p><strong>A\u00e7\u00f5es do Comit\u00ea Nacional em Defesa das Empresas P\u00fablicas<\/strong><br \/>1-\u00a0\u00a0\u00a0\u00a0\u00a0\u00a0\u00a0 Constru\u00e7\u00e3o de plataforma de propostas de governo que valorize o patrim\u00f4nio p\u00fablico e o desenvolvimento do Pa\u00eds, a ser entregue aos candidatos que v\u00e3o concorrer nas elei\u00e7\u00f5es de outubro. Ser\u00e1 divulgado o nome daqueles que se comprometerem com a carta-compromisso.<br \/>2-\u00a0\u00a0\u00a0\u00a0\u00a0\u00a0\u00a0 Realiza\u00e7\u00e3o de plen\u00e1ria no Congresso Nacional com a participa\u00e7\u00e3o de representantes das diversas frentes criadas em defesa das empresas p\u00fablicas para definir a\u00e7\u00f5es conjuntas no Parlamento.<br \/>3-\u00a0\u00a0\u00a0\u00a0\u00a0\u00a0\u00a0 Lan\u00e7amento do livro \u201cSe \u00e9 p\u00fablico, \u00e9 para todos\u201d no Congresso Nacional.<br \/>4-\u00a0\u00a0\u00a0\u00a0\u00a0\u00a0\u00a0 Trabalhar com formadores de opini\u00e3o (blogueiros, artistas, intelectuais, entre outros), fornecendo dados que subsidiem a contraposi\u00e7\u00e3o \u00e0 vers\u00e3o oficial do governo de que as empresas p\u00fablicas causam preju\u00edzos, s\u00e3o ineficientes e que o servi\u00e7o privatizado tem melhor qualidade.<br \/>5-\u00a0\u00a0\u00a0\u00a0\u00a0\u00a0\u00a0 Acompanhar de perto projetos que est\u00e3o em andamento no Congresso, dentre eles o PL 9215\/2015, que trata da Gest\u00e3o das Estatais e que, caso aprovado, trar\u00e1 mais preju\u00edzos \u00e0 manuten\u00e7\u00e3o das empresas p\u00fablicas.<br \/>6-\u00a0\u00a0\u00a0\u00a0\u00a0\u00a0\u00a0 Produzir a segunda edi\u00e7\u00e3o da revista \u201cP\u00fablicas sob Ataque\u201d: para isso, \u00e9 necess\u00e1rio que as entidades enviem mat\u00e9rias sobre a situa\u00e7\u00e3o atual das empresas para o e-mail publiccomite@gmail.com<\/p>\n<\/div>\n<p id=\"page-author\"><span style=\"text-decoration: underline;\"><strong><em>Fonte: Comit\u00ea Nacional em Defesa das Empresas P\u00fablicas<\/em><\/strong><\/span><\/p>\n","protected":false},"excerpt":{"rendered":"<p>A pol\u00edtica de desmonte promovida pelo governo Temer nas empresas p\u00fablicas brasileiras \u00e9 generalizada e est\u00e1 ocorrendo de v\u00e1rias formas, com a privatiza\u00e7\u00e3o parcial ou total. Essa \u00e9 uma das avalia\u00e7\u00f5es dos representantes do Comit\u00ea Nacional em Defesa das Empresas P\u00fablicas, que realizaram no \u00faltimo dia 9, em Bras\u00edlia, a primeira reuni\u00e3o do ano. Al\u00e9m [&hellip;]<\/p>\n","protected":false},"author":2,"featured_media":3974,"comment_status":"","ping_status":"","sticky":false,"template":"","format":"standard","meta":{"footnotes":""},"categories":[3],"tags":[],"class_list":["post-3975","post","type-post","status-publish","format-standard","has-post-thumbnail","hentry","category-noticias"],"_links":{"self":[{"href":"https:\/\/hostnetart.com.br\/baixada\/wp-json\/wp\/v2\/posts\/3975","targetHints":{"allow":["GET"]}}],"collection":[{"href":"https:\/\/hostnetart.com.br\/baixada\/wp-json\/wp\/v2\/posts"}],"about":[{"href":"https:\/\/hostnetart.com.br\/baixada\/wp-json\/wp\/v2\/types\/post"}],"author":[{"embeddable":true,"href":"https:\/\/hostnetart.com.br\/baixada\/wp-json\/wp\/v2\/users\/2"}],"replies":[{"embeddable":true,"href":"https:\/\/hostnetart.com.br\/baixada\/wp-json\/wp\/v2\/comments?post=3975"}],"version-history":[{"count":0,"href":"https:\/\/hostnetart.com.br\/baixada\/wp-json\/wp\/v2\/posts\/3975\/revisions"}],"wp:featuredmedia":[{"embeddable":true,"href":"https:\/\/hostnetart.com.br\/baixada\/wp-json\/wp\/v2\/media\/3974"}],"wp:attachment":[{"href":"https:\/\/hostnetart.com.br\/baixada\/wp-json\/wp\/v2\/media?parent=3975"}],"wp:term":[{"taxonomy":"category","embeddable":true,"href":"https:\/\/hostnetart.com.br\/baixada\/wp-json\/wp\/v2\/categories?post=3975"},{"taxonomy":"post_tag","embeddable":true,"href":"https:\/\/hostnetart.com.br\/baixada\/wp-json\/wp\/v2\/tags?post=3975"}],"curies":[{"name":"wp","href":"https:\/\/api.w.org\/{rel}","templated":true}]}}