{"id":3973,"date":"2018-03-12T13:59:52","date_gmt":"2018-03-12T16:59:52","guid":{"rendered":"https:\/\/hostnetart.com.br\/baixada\/de-onde-vira-a-reacao-a-entrega-do-pais-ao-capital-estrangeiro\/"},"modified":"2018-03-12T13:59:52","modified_gmt":"2018-03-12T16:59:52","slug":"de-onde-vira-a-reacao-a-entrega-do-pais-ao-capital-estrangeiro","status":"publish","type":"post","link":"https:\/\/hostnetart.com.br\/baixada\/de-onde-vira-a-reacao-a-entrega-do-pais-ao-capital-estrangeiro\/","title":{"rendered":"De onde vir\u00e1 a rea\u00e7\u00e3o \u00e0 entrega do pa\u00eds ao capital estrangeiro?"},"content":{"rendered":"<p>Desde o estabelecimento das primeiras bases do projeto nacional de desenvolvimento voltado \u00e0 industrializa\u00e7\u00e3o nacional, a partir da Revolu\u00e7\u00e3o de 1930, se estruturou, em oposi\u00e7\u00e3o, a vis\u00e3o e a\u00e7\u00e3o pol\u00edtico-ideol\u00f3gica do entreguismo. Seu objetivo fundamental sempre foi o de manter o estilo de reprodu\u00e7\u00e3o da sociedade elitista associada aos interesses internacionais e em oposi\u00e7\u00e3o aos interesses do conjunto dos brasileiros.<\/p>\n<p>Logo na d\u00e9cada de 1940, por exemplo, o entreguismo se viabilizou na vertente do liberalismo de Eug\u00eanio Gudin em defesa do modelo primitivo de sociedade agrarista instalado pelos portugueses desde 1500. Resgatava, assim, o esp\u00edrito atrasado que se imp\u00f4s ao pa\u00eds, tanto no reinado de D. Pedro II, ao sufocar a emerg\u00eancia industrialista do Bar\u00e3o de Mau\u00e1 entre as d\u00e9cadas de 1850 e 1870, como na Rep\u00fablica Velha (1889-1930) conduzida pelas elites agraristas a enterrarem o projeto positivista de moderniza\u00e7\u00e3o nacional. \u00a0<\/p>\n<p>Diante da campanha do \u201co petr\u00f3leo \u00e9 nosso\u201d, logo no in\u00edcio da d\u00e9cada de 1950, o movimento em defesa da desnacionaliza\u00e7\u00e3o sistem\u00e1tica do sistema produtivo em prol do protagonismo dos capitais estrangeiros (de empresas multinacionais \u00e0s corpora\u00e7\u00f5es transnacionais) estabeleceu sua dimens\u00e3o nacional. Dessa forma, promovia o constrangimento crescente \u00e0s for\u00e7as do desenvolvimento brasileiro e a preval\u00eancia do\u00a0<i>status quo<\/i>\u00a0das elites e dos governos de natureza entreguista.<\/p>\n<p>Atualmente, pelo governo Temer, a entrega ao capital internacional para dom\u00ednio e explora\u00e7\u00e3o tanto das riquezas como dos empreendimentos e projetos nacionais retomou com for\u00e7a ineg\u00e1vel. O Brasil joga fora, por exemplo, toda a estrat\u00e9gia da soberania e do protagonismo fundados em novas bases desde o in\u00edcio dos anos 2000.<\/p>\n<p>A come\u00e7ar pela desestrutura\u00e7\u00e3o do sistema nacional de defesa, com o desmonte do programa nuclear brasileiro, a entrega da base espacial de Alc\u00e2ntara, no Maranh\u00e3o, enquanto melhor local de lan\u00e7amento de sat\u00e9lites, e o fim do projeto de produ\u00e7\u00e3o, com tecnologia compartilhada, do avi\u00e3o militar de ca\u00e7a no Brasil. A venda da Embraer, o terceiro maior conglomerado aeroespacial do mundo, para a Boeing tornou-se mais um prego no caix\u00e3o que enterra a soberania nacional.<\/p>\n<p>No mesmo sentido, o processo de privatiza\u00e7\u00e3o da Petrobras e a imediata entrega da explora\u00e7\u00e3o das reservas de petr\u00f3leo na camada do pr\u00e9-sal, avaliadas em um trilh\u00e3o de d\u00f3lares, por apenas 20 bilh\u00f5es de reais, para as empresas estrangeiras (Chevron e Shell). Em consequ\u00eancia, a p\u00e1 de cal na ind\u00fastria naval que havia sido reconstitu\u00edda recentemente pela demanda de estaleiros atrav\u00e9s da Petrobras na in\u00e9dita e ousada explora\u00e7\u00e3o do petr\u00f3leo na camada do pr\u00e9-sal.<\/p>\n<p>O an\u00fancio da legaliza\u00e7\u00e3o ao uso do herbicida Glifosato, proibido na Europa, para a Monsanto e toda a migra\u00e7\u00e3o do sistema de inform\u00e1tica assentado em c\u00f3digo aberto no governo federal desde 2003 para somente produtos da Microsoft eleva os gastos p\u00fablicos em 140 milh\u00f5es ao ano e destr\u00f3i a seguran\u00e7a nacional das informa\u00e7\u00f5es do governo brasileiro. Na mesma toada, o movimento de entrega da Eletrobr\u00e1s por 20 bilh\u00f5es de reais, ainda que possa valer R$ 370 bilh\u00f5es, a desconstitui\u00e7\u00e3o das maiores empresas privadas de engenharia nacional e o ataque \u00e0s grandes empresas brasileiras produtoras de prote\u00edna animal.<\/p>\n<p>A asfixia no financiamento do Estado pela Emenda Constitucional 95, o desmonte das pol\u00edticas de desenvolvimento nacional e das pol\u00edticas sociais e trabalhistas, patrocinadas por tantas reformas, como a trabalhista e a ainda em pauta previdenci\u00e1ria, indicam o quanto o condom\u00ednio de interesses que dirige o pa\u00eds n\u00e3o produziu o golpe de 2016 apenas para sustentar o moribundo governo Temer.<\/p>\n<p>Precisa, ainda, inviabilizar a candidatura Lula e desconstruir a viabilidade de o Partido dos Trabalhadores, pelo regime democr\u00e1tico, interromper o \u00eaxito entreguista.<\/p>\n<p>Dessa forma, talvez, possam estar fomentando, contraditoriamente, o renascimento do mesmo esp\u00edrito varguista de 1930 que ao perceber a impossibilidade da disputa pela via democr\u00e1tica, n\u00e3o aceitou o resultado e liderou a revolu\u00e7\u00e3o que libertou o Brasil do entreguismo da Rep\u00fablica Velha. Seria essa uma possibilidade de p\u00f4r fim ao golpe de 2016 que interrompeu o ciclo da Rep\u00fablica Nova?<\/p>\n<p>Com a palavra as personalidades que dirigem as institui\u00e7\u00f5es da Rep\u00fablica, uma vez que possuem a responsabilidade hist\u00f3rica de, neste momento, garantir ou n\u00e3o a continuidade da tenra democracia brasileira.<\/p>\n<p><span class=\"discreet\"><em>*Marcio Pochmann \u00e9 professor do Instituto de Economia e pesquisador do Centro de Estudos Sindicais e de Economia do Trabalho, ambos da Universidade Estadual de Campinas.<\/em><\/span><\/p>\n<p>\u00a0<\/p>\n<p><span style=\"text-decoration: underline;\"><em><strong><span class=\"discreet\">FONTE: Rede Brasil Atual<\/span><\/strong><\/em><\/span><\/p>\n","protected":false},"excerpt":{"rendered":"<p>Desde o estabelecimento das primeiras bases do projeto nacional de desenvolvimento voltado \u00e0 industrializa\u00e7\u00e3o nacional, a partir da Revolu\u00e7\u00e3o de 1930, se estruturou, em oposi\u00e7\u00e3o, a vis\u00e3o e a\u00e7\u00e3o pol\u00edtico-ideol\u00f3gica do entreguismo. Seu objetivo fundamental sempre foi o de manter o estilo de reprodu\u00e7\u00e3o da sociedade elitista associada aos interesses internacionais e em oposi\u00e7\u00e3o aos [&hellip;]<\/p>\n","protected":false},"author":2,"featured_media":3972,"comment_status":"","ping_status":"","sticky":false,"template":"","format":"standard","meta":{"footnotes":""},"categories":[3],"tags":[],"class_list":["post-3973","post","type-post","status-publish","format-standard","has-post-thumbnail","hentry","category-noticias"],"_links":{"self":[{"href":"https:\/\/hostnetart.com.br\/baixada\/wp-json\/wp\/v2\/posts\/3973","targetHints":{"allow":["GET"]}}],"collection":[{"href":"https:\/\/hostnetart.com.br\/baixada\/wp-json\/wp\/v2\/posts"}],"about":[{"href":"https:\/\/hostnetart.com.br\/baixada\/wp-json\/wp\/v2\/types\/post"}],"author":[{"embeddable":true,"href":"https:\/\/hostnetart.com.br\/baixada\/wp-json\/wp\/v2\/users\/2"}],"replies":[{"embeddable":true,"href":"https:\/\/hostnetart.com.br\/baixada\/wp-json\/wp\/v2\/comments?post=3973"}],"version-history":[{"count":0,"href":"https:\/\/hostnetart.com.br\/baixada\/wp-json\/wp\/v2\/posts\/3973\/revisions"}],"wp:featuredmedia":[{"embeddable":true,"href":"https:\/\/hostnetart.com.br\/baixada\/wp-json\/wp\/v2\/media\/3972"}],"wp:attachment":[{"href":"https:\/\/hostnetart.com.br\/baixada\/wp-json\/wp\/v2\/media?parent=3973"}],"wp:term":[{"taxonomy":"category","embeddable":true,"href":"https:\/\/hostnetart.com.br\/baixada\/wp-json\/wp\/v2\/categories?post=3973"},{"taxonomy":"post_tag","embeddable":true,"href":"https:\/\/hostnetart.com.br\/baixada\/wp-json\/wp\/v2\/tags?post=3973"}],"curies":[{"name":"wp","href":"https:\/\/api.w.org\/{rel}","templated":true}]}}