{"id":3969,"date":"2018-03-12T13:55:52","date_gmt":"2018-03-12T16:55:52","guid":{"rendered":"https:\/\/hostnetart.com.br\/baixada\/forum-social-mundial-comeca-nesta-terca-em-salvador\/"},"modified":"2018-03-12T13:55:52","modified_gmt":"2018-03-12T16:55:52","slug":"forum-social-mundial-comeca-nesta-terca-em-salvador","status":"publish","type":"post","link":"https:\/\/hostnetart.com.br\/baixada\/forum-social-mundial-comeca-nesta-terca-em-salvador\/","title":{"rendered":"F\u00f3rum Social Mundial come\u00e7a nesta ter\u00e7a em Salvador"},"content":{"rendered":"<p>Com o tema central \u201cPovos, Territ\u00f3rios e Movimentos em Resist\u00eancia\u201d, e o slogan \u201cResistir \u00e9 criar, resistir \u00e9 transformar\u201d, o F\u00f3rum Social Mundial (FSM) deve ser um evento de resist\u00eancia contra os retrocessos e os ataques \u00e0 democracia no Brasil. Criado em 2001, em Porto Alegre, o FSM 2018 ser\u00e1 realizado entre ter\u00e7a (13) e s\u00e1bado (17), em Salvador.<\/p>\n<p><a class=\"external-link\" title=\"\" href=\"https:\/\/wsf2018.org\/\" target=\"_blank\" rel=\"noopener noreferrer\">Com programa\u00e7\u00e3o vasta e diversificada<\/a>, o evento ter\u00e1 como territ\u00f3rio principal o Campus de Ondina, da Universidade Federal da Bahia (UFBA), al\u00e9m de outros locais da capital baiana, como o Parque do Abaet\u00e9, em Itapu\u00e3, e o Parque S\u00e3o Bartolomeu, no Sub\u00farbio Ferrovi\u00e1rio da cidade. Segundo os organizadores, s\u00e3o esperadas cerca de 60 mil pessoas, de 120 pa\u00edses, reunidas para debater e definir novas alternativas e estrat\u00e9gias de enfrentamento ao neoliberalismo, aos golpes e genoc\u00eddios que diversos pa\u00edses enfrentam na atualidade.<\/p>\n<p>Com mais de 1.500 coletivos, organiza\u00e7\u00f5es e entidades cadastradas, e em torno de 1.300 atividades autogestionadas inscritas, o F\u00f3rum Social Mundial reunir\u00e1 representantes de entidades de pa\u00edses como Canad\u00e1, Marrocos, Finl\u00e2ndia, Fran\u00e7a, Alemanha, Tun\u00edsia, Guin\u00e9, Senegal, al\u00e9m de pa\u00edses sul-americanos e representa\u00e7\u00f5es nacionais.<\/p>\n<p>Entre as presen\u00e7as confirmadas est\u00e3o a dos ex-presidentes Luiz In\u00e1cio Lula da Silva e Dilma Rousseff, Fernando Lugo, do Paraguai, e Jos\u00e9 Mujica, do Uruguai. Tamb\u00e9m participar\u00e3o o soci\u00f3logo portugu\u00eas\u00a0 Boaventura de Sousa Santos, a militante ind\u00edgena e pr\u00e9-candidata \u00e0 vice-presid\u00eancia pelo Psol S\u00f4nia Guajajara, a presidente da Federa\u00e7\u00e3o Democr\u00e1tica Internacional de Mulheres (FDIM), Lorena Pe\u00f1a, e o fil\u00f3sofo do Congo Godefroid Ka Mana Kangudie.<\/p>\n<p>Participar\u00e3o ainda das atividades do FSM Abdellah Saaf, ex-ministro da Educa\u00e7\u00e3o de Marrocos; Eda Duzgun, lideran\u00e7a das mulheres curdas; Sara Soujar, do Movimento de Combate ao Racismo e Xenofobia do Norte de Marrocos; Mamadou Sarr, militante da Maurit\u00e2nia para defesa dos negros; e Gustave Massaih, membro fundador do movimento de Maio 68, na Fran\u00e7a, entre dezenas de outras lideran\u00e7as e ativistas internacionais.<\/p>\n<h3>Programa\u00e7\u00e3o\u00a0<\/h3>\n<p><strong>Assembleias,Tribunais e Marchas<\/strong><\/p>\n<p><strong>Ter\u00e7a 13<\/strong><\/p>\n<p>J\u00e1 tradicional desde o primeiro FSM, o evento deste ano se inicia na ter\u00e7a, a partir das 15h, com a Marcha de Abertura. O percurso sair\u00e1 da pra\u00e7a do Campo Grande, passando pela Avenida Sete, at\u00e9 a Pra\u00e7a Castro Alves, conhecida como \u201cPra\u00e7a do Povo\u201d, palco de grandes manifesta\u00e7\u00f5es de luta e resist\u00eancia baiana. Ali ser\u00e1 montado um palco para apresenta\u00e7\u00f5es culturais, performances art\u00edsticas e musicais.<\/p>\n<p>No mesmo dia, \u00e0s 11h, integrantes do Coletivo Brasileiro do F\u00f3rum Social Mundial 2018 e do Conselho Internacional do F\u00f3rum Social Mundial dar\u00e3o uma coletiva de imprensa.<\/p>\n<p><strong>Quarta 14<\/strong><\/p>\n<p>Pela manh\u00e3 ser\u00e1 realizado o Tribunal contra os Despejos, na Faculdade de Arquitetura da UFBA.<\/p>\n<p>\u00c0s 9h, ocorre o Tribunal Popular para Julgamento dos Crimes de Feminic\u00eddio contra as Mulheres Negras, no audit\u00f3rio do IFBA; \u00e0 tarde, a partir das 14h, Marcha das Mulheres Contra o Racismo, com concentra\u00e7\u00e3o no Largo do Campo Grande; no mesmo hor\u00e1rio ser\u00e1 realizada a Assembleia Mundial da Juventude, no Acampamento Intercontinental das Juventudes, que ser\u00e1 montado no Parque de Exposi\u00e7\u00f5es de Salvador.<\/p>\n<p><strong>Quinta 15<\/strong><\/p>\n<p>\u00c0s 17h, ato em Defesa da Democracia, no Est\u00e1dio de Pitua\u00e7u, com as presen\u00e7as dos ex-presidentes Lula, Dilma, Lugo (Paraguai) e Mujica (Uruguai).<\/p>\n<p><strong>Sexta 16<\/strong><\/p>\n<p>Assembleia Mundial dos Povos, Movimentos e Territ\u00f3rios em Resist\u00eancia, \u00e0s 14h, no Acampamento dos Povos Ind\u00edgenas, no Centro Administrativo da Bahia\u00a0<\/p>\n<p><strong>S\u00e1bado 17<\/strong><\/p>\n<p>Pela manh\u00e3, ser\u00e1 realizada a \u00c1gora dos Futuros, com a apresenta\u00e7\u00e3o dos resultados das atividades do FSM, na Pra\u00e7a das Artes, campus de Ondina da UFBA.<\/p>\n<p><strong>Assembleia Mundial das Mulheres<\/strong><\/p>\n<p>Na manh\u00e3 de sexta (16), a Assembleia Mundial das Mulheres ser\u00e1 a \u00fanica atividade na programa\u00e7\u00e3o oficial do FSM, com possibilidade de acontecer no centro hist\u00f3rico de Salvador. A exclusividade tem como objetivo garantir que as mulheres com outras agendas pol\u00edticas no F\u00f3rum estejam liberadas para debater quest\u00f5es de g\u00eanero, pautas feministas e lutas das mulheres, como a criminaliza\u00e7\u00e3o do aborto, o feminic\u00eddio, o combate contra a viol\u00eancia da mulher e o machismo, entres outras.<\/p>\n<p><strong>Acampamento Intercontinental da Juventude<\/strong><\/p>\n<p>Mais do que um alojamento, o acampamento da juventude \u00e9 um local para debates e discuss\u00f5es pol\u00edticas. Nesta edi\u00e7\u00e3o, ocupar\u00e1 o Parque de Exposi\u00e7\u00f5es Agropecu\u00e1rias de Salvador, a partir deste domingo (11) at\u00e9 o pr\u00f3ximo (18), com capacidade para receber cerca de 6 mil jovens. Atos, shows e assembleia far\u00e3o parte das atividades do Acampamento Intercontinental da Juventude (AIJ), que ter\u00e1 ainda uma vila gastron\u00f4mica da economia solid\u00e1ria, palcos para apresenta\u00e7\u00f5es culturais e debates.<\/p>\n<h3>Sobre o F\u00f3rum Social Mundial<\/h3>\n<p>O F\u00f3rum Social Mundial \u00e9 uma iniciativa da sociedade civil organizada, nascida em Porto Alegre, em 2001, para promover o encontro democr\u00e1tico, plural e de resist\u00eancia com o objetivo de incentivar debates, aprofundar a reflex\u00e3o coletiva, troca de experi\u00eancias e a constitui\u00e7\u00e3o de coaliz\u00f5es e de redes entre os movimentos da sociedade civil e organiza\u00e7\u00f5es comunit\u00e1rias que se op\u00f5em ao neoliberalismo e ao dom\u00ednio do capital. O evento \u00e9 realizado a cada dois anos. Nos intervalos, f\u00f3runs tem\u00e1ticos descentralizados e aut\u00f4nomos s\u00e3o realizados para dar seguimento \u00e0s articula\u00e7\u00f5es e reflex\u00f5es cr\u00edticas nos diferentes pa\u00edses e regi\u00f5es. O \u00faltimo foi realizado no Canad\u00e1, em 2016.<\/p>\n","protected":false},"excerpt":{"rendered":"<p>Com o tema central \u201cPovos, Territ\u00f3rios e Movimentos em Resist\u00eancia\u201d, e o slogan \u201cResistir \u00e9 criar, resistir \u00e9 transformar\u201d, o F\u00f3rum Social Mundial (FSM) deve ser um evento de resist\u00eancia contra os retrocessos e os ataques \u00e0 democracia no Brasil. Criado em 2001, em Porto Alegre, o FSM 2018 ser\u00e1 realizado entre ter\u00e7a (13) e [&hellip;]<\/p>\n","protected":false},"author":2,"featured_media":3968,"comment_status":"","ping_status":"","sticky":false,"template":"","format":"standard","meta":{"footnotes":""},"categories":[3],"tags":[],"class_list":["post-3969","post","type-post","status-publish","format-standard","has-post-thumbnail","hentry","category-noticias"],"_links":{"self":[{"href":"https:\/\/hostnetart.com.br\/baixada\/wp-json\/wp\/v2\/posts\/3969","targetHints":{"allow":["GET"]}}],"collection":[{"href":"https:\/\/hostnetart.com.br\/baixada\/wp-json\/wp\/v2\/posts"}],"about":[{"href":"https:\/\/hostnetart.com.br\/baixada\/wp-json\/wp\/v2\/types\/post"}],"author":[{"embeddable":true,"href":"https:\/\/hostnetart.com.br\/baixada\/wp-json\/wp\/v2\/users\/2"}],"replies":[{"embeddable":true,"href":"https:\/\/hostnetart.com.br\/baixada\/wp-json\/wp\/v2\/comments?post=3969"}],"version-history":[{"count":0,"href":"https:\/\/hostnetart.com.br\/baixada\/wp-json\/wp\/v2\/posts\/3969\/revisions"}],"wp:featuredmedia":[{"embeddable":true,"href":"https:\/\/hostnetart.com.br\/baixada\/wp-json\/wp\/v2\/media\/3968"}],"wp:attachment":[{"href":"https:\/\/hostnetart.com.br\/baixada\/wp-json\/wp\/v2\/media?parent=3969"}],"wp:term":[{"taxonomy":"category","embeddable":true,"href":"https:\/\/hostnetart.com.br\/baixada\/wp-json\/wp\/v2\/categories?post=3969"},{"taxonomy":"post_tag","embeddable":true,"href":"https:\/\/hostnetart.com.br\/baixada\/wp-json\/wp\/v2\/tags?post=3969"}],"curies":[{"name":"wp","href":"https:\/\/api.w.org\/{rel}","templated":true}]}}