{"id":3967,"date":"2018-03-12T13:54:22","date_gmt":"2018-03-12T16:54:22","guid":{"rendered":"https:\/\/hostnetart.com.br\/baixada\/trt-agenda-para-21-de-marco-julgamento-da-acp-sobre-falta-de-contratacao-na-caixa\/"},"modified":"2018-03-12T13:54:22","modified_gmt":"2018-03-12T16:54:22","slug":"trt-agenda-para-21-de-marco-julgamento-da-acp-sobre-falta-de-contratacao-na-caixa","status":"publish","type":"post","link":"https:\/\/hostnetart.com.br\/baixada\/trt-agenda-para-21-de-marco-julgamento-da-acp-sobre-falta-de-contratacao-na-caixa\/","title":{"rendered":"TRT agenda para 21 de mar\u00e7o julgamento da ACP sobre falta de contrata\u00e7\u00e3o na Caixa"},"content":{"rendered":"<div class=\"content\">\n<p>O Tribunal Regional do Trabalho da 10\u00aa Regi\u00e3o agendou para o dia 21 de mar\u00e7o o julgamento da A\u00e7\u00e3o Civil P\u00fablica, impetrada pelo Minist\u00e9rio P\u00fablico do Trabalho no DF e no Tocantins, sobre a n\u00e3o contrata\u00e7\u00e3o dos aprovados no concurso p\u00fablico realizado pela Caixa Econ\u00f4mica Federal em 2014. A validade do certame terminaria em junho de 2016, dois anos ap\u00f3s a divulga\u00e7\u00e3o do resultado, mas continua suspensa at\u00e9 o tr\u00e2nsito em julgado da decis\u00e3o.<\/p>\n<p>Na decis\u00e3o de 6 de outubro de 2016, a ju\u00edza Nat\u00e1lia Queiroz Rodrigues, da 6\u00aa Vara do Trabalho de Bras\u00edlia (DF), concordou com os argumentos do MPT de que houve o descumprimento do Acordo Coletivo de Trabalho (ACT) 2014\/2015. Nele, o banco se comprometeu a contratar 2 mil novos empregados, o que faria o quadro de pessoal chegar a 103 mil. O que houve, no entanto, foi a redu\u00e7\u00e3o com a realiza\u00e7\u00e3o de planos de demiss\u00e3o e de aposentadoria.<\/p>\n<p>Nat\u00e1lia Rodrigues saiu em defesa do ACT e rebateu a dire\u00e7\u00e3o da Caixa, que alegou ter feito 2.093 admiss\u00f5es. \u201cA reda\u00e7\u00e3o da referida cl\u00e1usula (&#8230;) d\u00e1 a entender, para qualquer iniciante no estudo da l\u00edngua portuguesa, que a reclamada iria contratar 2.000 novos empregados, ou seja, considerado o quantitativo da \u00e9poca da formaliza\u00e7\u00e3o da conven\u00e7\u00e3o coletiva\u201d, observou. Al\u00e9m de postergar a validade do concurso, a magistrada concordou com a posi\u00e7\u00e3o do MPT contra concursos p\u00fablicos apenas para formar cadastro reserva.<\/p>\n<p>\u201cA situa\u00e7\u00e3o nas unidades est\u00e1 ficando pior, com colegas mais sobrecarregados a cada dia. Hoje, s\u00e3o 87 mil empregados, quantidade que vai diminuir devido ao plano de desligamento do in\u00edcio deste ano e outros que podem vir. A n\u00e3o admiss\u00e3o dos concursados faz parte da pol\u00edtica para enfraquecer o banco. Por isso, seguimos na luta pela retomada das contrata\u00e7\u00f5es e contra a retirada de direitos da categoria\u201d, afirma o presidente da Fenae, Jair Pedro Ferreira.<\/p>\n<p>O concurso de 2014 foi um dos maiores realizados pela Caixa, com quase 1,2 milh\u00e3o de inscritos. Foram considerados aprovados 32.879 mil candidatos, mas menos de 8% foram contratados. Nos \u00faltimos anos, diversas mobiliza\u00e7\u00f5es foram realizadas, convocadas pela Fenae, Comiss\u00e3o Executiva dos Empregados (CEE\/Caixa), federa\u00e7\u00f5es, sindicatos e pelos pr\u00f3prios concursados. A dire\u00e7\u00e3o da Caixa, por\u00e9m, manteve-se intransigente.<\/p>\n<\/div>\n<p id=\"page-author\"><strong>Fonte: Fenae<\/strong><\/p>\n","protected":false},"excerpt":{"rendered":"<p>O Tribunal Regional do Trabalho da 10\u00aa Regi\u00e3o agendou para o dia 21 de mar\u00e7o o julgamento da A\u00e7\u00e3o Civil P\u00fablica, impetrada pelo Minist\u00e9rio P\u00fablico do Trabalho no DF e no Tocantins, sobre a n\u00e3o contrata\u00e7\u00e3o dos aprovados no concurso p\u00fablico realizado pela Caixa Econ\u00f4mica Federal em 2014. A validade do certame terminaria em junho [&hellip;]<\/p>\n","protected":false},"author":2,"featured_media":3966,"comment_status":"","ping_status":"","sticky":false,"template":"","format":"standard","meta":{"footnotes":""},"categories":[3],"tags":[],"class_list":["post-3967","post","type-post","status-publish","format-standard","has-post-thumbnail","hentry","category-noticias"],"_links":{"self":[{"href":"https:\/\/hostnetart.com.br\/baixada\/wp-json\/wp\/v2\/posts\/3967","targetHints":{"allow":["GET"]}}],"collection":[{"href":"https:\/\/hostnetart.com.br\/baixada\/wp-json\/wp\/v2\/posts"}],"about":[{"href":"https:\/\/hostnetart.com.br\/baixada\/wp-json\/wp\/v2\/types\/post"}],"author":[{"embeddable":true,"href":"https:\/\/hostnetart.com.br\/baixada\/wp-json\/wp\/v2\/users\/2"}],"replies":[{"embeddable":true,"href":"https:\/\/hostnetart.com.br\/baixada\/wp-json\/wp\/v2\/comments?post=3967"}],"version-history":[{"count":0,"href":"https:\/\/hostnetart.com.br\/baixada\/wp-json\/wp\/v2\/posts\/3967\/revisions"}],"wp:featuredmedia":[{"embeddable":true,"href":"https:\/\/hostnetart.com.br\/baixada\/wp-json\/wp\/v2\/media\/3966"}],"wp:attachment":[{"href":"https:\/\/hostnetart.com.br\/baixada\/wp-json\/wp\/v2\/media?parent=3967"}],"wp:term":[{"taxonomy":"category","embeddable":true,"href":"https:\/\/hostnetart.com.br\/baixada\/wp-json\/wp\/v2\/categories?post=3967"},{"taxonomy":"post_tag","embeddable":true,"href":"https:\/\/hostnetart.com.br\/baixada\/wp-json\/wp\/v2\/tags?post=3967"}],"curies":[{"name":"wp","href":"https:\/\/api.w.org\/{rel}","templated":true}]}}