{"id":3965,"date":"2018-03-09T12:47:02","date_gmt":"2018-03-09T15:47:02","guid":{"rendered":"https:\/\/hostnetart.com.br\/baixada\/dia-internacional-da-mulher-e-marcado-por-manifestacoes-por-todo-o-mundo\/"},"modified":"2018-03-09T12:47:02","modified_gmt":"2018-03-09T15:47:02","slug":"dia-internacional-da-mulher-e-marcado-por-manifestacoes-por-todo-o-mundo","status":"publish","type":"post","link":"https:\/\/hostnetart.com.br\/baixada\/dia-internacional-da-mulher-e-marcado-por-manifestacoes-por-todo-o-mundo\/","title":{"rendered":"Dia Internacional da Mulher \u00e9 marcado por manifesta\u00e7\u00f5es por todo o mundo"},"content":{"rendered":"<div class=\"content\">\n<p>O dia 8 de mar\u00e7o, Dia Internacional da Mulher, foi marcado por diversas manifesta\u00e7\u00f5es por todo o mundo. O movimento feminista ocupou as ruas das principais capitais para protestar em defesa da democracia e pelos direitos das mulheres. No Brasil, as reivindica\u00e7\u00f5es tamb\u00e9m foram contra a amea\u00e7a aos direitos j\u00e1 conquistados e ao fim do retrocesso, promovido pelo atual governo.<\/p>\n<p>Na Espanha, o movimento sindical convocou trabalhadoras de v\u00e1rias categorias para aderirem a uma paralisa\u00e7\u00e3o de um dia. A mobiliza\u00e7\u00e3o afetou os servi\u00e7os de transporte e de comunica\u00e7\u00e3o.<\/p>\n<p>Na Cor\u00e9ia do Sul, as trabalhadoras vestiram \u2013se de preto e apoiaram o movimento #metoo (eu tamb\u00e9m, em ingl\u00eas), que exige que os homens acusados de abuso sexual sejam penalizados pela justi\u00e7a. \u00a0Em Bangladesh, as mulheres exigiram mais seguran\u00e7a e pelo fim da viol\u00eancia contra a mulher. \u00a0<\/p>\n<p>As indianas, italianas e inglesas clamaram por igualdade salarial e pelo fim da desigualdade social.<\/p>\n<p>Para a secretaria da Mulher da Contraf-CUT, Elaine Cutis, o desrespeito e a viol\u00eancia contra a mulher s\u00e3o ainda problemas persistentes n\u00e3o apenas no Brasil, mas em v\u00e1rios pa\u00edses do mundo. \u201cPrecisamos desconstruir essa ideia de que a mulher \u00e9 um ser fr\u00e1gil. Somos fortes, temos coragem e podemos ser o que quisermos ser dentro da sociedade. N\u00e3o h\u00e1 justificativa para que uma mulher receba um sal\u00e1rio menor que o homem. A mulher, al\u00e9m de trabalhar, ainda executa a dupla jornada, que \u00e9 quando ela chega em casa e tem que cuidar do lar e dos filhos\u201d, disse.<\/p>\n<p><strong>Marcha das Mulheres em S\u00e3o Paulo<\/strong><\/p>\n<p><strong>\u00a0<\/strong>A Marcha das Mulheres, que aconteceu em S\u00e3o Paulo, nesta quinta-feira, teve como tema \u201cPela Vida das Mulheres, Democracia e Soberania. Temer Sai, Aposentadoria Fica.\u201d\u00a0 As mulheres se concentraram na Pra\u00e7a Oswaldo Cruz e sa\u00edram em caminhada pela Avenida Paulista, palco de manifesta\u00e7\u00f5es hist\u00f3ricas.<\/p>\n<p>Dentre as bandeiras deste ano, protestos contra as reformas promovidas pelo governo Temer, a retirada de direitos e defesa da igualdade de oportunidades. \u201cN\u00e3o podemos esquecer que nesse cen\u00e1rio de retrocessos as mulheres s\u00e3o as mais prejudicadas.\u00a0As mulheres precisam se unir e mostrar toda a sua for\u00e7a em busca de uma sociedade mais justa, igualit\u00e1ria e livre de viol\u00eancia\u201d, finalizou a secretaria da Mulher da Contraf-CUT.<\/p>\n<\/div>\n<p id=\"page-author\"><span style=\"text-decoration: underline;\"><em><strong>Fonte: Contraf-CUT<\/strong><\/em><\/span><\/p>\n","protected":false},"excerpt":{"rendered":"<p>O dia 8 de mar\u00e7o, Dia Internacional da Mulher, foi marcado por diversas manifesta\u00e7\u00f5es por todo o mundo. O movimento feminista ocupou as ruas das principais capitais para protestar em defesa da democracia e pelos direitos das mulheres. No Brasil, as reivindica\u00e7\u00f5es tamb\u00e9m foram contra a amea\u00e7a aos direitos j\u00e1 conquistados e ao fim do [&hellip;]<\/p>\n","protected":false},"author":2,"featured_media":3964,"comment_status":"","ping_status":"","sticky":false,"template":"","format":"standard","meta":{"footnotes":""},"categories":[3],"tags":[],"class_list":["post-3965","post","type-post","status-publish","format-standard","has-post-thumbnail","hentry","category-noticias"],"_links":{"self":[{"href":"https:\/\/hostnetart.com.br\/baixada\/wp-json\/wp\/v2\/posts\/3965","targetHints":{"allow":["GET"]}}],"collection":[{"href":"https:\/\/hostnetart.com.br\/baixada\/wp-json\/wp\/v2\/posts"}],"about":[{"href":"https:\/\/hostnetart.com.br\/baixada\/wp-json\/wp\/v2\/types\/post"}],"author":[{"embeddable":true,"href":"https:\/\/hostnetart.com.br\/baixada\/wp-json\/wp\/v2\/users\/2"}],"replies":[{"embeddable":true,"href":"https:\/\/hostnetart.com.br\/baixada\/wp-json\/wp\/v2\/comments?post=3965"}],"version-history":[{"count":0,"href":"https:\/\/hostnetart.com.br\/baixada\/wp-json\/wp\/v2\/posts\/3965\/revisions"}],"wp:featuredmedia":[{"embeddable":true,"href":"https:\/\/hostnetart.com.br\/baixada\/wp-json\/wp\/v2\/media\/3964"}],"wp:attachment":[{"href":"https:\/\/hostnetart.com.br\/baixada\/wp-json\/wp\/v2\/media?parent=3965"}],"wp:term":[{"taxonomy":"category","embeddable":true,"href":"https:\/\/hostnetart.com.br\/baixada\/wp-json\/wp\/v2\/categories?post=3965"},{"taxonomy":"post_tag","embeddable":true,"href":"https:\/\/hostnetart.com.br\/baixada\/wp-json\/wp\/v2\/tags?post=3965"}],"curies":[{"name":"wp","href":"https:\/\/api.w.org\/{rel}","templated":true}]}}