{"id":3959,"date":"2018-03-08T16:03:24","date_gmt":"2018-03-08T19:03:24","guid":{"rendered":"https:\/\/hostnetart.com.br\/baixada\/mulheres-ocupam-jornal-o-globo-em-defesa-da-democracia\/"},"modified":"2018-03-08T16:03:24","modified_gmt":"2018-03-08T19:03:24","slug":"mulheres-ocupam-jornal-o-globo-em-defesa-da-democracia","status":"publish","type":"post","link":"https:\/\/hostnetart.com.br\/baixada\/mulheres-ocupam-jornal-o-globo-em-defesa-da-democracia\/","title":{"rendered":"Mulheres ocupam jornal O Globo em defesa da democracia"},"content":{"rendered":"<div class=\"content\">\n<p>Neste 8 de mar\u00e7o, 800 mulheres de diversos movimentos populares ocuparam o parque gr\u00e1fico do jornal impresso no Rio de Janeiro, que pertence ao grupo Globo Comunica\u00e7\u00e3o. O objetivo da a\u00e7\u00e3o, iniciada \u00e0s 5h30 da manh\u00e3, \u00e9 denunciar a atua\u00e7\u00e3o decisiva da empresa sobre a instabilidade pol\u00edtica brasileira. Elas destacam a articula\u00e7\u00e3o da Globo no processo do golpe, desde o impedimento da presidenta Dilma em 2016 at\u00e9 persegui\u00e7\u00e3o ao presidente Lula, para inviabiliza-lo como candidato em uma elei\u00e7\u00e3o democr\u00e1tica.<\/p>\n<p>Participaram mulheres do MST, do Levante Popular da Juventude, do Movimento dos Atingidos por Barragens e do Movimento dos Pequenos Agricultores, al\u00e9m de moradoras de comunidades da cidade. \u201cA Globo promove os golpes em pr\u00f3 de seus interesses empresariais, n\u00e3o interessa as consequ\u00eancias para o pa\u00eds. Por isso ela \u00e9 criminosa. Ela n\u00e3o \u00e9 inimiga s\u00f3 dos trabalhadores, ela \u00e9 inimiga de toda a na\u00e7\u00e3o\u201d, afirmou Ana Carolina Silva, do Levante Popular da Juventude.<\/p>\n<p><strong>Interven\u00e7\u00e3o contra os direitos<\/strong><br \/> As mulheres tamb\u00e9m deram visibilidade ao car\u00e1ter pol\u00edtico e contr\u00e1rio aos direitos do povo da interven\u00e7\u00e3o militar no Rio de Janeiro. Com o mote \u201cA Globo promove interven\u00e7\u00e3o para dar golpe na elei\u00e7\u00e3o\u201d elas lembram que o pr\u00f3prio golpista Michel Temer declarou que vai suspender o decreto caso tenha maioria na C\u00e2mara e no Senado para votar a reforma da Previd\u00eancia.<\/p>\n<p>Para Maria Gomes de Oliveira, da Dire\u00e7\u00e3o do MST, se trata de uma quest\u00e3o eleitoral e de um processo de coa\u00e7\u00e3o social. \u201cA Globo e os articuladores desse processo abordam a interven\u00e7\u00e3o militar no Rio de Janeiro como medida de seguran\u00e7a. Ao mesmo tempo em que ela promove o medo para manter a classe trabalhadora calada, Temer e aliados se aproveitam de um anseio da sociedade para esconder sua estrat\u00e9gia eleitoral\u201d, explica.<\/p>\n<p>A dirigente ressalta ainda que a empresa tem interesses econ\u00f4micos na Reforma da Previd\u00eancia. \u201cA globo opera ativamente na pol\u00edtica para manter seus lucros e o monop\u00f3lio sobre a mente das pessoas. No caso da previd\u00eancia, ela est\u00e1 diretamente ligada \u00e0 Mapfre Seguros, uma empresa que presta servi\u00e7os de previd\u00eancia privada\u201d. Para ela, o momento caracteriza um desvio de fun\u00e7\u00e3o das For\u00e7as Armadas. \u201cTanques e soldados armados com fuzil n\u00e3o resolvem a viol\u00eancia. Os militares deviam cuidar de proteger nossa soberania, inclusive as riquezas como o petr\u00f3leo, a \u00e1gua, as terras, que o golpista est\u00e1 entregando numa bandeja para o capital internacional\u201d, afirma.<\/p>\n<p>Ana Paula Silva destaca que a taxa de desemprego beira a 12% e, assim com o desmonte de servi\u00e7os b\u00e1sicos de educa\u00e7\u00e3o e sa\u00fade, s\u00e3o fatores que contribuem para o aumento da viol\u00eancia. \u201cO crime se combate com o desenvolvimento de uma pol\u00edtica de seguran\u00e7a e n\u00e3o com interven\u00e7\u00e3o militar. Sabemos que o caminho \u00e9 crescimento econ\u00f4mico e pol\u00edticas p\u00fablicas para o povo, mas para garantir isso precisamos retomar a democracia que perdemos com o golpe. Garantir elei\u00e7\u00f5es sem fraude \u00e9 central para barrar os ataques aos direitos dos brasileiros\u201d, garante a militante.<\/p>\n<p><strong>Decad\u00eancia<\/strong><br \/> O parque gr\u00e1fico ocupado \u00e9 o maior da Am\u00e9rica Latina. Sua constru\u00e7\u00e3o foi, em parte, financiada pelo BNDES, com o montante de R$ 217 milh\u00f5es, em valores atuais. Ele foi projetado para a impress\u00e3o de 800 mil jornais di\u00e1rios, mas a m\u00e9dia de produ\u00e7\u00e3o do O Globo em 2017 n\u00e3o passa de 130 mil exemplares\/dia, segundo dados do Instituto Verificador de Circula\u00e7\u00e3o (IVC). Ou seja, n\u00e3o utiliza nem 50% da capacidade produtiva.<\/p>\n<p>\u201cEste lugar \u00e9 um elefante branco a servi\u00e7o da desinforma\u00e7\u00e3o. Com tanto recurso p\u00fablico investido, deveriam ao menos se dignar a fazer um jornalismo de qualidade. N\u00e3o \u00e9 \u00e0 toa que o jornal est\u00e1 em decad\u00eancia. As trabalhadoras n\u00e3o engolem mais as mentiras e manipula\u00e7\u00f5es da Globo\u201d, afirmou.<\/p>\n<p>A a\u00e7\u00e3o faz parte da Jornada Nacional de Luta das Mulheres Sem Terra, que tem por lema a c\u00e9lebre frase de Rosa Luxemburgo \u201cQuem n\u00e3o se movimenta, n\u00e3o sente as cadeias que a prendem\u201d.<\/p>\n<\/div>\n<p id=\"page-author\"><span style=\"text-decoration: underline;\"><em><strong>Fonte: MST<\/strong><\/em><\/span><\/p>\n","protected":false},"excerpt":{"rendered":"<p>Neste 8 de mar\u00e7o, 800 mulheres de diversos movimentos populares ocuparam o parque gr\u00e1fico do jornal impresso no Rio de Janeiro, que pertence ao grupo Globo Comunica\u00e7\u00e3o. O objetivo da a\u00e7\u00e3o, iniciada \u00e0s 5h30 da manh\u00e3, \u00e9 denunciar a atua\u00e7\u00e3o decisiva da empresa sobre a instabilidade pol\u00edtica brasileira. Elas destacam a articula\u00e7\u00e3o da Globo no [&hellip;]<\/p>\n","protected":false},"author":2,"featured_media":3958,"comment_status":"","ping_status":"","sticky":false,"template":"","format":"standard","meta":{"footnotes":""},"categories":[3],"tags":[],"class_list":["post-3959","post","type-post","status-publish","format-standard","has-post-thumbnail","hentry","category-noticias"],"_links":{"self":[{"href":"https:\/\/hostnetart.com.br\/baixada\/wp-json\/wp\/v2\/posts\/3959","targetHints":{"allow":["GET"]}}],"collection":[{"href":"https:\/\/hostnetart.com.br\/baixada\/wp-json\/wp\/v2\/posts"}],"about":[{"href":"https:\/\/hostnetart.com.br\/baixada\/wp-json\/wp\/v2\/types\/post"}],"author":[{"embeddable":true,"href":"https:\/\/hostnetart.com.br\/baixada\/wp-json\/wp\/v2\/users\/2"}],"replies":[{"embeddable":true,"href":"https:\/\/hostnetart.com.br\/baixada\/wp-json\/wp\/v2\/comments?post=3959"}],"version-history":[{"count":0,"href":"https:\/\/hostnetart.com.br\/baixada\/wp-json\/wp\/v2\/posts\/3959\/revisions"}],"wp:featuredmedia":[{"embeddable":true,"href":"https:\/\/hostnetart.com.br\/baixada\/wp-json\/wp\/v2\/media\/3958"}],"wp:attachment":[{"href":"https:\/\/hostnetart.com.br\/baixada\/wp-json\/wp\/v2\/media?parent=3959"}],"wp:term":[{"taxonomy":"category","embeddable":true,"href":"https:\/\/hostnetart.com.br\/baixada\/wp-json\/wp\/v2\/categories?post=3959"},{"taxonomy":"post_tag","embeddable":true,"href":"https:\/\/hostnetart.com.br\/baixada\/wp-json\/wp\/v2\/tags?post=3959"}],"curies":[{"name":"wp","href":"https:\/\/api.w.org\/{rel}","templated":true}]}}