{"id":3955,"date":"2018-03-08T16:01:12","date_gmt":"2018-03-08T19:01:12","guid":{"rendered":"https:\/\/hostnetart.com.br\/baixada\/numero-de-crimes-contra-lesbicas-no-brasil-aumenta-a-cada-ano\/"},"modified":"2018-03-08T16:01:12","modified_gmt":"2018-03-08T19:01:12","slug":"numero-de-crimes-contra-lesbicas-no-brasil-aumenta-a-cada-ano","status":"publish","type":"post","link":"https:\/\/hostnetart.com.br\/baixada\/numero-de-crimes-contra-lesbicas-no-brasil-aumenta-a-cada-ano\/","title":{"rendered":"N\u00famero de crimes contra l\u00e9sbicas no Brasil aumenta a cada ano"},"content":{"rendered":"<div class=\"content\">\n<p>O n\u00famero de crimes de \u00f3dio praticados contra l\u00e9sbicas em todo o Brasil aumenta a cada ano. De acordo com o N\u00facleo de Inclus\u00e3o Social da UFRJ, divulgado nesta quarta-feira (7), s\u00f3 nos dois primeiros meses de 2018, j\u00e1 foram registradas 26 mortes por lesboc\u00eddio. Por n\u00e3o haver dados oficiais, os crimes s\u00e3o coletados na m\u00eddia e nas redes sociais, o que acaba gerando subnotifica\u00e7\u00e3o.<\/p>\n<p>Segundo a pesquisa, 83% dos crimes contra l\u00e9sbicas s\u00e3o cometidos por homens que n\u00e3o necessariamente possuem algum tipo de parentesco com a v\u00edtima, mas que t\u00eam algum tipo de\u00a0avers\u00e3o a l\u00e9sbicas em geral \u2013 ou seja, lesbofobia.<\/p>\n<p>Os crimes praticados contra l\u00e9sbicas tamb\u00e9m s\u00e3o diferentes dos casos de homofobia praticados contra outros grupos, porque a condi\u00e7\u00e3o das l\u00e9sbicas \u00e9 espec\u00edfica. Os demais grupos tamb\u00e9m s\u00e3o atacados por n\u00e3o estarem em conformidade com a sociedade, mas as l\u00e9sbicas ainda sofrem com a carga do machismo. A classifica\u00e7\u00e3o espec\u00edfica desse tipo de crime \u00e9 fundamental para que ele possa ser combatido por meio de pol\u00edticas p\u00fablicas.<\/p>\n<p>Para a secretaria da Mulher da Contraf-CUT, Elaine Cutis, a mulher precisa ser respeitada na sociedade. \u201cN\u00f3s, mulheres, temos o direito de ser e gostar de quem a gente quiser. A mulher j\u00e1 enfrenta muita discrimina\u00e7\u00e3o apenas pelo fato de ser mulher e a l\u00e9sbica ainda sofre o preconceito. Precisamos lutar contra o machismo.\u201d<\/p>\n<\/div>\n<p id=\"page-author\"><strong>Fonte: Contraf-CUT<\/strong><\/p>\n","protected":false},"excerpt":{"rendered":"<p>O n\u00famero de crimes de \u00f3dio praticados contra l\u00e9sbicas em todo o Brasil aumenta a cada ano. De acordo com o N\u00facleo de Inclus\u00e3o Social da UFRJ, divulgado nesta quarta-feira (7), s\u00f3 nos dois primeiros meses de 2018, j\u00e1 foram registradas 26 mortes por lesboc\u00eddio. Por n\u00e3o haver dados oficiais, os crimes s\u00e3o coletados na [&hellip;]<\/p>\n","protected":false},"author":2,"featured_media":3954,"comment_status":"","ping_status":"","sticky":false,"template":"","format":"standard","meta":{"footnotes":""},"categories":[3],"tags":[],"class_list":["post-3955","post","type-post","status-publish","format-standard","has-post-thumbnail","hentry","category-noticias"],"_links":{"self":[{"href":"https:\/\/hostnetart.com.br\/baixada\/wp-json\/wp\/v2\/posts\/3955","targetHints":{"allow":["GET"]}}],"collection":[{"href":"https:\/\/hostnetart.com.br\/baixada\/wp-json\/wp\/v2\/posts"}],"about":[{"href":"https:\/\/hostnetart.com.br\/baixada\/wp-json\/wp\/v2\/types\/post"}],"author":[{"embeddable":true,"href":"https:\/\/hostnetart.com.br\/baixada\/wp-json\/wp\/v2\/users\/2"}],"replies":[{"embeddable":true,"href":"https:\/\/hostnetart.com.br\/baixada\/wp-json\/wp\/v2\/comments?post=3955"}],"version-history":[{"count":0,"href":"https:\/\/hostnetart.com.br\/baixada\/wp-json\/wp\/v2\/posts\/3955\/revisions"}],"wp:featuredmedia":[{"embeddable":true,"href":"https:\/\/hostnetart.com.br\/baixada\/wp-json\/wp\/v2\/media\/3954"}],"wp:attachment":[{"href":"https:\/\/hostnetart.com.br\/baixada\/wp-json\/wp\/v2\/media?parent=3955"}],"wp:term":[{"taxonomy":"category","embeddable":true,"href":"https:\/\/hostnetart.com.br\/baixada\/wp-json\/wp\/v2\/categories?post=3955"},{"taxonomy":"post_tag","embeddable":true,"href":"https:\/\/hostnetart.com.br\/baixada\/wp-json\/wp\/v2\/tags?post=3955"}],"curies":[{"name":"wp","href":"https:\/\/api.w.org\/{rel}","templated":true}]}}