{"id":3953,"date":"2018-03-08T15:59:10","date_gmt":"2018-03-08T18:59:10","guid":{"rendered":"https:\/\/hostnetart.com.br\/baixada\/8-de-marco-dia-internacional-da-mulher\/"},"modified":"2018-03-08T15:59:10","modified_gmt":"2018-03-08T18:59:10","slug":"8-de-marco-dia-internacional-da-mulher","status":"publish","type":"post","link":"https:\/\/hostnetart.com.br\/baixada\/8-de-marco-dia-internacional-da-mulher\/","title":{"rendered":"8 de mar\u00e7o: Dia Internacional da Mulher"},"content":{"rendered":"<div class=\"content\">\n<p>No dia 8 de mar\u00e7o, as mulheres s\u00e3o lembradas pela sua for\u00e7a, coragem e capacidade de luta. Desde o s\u00e9culo XIX, elas buscam por mais respeito, mais dignidade e igualdade de oportunidade. Muitos direitos j\u00e1 foram conquistados, por\u00e9m, ainda h\u00e1 muitos a serem reivindicados. Nesse meio tempo, as mulheres ainda t\u00eam de lutar contra os retrocessos, promovidos pelo governo atual, para que n\u00e3o retirem os direitos conquistados durante toda a trajet\u00f3ria de luta.<\/p>\n<p>\u201cAs mulheres, em sua luta hist\u00f3rica, j\u00e1 obtiveram muitos avan\u00e7os, conquistaram direitos. Mas, nunca podemos parar de lutar, ainda mais na atual conjuntura do nosso pa\u00eds. Temos o dever de honrar as batalhas realizadas por tantas mulheres no passado para manter os direitos que elas conquistaram e ir al\u00e9m na conquista de novos direitos. Iremos \u00e0s ruas hoje em todo pa\u00eds e no mundo por igualdade, contra o feminic\u00eddio e a viol\u00eancia contra a mulher, por direitos, sal\u00e1rios iguais e pela democracia. \u00c9 isso o que queremos lembrar neste 8 de Mar\u00e7o, \u00e9 isso o que precisamos lembrar por toda nossa vida, enquanto vivermos em uma sociedade patriarcal e machista\u201d, afirmou Juvandia Moreira, vice-presidenta da Confedera\u00e7\u00e3o Nacional dos Trabalhadores do Ramo Financeiro (Contraf-CUT).<\/p>\n<p><strong>Direito ao voto<\/strong><\/p>\n<p>A luta di\u00e1ria que deve ser realizada pelas mulheres em nossa sociedade pode ser facilmente observada quando vemos que, mesmo ap\u00f3s conquistar legalmente diversos direitos, muitos deles continuam n\u00e3o sendo cumpridos, caem no esquecimento, ou simplesmente n\u00e3o s\u00e3o efetivados.<\/p>\n<p>Um exemplo \u00e9 o direito ao voto. Em 1932, as mulheres conquistaram o direito votar e passaram a ocupar maior espa\u00e7o no eleitorado do pa\u00eds. Por\u00e9m, mesmo com esse direito, at\u00e9 hoje, a mulher \u00e9 sub-representada no Congresso Nacional. De acordo com o Tribunal Superior Eleitoral (TSE), as mulheres ocupam apenas 10% dos cargos de representa\u00e7\u00e3o na C\u00e2mara dos Deputados e 14% no Senado. O percentual \u00e9 semelhante nas Assembleias Legislativas Estaduais e at\u00e9 menor nas C\u00e2maras de Vereadores e no Poder Executivo.<\/p>\n<p>Para Elaine Cutis, secretaria da Mulher da Contraf-CUT, a pouca participa\u00e7\u00e3o feminina na pol\u00edtica impede com que os direitos das mulheres sejam garantidos. \u201c\u00c9 preocupante ver que, depois de tanta luta, em pleno 2018, a representa\u00e7\u00e3o pol\u00edtica das mulheres \u00e9 t\u00e3o pequena\u201d, observou.<\/p>\n<p><strong>Amea\u00e7a aos direitos conquistados<\/strong><br \/> Dentre todos os retrocessos, promovidos pelo governo Temer, a reforma trabalhista, que entrou em vigor em novembro de 2017, \u00e9 a que mais amea\u00e7a e retira de direitos das mulheres. Com as novas regras, gestantes e lactantes podem trabalhar em local com baixa e m\u00e9dia insalubridade.<\/p>\n<p><strong>Viol\u00eancia contra a mulher<\/strong><br \/> A Lei Maria da Penha foi sancionada em 2006 com o objetivo de punir com mais rigor os agressores contra a mulher no \u00e2mbito dom\u00e9stico e familiar. Com a aprova\u00e7\u00e3o da lei, o feminic\u00eddio tamb\u00e9m passou a constar no C\u00f3digo Penal como crime.<\/p>\n<p>A cria\u00e7\u00e3o da lei foi uma grande conquista para o movimento feminista, mas ainda \u00e9 alto o n\u00famero de feminic\u00eddios no Brasil. De acordo com os dados dos Minist\u00e9rios P\u00fablicos Estaduais, o Brasil registrou ao menos oito casos de feminic\u00eddio por dia, entre mar\u00e7o de 2016 e mar\u00e7o de 2017. No total, s\u00e3o 2.925 casos no pa\u00eds, o que mostra um aumento de 8,8% em rela\u00e7\u00e3o ao ano anterior.<\/p>\n<p><strong>Desigualdade de Oportunidade<\/strong><br \/> A desigualdade de oportunidades no ambiente de trabalho prejudica cruelmente as mulheres. No setor banc\u00e1rio, por exemplo, a diferencia\u00e7\u00e3o de g\u00eanero pode ser vista pelos cargos e sal\u00e1rios. Segundo a pesquisa, realizada pelo Cadastro Geral de Empregados e Desempregados (CAGED) e divulgada pelo Minist\u00e9rio do Trabalho, na sexta-feira (2\/3), as 1.283 mulheres admitidas nos bancos em janeiro de 2018 receberam, em m\u00e9dia, R$ 3.116,41. Esse valor corresponde a 71,8% da remunera\u00e7\u00e3o m\u00e9dia auferida pelos 1.316 homens contratados no per\u00edodo. Constata-se a diferen\u00e7a de remunera\u00e7\u00e3o entre homens e mulheres tamb\u00e9m nos desligamentos. As 991 mulheres desligadas dos bancos recebiam, em m\u00e9dia, R$ 5.649,80, o que representou 76,3% da remunera\u00e7\u00e3o m\u00e9dia dos 956 homens desligados dos bancos no per\u00edodo.<\/p>\n<p>\u201cTemos uma mesa de negocia\u00e7\u00e3o permanente para tratar com a Fenaban (Federa\u00e7\u00e3o Nacional dos Bancos) sobre a quest\u00e3o de igualdade de oportunidades na categoria. Os Censos da Diversidade apontam uma grande desigualdade de g\u00eanero na categoria. Por isso, esse \u00e9 um dos temas mais debatidos nesta mesa\u201d, afirmou a secret\u00e1ria da Mulher da Contraf-CUT.<\/p>\n<p>A categoria banc\u00e1ria sempre teve papel importante nesta luta, tanto que foi a primeira a conquistar uma cl\u00e1usula de igualdade de oportunidades na sua Conven\u00e7\u00e3o Coletiva de Trabalho e \u00e9 citada como exemplo pela Organiza\u00e7\u00e3o Internacional do Trabalho (OIT) por esta conquista.<\/p>\n<p>Diante de tantas amea\u00e7as aos seus direitos, as banc\u00e1rias se somam \u00e0 Jornada de Lutas em Defesa da Democracia e Direitos, lan\u00e7ada no dia 24 de fevereiro, reafirmando seu compromisso de luta contra os retrocessos e por uma sociedade justa e igualit\u00e1ria.<\/p>\n<\/div>\n<p id=\"page-author\"><span style=\"text-decoration: underline;\"><em><strong>Fonte: Contraf-CUT<\/strong><\/em><\/span><\/p>\n","protected":false},"excerpt":{"rendered":"<p>No dia 8 de mar\u00e7o, as mulheres s\u00e3o lembradas pela sua for\u00e7a, coragem e capacidade de luta. Desde o s\u00e9culo XIX, elas buscam por mais respeito, mais dignidade e igualdade de oportunidade. Muitos direitos j\u00e1 foram conquistados, por\u00e9m, ainda h\u00e1 muitos a serem reivindicados. Nesse meio tempo, as mulheres ainda t\u00eam de lutar contra os [&hellip;]<\/p>\n","protected":false},"author":2,"featured_media":3952,"comment_status":"","ping_status":"","sticky":false,"template":"","format":"standard","meta":{"footnotes":""},"categories":[3],"tags":[],"class_list":["post-3953","post","type-post","status-publish","format-standard","has-post-thumbnail","hentry","category-noticias"],"_links":{"self":[{"href":"https:\/\/hostnetart.com.br\/baixada\/wp-json\/wp\/v2\/posts\/3953","targetHints":{"allow":["GET"]}}],"collection":[{"href":"https:\/\/hostnetart.com.br\/baixada\/wp-json\/wp\/v2\/posts"}],"about":[{"href":"https:\/\/hostnetart.com.br\/baixada\/wp-json\/wp\/v2\/types\/post"}],"author":[{"embeddable":true,"href":"https:\/\/hostnetart.com.br\/baixada\/wp-json\/wp\/v2\/users\/2"}],"replies":[{"embeddable":true,"href":"https:\/\/hostnetart.com.br\/baixada\/wp-json\/wp\/v2\/comments?post=3953"}],"version-history":[{"count":0,"href":"https:\/\/hostnetart.com.br\/baixada\/wp-json\/wp\/v2\/posts\/3953\/revisions"}],"wp:featuredmedia":[{"embeddable":true,"href":"https:\/\/hostnetart.com.br\/baixada\/wp-json\/wp\/v2\/media\/3952"}],"wp:attachment":[{"href":"https:\/\/hostnetart.com.br\/baixada\/wp-json\/wp\/v2\/media?parent=3953"}],"wp:term":[{"taxonomy":"category","embeddable":true,"href":"https:\/\/hostnetart.com.br\/baixada\/wp-json\/wp\/v2\/categories?post=3953"},{"taxonomy":"post_tag","embeddable":true,"href":"https:\/\/hostnetart.com.br\/baixada\/wp-json\/wp\/v2\/tags?post=3953"}],"curies":[{"name":"wp","href":"https:\/\/api.w.org\/{rel}","templated":true}]}}