{"id":3949,"date":"2018-03-07T18:07:35","date_gmt":"2018-03-07T21:07:35","guid":{"rendered":"https:\/\/hostnetart.com.br\/baixada\/com-medo-da-reforma-trabalhadores-correm-para-se-aposentar\/"},"modified":"2018-03-07T18:07:35","modified_gmt":"2018-03-07T21:07:35","slug":"com-medo-da-reforma-trabalhadores-correm-para-se-aposentar","status":"publish","type":"post","link":"https:\/\/hostnetart.com.br\/baixada\/com-medo-da-reforma-trabalhadores-correm-para-se-aposentar\/","title":{"rendered":"Com medo da reforma, trabalhadores correm para se aposentar"},"content":{"rendered":"<div class=\"content\">\n<p>Os trabalhadores e trabalhadoras, preocupados com a reforma da Previd\u00eancia proposta pelo golpista e ileg\u00edtimo Michel Temer (MDB-SP), que pode acabar com a aposentadoria de milh\u00f5es de brasileiros, est\u00e3o correndo para se aposentar, mesmo que isso cause perdas nos valores do benef\u00edcio a receber.<\/p>\n<p>\u201c\u00c9 interessante verificar que os trabalhadores, al\u00e9m de lutarem contra a reforma previdenci\u00e1ria, v\u00e3o buscando suas formas de se proteger. Infelizmente fazem isso abrindo m\u00e3o de uma aposentadoria melhor e de ter condi\u00e7\u00f5es de uma velhice digna\u201d, diz Jandyra Uehara, secret\u00e1ria de Pol\u00edticas Sociais e Direitos Humanos da CUT.<\/p>\n<p>No ano passado, a idade m\u00e9dia das mulheres trabalhadoras que se aposentaram baixou de 53,25 para 52,8 anos. Entre os homens, a idade passou de 55,82 para 55,57 anos. Essa queda n\u00e3o acontecia h\u00e1 pelo menos dez anos, segundo dados da Secretaria da Previd\u00eancia.<\/p>\n<p>Os resultados interromperam uma tend\u00eancia longa, embora gradual, de aumentos na idade m\u00e9dia de concess\u00e3o das aposentadorias. A \u00faltima vez em que houve queda foi em 2008, entre homens, e em 2005, entre mulheres. Do total de 1,4 milh\u00e3o de aposentadorias concedidas no ano passado, 470 mil foram por tempo de contribui\u00e7\u00e3o.<\/p>\n<p>Para o secret\u00e1rio de Organiza\u00e7\u00e3o e Pol\u00edtica Social da CUT, Ari Aloraldo do Nascimento, isso confirma o que a CUT vem afirmando sobre a reforma de Temer: \u201c\u00c9 um processo claro de terror, de press\u00e3o da m\u00eddia pela reforma, o que faz as pessoas se aposentarem mesmo tendo direito a um benef\u00edcio menor do que o que teriam direito se esperassem um pouco mais\u201d.<\/p>\n<p>Essa corrida ao INSS \u00e9 que vai provocar um rombo nas contas da Previd\u00eancia, diz Ari, que explica: \u201cquanto mais pessoas entrarem com pedidos de aposentaria, menor ser\u00e1 o volume de contribui\u00e7\u00f5es\u201d. \u00a0<\/p>\n<p>Mas mostra tamb\u00e9m, acrescenta Jandyra, que a classe trabalhadora est\u00e1 muito atenta \u00e0 movimenta\u00e7\u00e3o desse Congresso conservador, dos golpistas e do mercado, que querem promover cada vez mais a retirada dos direitos.<\/p>\n<p>Juvandia Moreira, vice-presidenta da Contraf (Confedera\u00e7\u00e3o Nacional dos Trabalhadores do Ramo Financeiro da CUT), refor\u00e7a a avalia\u00e7\u00e3o de Jandyra de que o fato de estarmos vivendo sob o regime de um governo golpista, leva os trabalhadores e trabalhadoras a se aposentarem mais cedo porque ningu\u00e9m confia neste governo.<\/p>\n<p>\u201cOs golpistas mudaram as rela\u00e7\u00f5es sociais e de trabalho. N\u00e3o h\u00e1 di\u00e1logo com os representantes dos trabalhadores, causando um enorme preju\u00edzo \u00e0 maioria da popula\u00e7\u00e3o\u201d.<\/p>\n<p><strong>Reforma adiada<\/strong><br \/>Por falta de apoio no Congresso Nacional e por causa da interven\u00e7\u00e3o federal na seguran\u00e7a do Rio de Janeiro, a reforma da Previd\u00eancia foi engavetada, por enquanto, pelo golpista e ileg\u00edtimo Temer. Mas os trabalhadores brasileiros temem que volte a ser apresentada.<\/p>\n<p>\u201cAs pessoas acabam buscando seu direito \u00e0 aposentadoria porque temem que o governo golpista consiga acabar com esse direito\u201d, diz Jandyra, que critica ainda \u201co efeito de um terrorismo midi\u00e1tico, de um debate totalmente contr\u00e1rio aos interesses dos trabalhadores, o que leva justamente ao efeito inverso\u201d.<\/p>\n<p><strong>Dirigentes defendem mobiliza\u00e7\u00e3o de sindicatos e movimentos sociais<\/strong><br \/>Para dirigentes sindicais, a sa\u00edda \u00e9 intensificar a mobiliza\u00e7\u00e3o de trabalhadores e trabalhadoras junto ao Congresso Nacional e nas ruas. \u201cDevemos aproveitar o per\u00edodo de renova\u00e7\u00e3o no Congresso para pressionar os parlamentares em seus redutos, para que se posicionem de fato contra a reforma, al\u00e9m de mobilizar os sindicatos e movimentos sociais para que dialoguem ainda mais com suas bases esclarecendo a import\u00e2ncia dessa mobiliza\u00e7\u00e3o\u201d, defende Ari Aloraldo.<\/p>\n<p>Para Juvandia, o caminho \u00e9 a luta. \u00c9 o trabalhador fortalecer seu sindicato, sua entidade organizativa e atender aos chamados para que n\u00e3o haja solu\u00e7\u00e3o individual e sim coletiva, para que todos n\u00e3o sejam prejudicados.<\/p>\n<p>\u201cS\u00f3 conseguimos barrar a reforma at\u00e9 agora porque a popula\u00e7\u00e3o atendeu ao chamado dos sindicatos. A solu\u00e7\u00e3o \u00e9 a luta coletiva porque depois das elei\u00e7\u00f5es v\u00e3o querer colocar a reforma da Previd\u00eancia novamente em pauta\u201d, diz.<\/p>\n<p>Uma campanha forte de mobiliza\u00e7\u00e3o \u00e9 o caminho para impedir que a reforma entre na pauta de vota\u00e7\u00e3o do Congresso novamente ap\u00f3s as elei\u00e7\u00f5es de outubro, \u00e9 o que defende o metal\u00fargico e secret\u00e1rio geral da CUT S\u00e3o Paulo, Jo\u00e3o Cayres. Segundo ele, \u201cquem perder as elei\u00e7\u00f5es n\u00e3o tem compromisso, e quem ganhar ter\u00e1 quatro anos pela frente para fazer o povo esquecer como esse parlamentar votou\u201d.<\/p>\n<p><strong>Como \u00e9 a regra hoje<\/strong><br \/>Pela regra atual, o fator previdenci\u00e1rio reduz o valor do benef\u00edcio quanto mais novo \u00e9 o trabalhador. Para conseguir 100% do sal\u00e1rio de contribui\u00e7\u00e3o \u00e9 preciso estar dentro da regra conhecida como 85\/95, que \u00e9 a soma do tempo de contribui\u00e7\u00e3o mais a idade da pessoa.<\/p>\n<p>Hoje, uma mulher com 31 anos de contribui\u00e7\u00e3o e 54 anos de idade, por exemplo, pode se aposentar por tempo de contribui\u00e7\u00e3o e receber o benef\u00edcio integral.<\/p>\n<p>J\u00e1 uma mulher com 29 anos de tempo de contribui\u00e7\u00e3o e 56 anos de idade tamb\u00e9m soma 85, mas n\u00e3o pode se aposentar por tempo de contribui\u00e7\u00e3o, pois n\u00e3o tem o tempo m\u00ednimo de contribui\u00e7\u00e3o para mulheres, que s\u00e3o 30 anos.<\/p>\n<p>No caso dos homens, a conta \u00e9 a mesma, s\u00f3 que ao inv\u00e9s de 30 anos de contribui\u00e7\u00e3o s\u00e3o 35 anos e a soma com a idade tem de dar 95.<\/p>\n<\/div>\n<p id=\"page-author\"><span style=\"text-decoration: underline;\"><em><strong>Fonte: CUT Nacional<\/strong><\/em><\/span><\/p>\n","protected":false},"excerpt":{"rendered":"<p>Os trabalhadores e trabalhadoras, preocupados com a reforma da Previd\u00eancia proposta pelo golpista e ileg\u00edtimo Michel Temer (MDB-SP), que pode acabar com a aposentadoria de milh\u00f5es de brasileiros, est\u00e3o correndo para se aposentar, mesmo que isso cause perdas nos valores do benef\u00edcio a receber. \u201c\u00c9 interessante verificar que os trabalhadores, al\u00e9m de lutarem contra a [&hellip;]<\/p>\n","protected":false},"author":2,"featured_media":3948,"comment_status":"","ping_status":"","sticky":false,"template":"","format":"standard","meta":{"footnotes":""},"categories":[3],"tags":[],"class_list":["post-3949","post","type-post","status-publish","format-standard","has-post-thumbnail","hentry","category-noticias"],"_links":{"self":[{"href":"https:\/\/hostnetart.com.br\/baixada\/wp-json\/wp\/v2\/posts\/3949","targetHints":{"allow":["GET"]}}],"collection":[{"href":"https:\/\/hostnetart.com.br\/baixada\/wp-json\/wp\/v2\/posts"}],"about":[{"href":"https:\/\/hostnetart.com.br\/baixada\/wp-json\/wp\/v2\/types\/post"}],"author":[{"embeddable":true,"href":"https:\/\/hostnetart.com.br\/baixada\/wp-json\/wp\/v2\/users\/2"}],"replies":[{"embeddable":true,"href":"https:\/\/hostnetart.com.br\/baixada\/wp-json\/wp\/v2\/comments?post=3949"}],"version-history":[{"count":0,"href":"https:\/\/hostnetart.com.br\/baixada\/wp-json\/wp\/v2\/posts\/3949\/revisions"}],"wp:featuredmedia":[{"embeddable":true,"href":"https:\/\/hostnetart.com.br\/baixada\/wp-json\/wp\/v2\/media\/3948"}],"wp:attachment":[{"href":"https:\/\/hostnetart.com.br\/baixada\/wp-json\/wp\/v2\/media?parent=3949"}],"wp:term":[{"taxonomy":"category","embeddable":true,"href":"https:\/\/hostnetart.com.br\/baixada\/wp-json\/wp\/v2\/categories?post=3949"},{"taxonomy":"post_tag","embeddable":true,"href":"https:\/\/hostnetart.com.br\/baixada\/wp-json\/wp\/v2\/tags?post=3949"}],"curies":[{"name":"wp","href":"https:\/\/api.w.org\/{rel}","templated":true}]}}