{"id":3947,"date":"2018-03-07T17:35:31","date_gmt":"2018-03-07T20:35:31","guid":{"rendered":"https:\/\/hostnetart.com.br\/baixada\/o-dia-da-mulher-nao-e-homenagem-bonitinha\/"},"modified":"2018-03-07T17:35:31","modified_gmt":"2018-03-07T20:35:31","slug":"o-dia-da-mulher-nao-e-homenagem-bonitinha","status":"publish","type":"post","link":"https:\/\/hostnetart.com.br\/baixada\/o-dia-da-mulher-nao-e-homenagem-bonitinha\/","title":{"rendered":"O Dia da Mulher n\u00e3o \u00e9 homenagem bonitinha"},"content":{"rendered":"<div class=\"\">\n<div id=\"content\">\n<div id=\"content-core\">\n<div>\n<p>O Dia da Mulher n\u00e3o \u00e9 pra ser uma homenagem singela e bonitinha para as lindas mulheres sorridentes e fofinhas, ah, essas mulheres, t\u00e3o lindas e t\u00e3o geniosas, mas que os homens amam. \u00c9 um dia pra botar todas as quest\u00f5es que precisam ser debatidas em pauta, \u00e9 pra falar sobre a luta dos direitos da mulher, n\u00e3o sobre TPM e manicure. N\u00e3o \u00e9 pra ter um &#8220;tom leve&#8221;.<\/p>\n<p>Tom leve n\u00e3o combina com assunto s\u00e9rio, da\u00ed tantas manifesta\u00e7\u00f5es negativas a campanhas paternalistas. Algumas pessoas v\u00eam com aqueles papos de que as rea\u00e7\u00f5es s\u00e3o desproporcionais, que deixa disso, que n\u00e3o \u00e9 tanto assim, que \u00e9 frescura, que\u00a0\u00e9 exagero, que devemos tamb\u00e9m falar das mulheres &#8220;normais&#8221;.\u00a0<a class=\"external-link\" href=\"https:\/\/www.cartacapital.com.br\/sociedade\/dia-de-princesa\" target=\"_blank\" rel=\"noopener noreferrer\">Como se a \u00fanica agress\u00e3o que contasse fosse a f\u00edsica.<\/a>Como se a \u00fanica opress\u00e3o que valesse fosse a expl\u00edcita. Como se, por exemplo, um padr\u00e3o de beleza massacrante tamb\u00e9m n\u00e3o fosse uma forma de opress\u00e3o.<\/p>\n<p>Entendo que para as pessoas menos familiarizadas com o feminismo algumas coisas possam parecer exagero. J\u00e1 fui assim tamb\u00e9m. Achava algumas rea\u00e7\u00f5es exacerbadas, motivadas por &#8220;bobagem&#8221;. A\u00ed eu descobri duas coisas: primeiro: n\u00e3o temos o direito de cagar regras sobre como algu\u00e9m se sente a respeito de algo. Segundo: nenhuma rea\u00e7\u00e3o \u00e9 exacerbada quando se trata de quebrar um paradigma milenar. Cada minicoisinha conta.<\/p>\n<p>Cada reclamadinha que a gente d\u00e1 pode gerar questionamento em algu\u00e9m &#8211; apesar de gerar chacota dos que nunca sentiram na pele o que a mulher passa e, por serem incapazes de empatia, minimizam qualquer manifesta\u00e7\u00e3o com o\u00a0<a class=\"external-link\" href=\"https:\/\/www.cartacapital.com.br\/as-feministas-e-que-sao-chatas-1989.html\" target=\"_blank\" rel=\"noopener noreferrer\">papinho da feminista hist\u00e9rica<\/a>. Querem uma feminista mansa, que n\u00e3o fale alto, que n\u00e3o incomode e fique no seu lugarzinho. N\u00e3o, n\u00e9?<\/p>\n<p>O dia 8 de Mar\u00e7o \u00e9 importante pelo simples motivo de que a mulher ainda \u00e9 oprimida. O dia em que formos realmente tratadas como iguais poderemos transformar o dia em uma comemora\u00e7\u00e3o, mas, por enquanto, ainda \u00e9 um dia para abrir os olhos da galera que prefere n\u00e3o saber, por exemplo, que sete de cada dez mulheres ser\u00e3o agredidas ao longo da vida &#8211; este \u00e9 um dado da ONU &#8211; e que essas mulheres n\u00e3o est\u00e3o longe.<\/p>\n<p>A viol\u00eancia acontece no seu pr\u00e9dio. Na sua rua. Pode ser que aconte\u00e7a na sua fam\u00edlia, com a sua sobrinha, sua vizinha, sua colega de trabalho, sua chefe, a chefe de sua chefe, uma ju\u00edza, enfim. Pode ser que aconte\u00e7a com voc\u00ea. Viol\u00eancia contra a mulher n\u00e3o escolhe classe social. E\u00a0<a class=\"external-link\" href=\"https:\/\/www.cartacapital.com.br\/opinioes-5314.html\" target=\"_blank\" rel=\"noopener noreferrer\">a viol\u00eancia acontece porque ainda vivemos sob o patriarcado<\/a>, onde a mulher est\u00e1 abaixo do homem. Sim, conquistamos muitas coisas, mas ainda n\u00e3o chegamos nem perto de realmente reestruturar o funcionamento da sociedade para que seja igualit\u00e1ria e justa.<\/p>\n<p>Temos um longo caminho pela frente.<\/p>\n<p>Enorme.<\/p>\n<p>Milhares de anos precisando de desconstru\u00e7\u00e3o e reconstru\u00e7\u00e3o.<\/p>\n<p>Milhares de paradigmas incrustados em nossas cabe\u00e7as.<\/p>\n<p>Milhares de estere\u00f3tipos para quebrar.<\/p>\n<p>Anos e anos e anos e anos de viol\u00eancia suportada em sil\u00eancio pra gritar.<\/p>\n<p>\u00a0<\/p>\n<p><i>*Originalmente publicado em\u00a0<a class=\"external-link\" href=\"http:\/\/claraaverbuck.com.br\/\" target=\"_blank\" rel=\"noopener noreferrer\">claraaverbuck.com.br<\/a><\/i><\/p>\n<p>\u00a0<\/p>\n<p><strong>FONTE: Carta Capital<\/strong><\/p>\n<\/div>\n<div class=\"newsview\">\u00a0<\/div>\n<\/div>\n<div id=\"viewlet-below-content-body\">\u00a0<\/div>\n<\/div>\n<\/div>\n<div id=\"viewlet-below-content\">\u00a0<\/div>\n","protected":false},"excerpt":{"rendered":"<p>O Dia da Mulher n\u00e3o \u00e9 pra ser uma homenagem singela e bonitinha para as lindas mulheres sorridentes e fofinhas, ah, essas mulheres, t\u00e3o lindas e t\u00e3o geniosas, mas que os homens amam. \u00c9 um dia pra botar todas as quest\u00f5es que precisam ser debatidas em pauta, \u00e9 pra falar sobre a luta dos direitos [&hellip;]<\/p>\n","protected":false},"author":2,"featured_media":3946,"comment_status":"","ping_status":"","sticky":false,"template":"","format":"standard","meta":{"footnotes":""},"categories":[3],"tags":[],"class_list":["post-3947","post","type-post","status-publish","format-standard","has-post-thumbnail","hentry","category-noticias"],"_links":{"self":[{"href":"https:\/\/hostnetart.com.br\/baixada\/wp-json\/wp\/v2\/posts\/3947","targetHints":{"allow":["GET"]}}],"collection":[{"href":"https:\/\/hostnetart.com.br\/baixada\/wp-json\/wp\/v2\/posts"}],"about":[{"href":"https:\/\/hostnetart.com.br\/baixada\/wp-json\/wp\/v2\/types\/post"}],"author":[{"embeddable":true,"href":"https:\/\/hostnetart.com.br\/baixada\/wp-json\/wp\/v2\/users\/2"}],"replies":[{"embeddable":true,"href":"https:\/\/hostnetart.com.br\/baixada\/wp-json\/wp\/v2\/comments?post=3947"}],"version-history":[{"count":0,"href":"https:\/\/hostnetart.com.br\/baixada\/wp-json\/wp\/v2\/posts\/3947\/revisions"}],"wp:featuredmedia":[{"embeddable":true,"href":"https:\/\/hostnetart.com.br\/baixada\/wp-json\/wp\/v2\/media\/3946"}],"wp:attachment":[{"href":"https:\/\/hostnetart.com.br\/baixada\/wp-json\/wp\/v2\/media?parent=3947"}],"wp:term":[{"taxonomy":"category","embeddable":true,"href":"https:\/\/hostnetart.com.br\/baixada\/wp-json\/wp\/v2\/categories?post=3947"},{"taxonomy":"post_tag","embeddable":true,"href":"https:\/\/hostnetart.com.br\/baixada\/wp-json\/wp\/v2\/tags?post=3947"}],"curies":[{"name":"wp","href":"https:\/\/api.w.org\/{rel}","templated":true}]}}